{"id":501,"date":"2012-06-23T20:54:25","date_gmt":"2012-06-23T20:54:25","guid":{"rendered":""},"modified":"-0001-11-30T00:00:00","modified_gmt":"-0001-11-29T22:00:00","slug":"","status":"publish","type":"post","link":"http:\/\/www.chapelle-crecy.com\/?p=501","title":{"rendered":"Annonces de la semaine du 25 juin au 1er juillet 2012"},"content":{"rendered":"<table bgcolor =\"F0FAFF\" border=0>\n<tbody>\n<tr>\n<td>\n<div align=\"justify\">\n<div \"434\">Voici les annonces de la semaine du lundi 25 juin au dimanche 1er juillet 2012 pour la paroisse des 3 clochers Cr\u00e9cy-la-Chapelle, Villiers-sur-Morin, Voulangis.<br \/>\nSamedi 30 \u00e0\u00a0 18h30 : messe \u00e0\u00a0 Voulangis &#8211; Dimanche 1er \u00e0\u00a0 10h30 messe \u00e0\u00a0 l&rsquo;\u00e9glise St Georges de Cr\u00e9cy<br \/> Tous les d\u00e9tails dans la suite &#8230; <\/div>\n<\/div>\n<\/td>\n<\/tr>\n<\/tbody>\n<\/table>\n<table bgcolor =\"F0F6FF\" border=0>\n<tbody>\n<tr>\n<td width=\"20%\"><font color=\"00CC00\">Lundi 25 juin<\/font><\/td>\n<td><font color=\"00CC00\">14h30  R\u00e9union de l&rsquo;Equipe du Rosaire chez Madame LOUIS.<\/font><\/td>\n<td><font color=\"00CC00\">17h &#8211; Messe \u00e0 la maison de retraite.<\/font><\/td>\n<\/tr>\n<tr>\n<td><font color=\"802020\">Mardi 26 juin<font><\/td>\n<td><font color=\"802020\"><\/p>\n<div align=\"center\"><img decoding=\"async\" src=\"\/IMG\/gif\/cross.gif\"><\/div>\n<p><font><\/td>\n<td><font color=\"802020\">18 h &#8211; Messe \u00e0 Cr\u00e9cy pour Jacqueline VILLIE et Simone WAGNER.<\/font><\/td>\n<\/tr>\n<tr>\n<td><font color=\"0020FF\">Mercredi 27 juin<font><\/td>\n<td><font color=\"0020FF\">9 h  Messe \u00e0 Cr\u00e9cy pour Paulette et Lucien MOGUEZ.<\/font><\/td>\n<td><font color=\"0020FF\"><\/p>\n<div align=\"center\"><img decoding=\"async\" src=\"\/IMG\/gif\/coupes004.gif\"><\/div>\n<p><font><\/td>\n<\/tr>\n<tr>\n<td><font color=\"00CC00\">Jeudi 28 juin<font><\/td>\n<td><font color=\"00CC00\"><\/p>\n<div align=\"center\"><img decoding=\"async\" src=\"\/IMG\/jpg\/bible-1.jpg\" width=150><\/div>\n<p><font><\/td>\n<td><font color=\"00CC00\">18 h  Messe \u00e0 Cr\u00e9cy pour Marcel COTTARD et Odette CAROUGE.<\/font><\/td>\n<\/tr>\n<tr>\n<td><font color=\"802020\">Vendredi 29 juin<\/a><font><\/td>\n<td><font color=\"802020\">18 h  Messe \u00e0 Cr\u00e9cy pour Pierre BEAUMONT et Georges PICARD et Bapt\u00eame de M\u00e9lyna CABRERO.<\/font><\/td>\n<td><font color=\"802020\"><\/p>\n<div align=\"center\"><img decoding=\"async\" src=\"\/IMG\/gif\/bibles004.gif\"><\/div>\n<p><font><\/td>\n<\/tr>\n<tr>\n<td><font color=\"0020FF\">Samedi 30 juin<\/font><\/td>\n<td><font color=\"0020FF\">15 h &#8211; \u00e0 Cr\u00e9cy Mariage de K\u00e9vin CABRERO et M\u00e9laine MARCHAND.<br \/>16 h 30 &#8211; \u00e0 Cr\u00e9cy Mariage de Olivier HODGES et Louisa CERSON.<font><\/td>\n<td><font color=\"0020FF\">18 h 30 &#8211; \u00e0 Voulangis Messe pour Georges PAQUET et MarieLouise CARPANEDO.<\/font><\/td>\n<\/tr>\n<tr>\n<td><font color=\"00CC00\">Dimanche 1er juillet<font><\/td>\n<p><\/p>\n<td><font color=\"00CC00\">10h30 Messe \u00e0 l&rsquo;intention de Mr et Mme RONDEL.<br \/>Bapt\u00eame de Manon LEVEAUX et de Inaya GAUTTIE.<\/font><\/td>\n<td><font color=\"00CC00\"><\/p>\n<div align=\"center\"><img decoding=\"async\" src=\"\/IMG\/lieux\/stgeorges07.jpg\"  width=150>\n<\/div>\n<p><\/font><\/td>\n<\/tr>\n<\/tbody>\n<\/table>\n","protected":false},"excerpt":{"rendered":"<p>Voici les annonces de la semaine du lundi 25 juin au dimanche 1er juillet 2012 pour la paroisse des 3 clochers Cr\u00e9cy-la-Chapelle, Villiers-sur-Morin, Voulangis. Samedi 30 \u00e0\u00a0 18h30 : messe \u00e0\u00a0 Voulangis &#8211; Dimanche&#46;&#46;&#46;<\/p>\n","protected":false},"author":2,"featured_media":0,"comment_status":"open","ping_status":"open","sticky":false,"template":"","format":"standard","meta":{"footnotes":""},"categories":[],"tags":[],"class_list":["post-501","post","type-post","status-publish","format-standard","hentry"],"_links":{"self":[{"href":"http:\/\/www.chapelle-crecy.com\/index.php?rest_route=\/wp\/v2\/posts\/501","targetHints":{"allow":["GET"]}}],"collection":[{"href":"http:\/\/www.chapelle-crecy.com\/index.php?rest_route=\/wp\/v2\/posts"}],"about":[{"href":"http:\/\/www.chapelle-crecy.com\/index.php?rest_route=\/wp\/v2\/types\/post"}],"author":[{"embeddable":true,"href":"http:\/\/www.chapelle-crecy.com\/index.php?rest_route=\/wp\/v2\/users\/2"}],"replies":[{"embeddable":true,"href":"http:\/\/www.chapelle-crecy.com\/index.php?rest_route=%2Fwp%2Fv2%2Fcomments&post=501"}],"version-history":[{"count":0,"href":"http:\/\/www.chapelle-crecy.com\/index.php?rest_route=\/wp\/v2\/posts\/501\/revisions"}],"wp:attachment":[{"href":"http:\/\/www.chapelle-crecy.com\/index.php?rest_route=%2Fwp%2Fv2%2Fmedia&parent=501"}],"wp:term":[{"taxonomy":"category","embeddable":true,"href":"http:\/\/www.chapelle-crecy.com\/index.php?rest_route=%2Fwp%2Fv2%2Fcategories&post=501"},{"taxonomy":"post_tag","embeddable":true,"href":"http:\/\/www.chapelle-crecy.com\/index.php?rest_route=%2Fwp%2Fv2%2Ftags&post=501"}],"curies":[{"name":"wp","href":"https:\/\/api.w.org\/{rel}","templated":true}]}}