{"id":502,"date":"2012-06-30T11:50:34","date_gmt":"2012-06-30T11:50:34","guid":{"rendered":""},"modified":"-0001-11-30T00:00:00","modified_gmt":"-0001-11-29T22:00:00","slug":"","status":"publish","type":"post","link":"http:\/\/www.chapelle-crecy.com\/?p=502","title":{"rendered":"Horaires des messes du p\u00f4le de Meaux 2012"},"content":{"rendered":"<div align=\"justify\">Nous y voil\u00e0\u00a0 ! Enfin ! Ca y est ! C&rsquo;est l&rsquo;\u00e9t\u00e9, les vacances, le soleil, les bons moments entre amis et en famille, les randonn\u00e9es ! Depuis quelques mois, le soleil a \u00e9t\u00e9 capricieux, mais c&rsquo;est s\u00fbr, pendant cet \u00e9t\u00e9, il sera avec nous pour nous aider \u00e0\u00a0 profiter de la beaut\u00e9 de la nature, des joies de la plage ou de la splendeur de la montagne. Quoique vous fassiez, ou que vous alliez, toute l&rsquo;\u00e9quipe paroissiale vous souhaite donc un tr\u00e8s bel \u00e9t\u00e9 ! Et pour passer un temps estival encore plus beau, procurez-vous le dernier Echo de la Vall\u00e9e dans lequel vous trouverez des id\u00e9es de lieux spirituels en France, si vous souhaitez vous ressourcer. Durant l&rsquo;\u00e9t\u00e9, connectez-vous \u00e9galement sur votre site paroissial favori pour rester inform\u00e9, en temps r\u00e9el, sur l&rsquo;activit\u00e9 de la paroisse (Voir la vid\u00e9o ci-apr\u00e8s). De beaux articles sont en cours de pr\u00e9paration. En attendant la rentr\u00e9e, nous laissons \u00e0\u00a0 votre disposition le tableau des horaires des messes sur le secteur paroissial de Cr\u00e9cy et plus largement sur l&rsquo;ensemble du P\u00f4le missionnaire de Meaux. Restons les uns et les autres unis par la pri\u00e8re, o\u00f9 que nous soyions et quoique nous fassions !  Tr\u00e8s bel \u00e9t\u00e9 ! <\/div>\n<div align=\"center\"><img decoding=\"async\" src=\"\/IMG\/jpg\/EDV216.jpg\n\" width=400><\/div>\n<p> Dimanche 1er juillet: Messe \u00e0 l&rsquo;\u00e9glise St Georges de Cr\u00e9y \u00e0 10h30<br \/>\n Dimanche 8 juillet: Messe \u00e0 l&rsquo;\u00e9glise St Georges de Cr\u00e9y \u00e0 10h30<br \/>\n Dimanche 15 juillet: Messe \u00e0 l&rsquo;\u00e9glise St Georges de Cr\u00e9y \u00e0 10h30<br \/>\n Dimanche 22 juillet: Messe \u00e0 l&rsquo;\u00e9glise St Georges de Cr\u00e9y \u00e0 <span style=\"color: red;\">9h30<\/span><br \/>\n NB:<br \/>\n <span style=\"color: blue;\">veuillez noter, d&rsquo;ores et d\u00e9j\u00e0, que cette c\u00e9l\u00e9bration rev\u00eatira un caract\u00e8re particulier. En effet, une vingtaine d&rsquo;enfants viendront r\u00e9aliser, en fin de messe, une petite chor\u00e9graphie en l&rsquo;honneur de leurs saints patrons. Tous les enfants de la paroisse qui souhaiteraient se joindre \u00e0 eux seront les bienvenus et peuvent se faire conna \u00eetre en t\u00e9l\u00e9phonant au 06 52 28 28 02.<br \/>\n<\/span><br \/>\n Voici un petit aper\u00e7u du petit spectacle qui vous sera propos\u00e9 \u00e0 la fin de la messe du 22 juillet. Pour remercier les nombreux enfants pr\u00e9sents, nous organiserons \u00e0 l&rsquo;issue de la c\u00e9r\u00e9monie un pot de l&rsquo;amiti\u00e9:<\/p>\n<div align=\"center\"><iframe loading=\"lazy\" width=\"480\" height=\"360\" src=\"http:\/\/www.youtube.com\/embed\/gPm5VetCucc\" frameborder=\"0\" allowfullscreen><\/iframe><\/div>\n<p> Dimanche 29 juillet: Messe \u00e0 l&rsquo;\u00e9glise St Georges de Cr\u00e9y \u00e0 <span style=\"color: red;\">9h30<\/span><br \/>\n Retrouvez dans les fichiers ci-joints l&rsquo;ensemble complet des horaires des messes qui seront c\u00e9l\u00e9br\u00e9es sur tout le p\u00f4le missionnaire de Meaux, en juillet et en ao\u00fbt (cliquez sur les liens ci-dessous).<\/p>\n<p><a href=\"http:\/\/www.chapelle-crecy.com\/IMG\/jpg\/messes_juillet_2012.pdf\" target=\"_blank\"><b>Messes de Juillet<\/b><\/a><\/p>\n<p><a href=\"http:\/\/www.chapelle-crecy.com\/IMG\/jpg\/messes_aout_2012.pdf\" target=\"_blank\"><b>Messes de Aout<\/b><\/a><\/p>\n","protected":false},"excerpt":{"rendered":"<p>Nous y voil\u00e0\u00a0 ! Enfin ! Ca y est ! C&rsquo;est l&rsquo;\u00e9t\u00e9, les vacances, le soleil, les bons moments entre amis et en famille, les randonn\u00e9es ! Depuis quelques mois, le soleil a \u00e9t\u00e9&#46;&#46;&#46;<\/p>\n","protected":false},"author":2,"featured_media":0,"comment_status":"open","ping_status":"open","sticky":false,"template":"","format":"standard","meta":{"footnotes":""},"categories":[],"tags":[],"class_list":["post-502","post","type-post","status-publish","format-standard","hentry"],"_links":{"self":[{"href":"http:\/\/www.chapelle-crecy.com\/index.php?rest_route=\/wp\/v2\/posts\/502","targetHints":{"allow":["GET"]}}],"collection":[{"href":"http:\/\/www.chapelle-crecy.com\/index.php?rest_route=\/wp\/v2\/posts"}],"about":[{"href":"http:\/\/www.chapelle-crecy.com\/index.php?rest_route=\/wp\/v2\/types\/post"}],"author":[{"embeddable":true,"href":"http:\/\/www.chapelle-crecy.com\/index.php?rest_route=\/wp\/v2\/users\/2"}],"replies":[{"embeddable":true,"href":"http:\/\/www.chapelle-crecy.com\/index.php?rest_route=%2Fwp%2Fv2%2Fcomments&post=502"}],"version-history":[{"count":0,"href":"http:\/\/www.chapelle-crecy.com\/index.php?rest_route=\/wp\/v2\/posts\/502\/revisions"}],"wp:attachment":[{"href":"http:\/\/www.chapelle-crecy.com\/index.php?rest_route=%2Fwp%2Fv2%2Fmedia&parent=502"}],"wp:term":[{"taxonomy":"category","embeddable":true,"href":"http:\/\/www.chapelle-crecy.com\/index.php?rest_route=%2Fwp%2Fv2%2Fcategories&post=502"},{"taxonomy":"post_tag","embeddable":true,"href":"http:\/\/www.chapelle-crecy.com\/index.php?rest_route=%2Fwp%2Fv2%2Ftags&post=502"}],"curies":[{"name":"wp","href":"https:\/\/api.w.org\/{rel}","templated":true}]}}