{"id":505,"date":"2012-07-08T12:22:00","date_gmt":"2012-07-08T12:22:00","guid":{"rendered":""},"modified":"-0001-11-30T00:00:00","modified_gmt":"-0001-11-29T22:00:00","slug":"","status":"publish","type":"post","link":"http:\/\/www.chapelle-crecy.com\/?p=505","title":{"rendered":"Annonces de la semaine du 16 au 22 juillet 2012"},"content":{"rendered":"<p><u>Lundi 16 juillet : 17 h<\/u> &#8211; Messe \u00e0 la Maison de Retraite pour Jos\u00e9 DE ABREU.<br \/>\nIl n&rsquo;y aura pas de messe cette semaine.<br \/>\n<u>Dimanche 22 juillet : 9 h 30<\/u>  Messe pour Sarah MOURGUES et  Janine PERICHON.<br \/>Bapt\u00eame de Evan FURCY.<\/p>\n<div align=\"justify\">Une vingtaine d&rsquo;enfants viendront r\u00e9aliser, en fin de messe, une petite chor\u00e9graphie en l&rsquo;honneur de leurs saints patrons. Tous les enfants de la paroisse qui souhaiteraient se joindre \u00e0 eux seront les bienvenus et peuvent se faire conna \u00eetre en t\u00e9l\u00e9phonant au 01.64.63.08.04.<\/div>\n","protected":false},"excerpt":{"rendered":"<p>Lundi 16 juillet : 17 h &#8211; Messe \u00e0 la Maison de Retraite pour Jos\u00e9 DE ABREU. Il n&rsquo;y aura pas de messe cette semaine. Dimanche 22 juillet : 9 h 30 Messe pour&#46;&#46;&#46;<\/p>\n","protected":false},"author":2,"featured_media":0,"comment_status":"open","ping_status":"open","sticky":false,"template":"","format":"standard","meta":{"footnotes":""},"categories":[],"tags":[],"class_list":["post-505","post","type-post","status-publish","format-standard","hentry"],"_links":{"self":[{"href":"http:\/\/www.chapelle-crecy.com\/index.php?rest_route=\/wp\/v2\/posts\/505","targetHints":{"allow":["GET"]}}],"collection":[{"href":"http:\/\/www.chapelle-crecy.com\/index.php?rest_route=\/wp\/v2\/posts"}],"about":[{"href":"http:\/\/www.chapelle-crecy.com\/index.php?rest_route=\/wp\/v2\/types\/post"}],"author":[{"embeddable":true,"href":"http:\/\/www.chapelle-crecy.com\/index.php?rest_route=\/wp\/v2\/users\/2"}],"replies":[{"embeddable":true,"href":"http:\/\/www.chapelle-crecy.com\/index.php?rest_route=%2Fwp%2Fv2%2Fcomments&post=505"}],"version-history":[{"count":0,"href":"http:\/\/www.chapelle-crecy.com\/index.php?rest_route=\/wp\/v2\/posts\/505\/revisions"}],"wp:attachment":[{"href":"http:\/\/www.chapelle-crecy.com\/index.php?rest_route=%2Fwp%2Fv2%2Fmedia&parent=505"}],"wp:term":[{"taxonomy":"category","embeddable":true,"href":"http:\/\/www.chapelle-crecy.com\/index.php?rest_route=%2Fwp%2Fv2%2Fcategories&post=505"},{"taxonomy":"post_tag","embeddable":true,"href":"http:\/\/www.chapelle-crecy.com\/index.php?rest_route=%2Fwp%2Fv2%2Ftags&post=505"}],"curies":[{"name":"wp","href":"https:\/\/api.w.org\/{rel}","templated":true}]}}