{"id":509,"date":"2012-07-22T21:44:46","date_gmt":"2012-07-22T21:44:46","guid":{"rendered":""},"modified":"-0001-11-30T00:00:00","modified_gmt":"-0001-11-29T22:00:00","slug":"","status":"publish","type":"post","link":"http:\/\/www.chapelle-crecy.com\/?p=509","title":{"rendered":"Danser pour Toi Seigneur"},"content":{"rendered":"<div align=\"justify\">Aujourd&rsquo;hui, dimanche matin, la messe \u00e9tait c\u00e9l\u00e9br\u00e9e par le P\u00e8re Marjou, notre ancien pr\u00eatre r\u00e9f\u00e9rent du secteur de Cr\u00e9cy. Mais, la particularit\u00e9 de cette belle c\u00e9l\u00e9bration de 9h30, c&rsquo;est bien ces danses que nous ont offertes ces adolescentes, agitant des foulards de couleur, en guise de chant final, joyeux, color\u00e9, inhabituel ! La messe s&rsquo;est donc cl tur\u00e9e avec des paroissiens qui tapaient dans les mains. Une paroissienne qui se tenait \u00e0\u00a0 c t\u00e9 de moi m&rsquo;a dit en souriant: \u00ab\u00a0Oh ! cela fait du bien !\u00a0\u00bb  <\/div>\n<div align=\"justify\">\nEn plein coeur de l&rsquo;\u00e9t\u00e9, nos habitudes changent. Par rapport \u00e0 nos pratiques dans le courant de l&rsquo;ann\u00e9e, prier peut \u00eatre, pour nous, un combat, pendant ce temps de vacances. Et pourtant, la pri\u00e8re nous transforme pour faire de nous un \u00eatre de relation, un partenaire de Dieu, un individu qu&rsquo;il veut combler d&rsquo;une mani\u00e8re unique, qu&rsquo;il veut traiter en fils bien-aim\u00e9. Pourquoi donc prier nous est-il si difficile?<br \/>\n Or, nous avons fait connaissance avec sept jeunes filles, en vacances \u00e0 Montbarbin, qui, elles, ne se posent pas la question. Elles ont accept\u00e9 de venir danser pour Dieu \u00e0 la fin de la messe de ce dimanche.<span style=\"color: blue;\">\u00ab\u00a0Pour nous, danser est une forme de pri\u00e8re plus accessible. Nous offrons ces pri\u00e8res \u00e0 Dieu entre cousines, ce qui nous aide \u00e0 nous rapprocher les unes des autres. En plus, c&rsquo;est tr\u00e8s amusant de danser ensemble\u00a0\u00bb, <\/span>nous confiaient-elles, pendant le pot de l&rsquo;amiti\u00e9 qui a suivi ce temps de louange. Dans leur maison familiale, chez leurs grands-parents, cette petite troupe de jeunes danseuses, entra \u00een\u00e9es par B\u00e9atrice ne se font pas prier; apr\u00e8s quelques heures d&rsquo;entrainement et de r\u00e9p\u00e9tition, sur les musiques de:<br \/>\n  \u00ab\u00a0Viens saint Esprit\u00a0\u00bb (chant compos\u00e9 par Vincent Buisset),<br \/>\n \u00ab\u00a0la cath\u00e9drale\u00a0\u00bb (chant du MEJ),<br \/>\n \u00ab\u00a0Couronn\u00e9e d&rsquo;\u00e9toiles\u00a0\u00bb (chant de l&rsquo;Emmanuel chant\u00e9 par Sylvie Buisset),<br \/>\n c&rsquo;est avec beaucoup de joie et de d\u00e9termination que ces jeunes filles ont d\u00e9cid\u00e9s d&rsquo;entra \u00eener nos \u00e2mes dans un mouvement vers Dieu par des gestes de louange. <span style=\"color: blue;\">\u00ab\u00a0Gr\u00e2ce \u00e0 ces danses, nous nous sentons plus proches de Dieu, ce qui nous aide dans notre vie spirituelle et quotidienne.\u00a0\u00bb<\/span> insistent-elles.<br \/>\n Avec un si bel \u00e9tat d&rsquo;esprit, voici donc ce que nous ont offert ce matin, vers 10h30 \u00e0 l&rsquo;\u00e9glise St Georges de Cr\u00e9cy, les sept cousines de Montbarbin:<\/p>\n<div align=\"center\">\n [<iframe loading=\"lazy\" width=\"420\" height=\"315\" src=\"http:\/\/www.youtube.com\/embed\/Z6zaHvRjQtM\" frameborder=\"0\" allowfullscreen><\/iframe>-><iframe loading=\"lazy\" width=\"420\" height=\"315\" src=\"http:\/\/www.youtube.com\/embed\/Z6zaHvRjQtM\" frameborder=\"0\" allowfullscreen><\/iframe>]<\/div>\n<div align=\"center\">Prise de vue r\u00e9alis\u00e9e par Marc Calonne et Jo\u00ebl<\/div>\n<div align=\"center\">Montage vid\u00e9o: Cyrille Lahaille<\/div>\n<p>  Parole des chants gestu\u00e9s par la petite troupe:  <\/p>\n<p>Viens Saint Esprit <\/p>\n<p>                1 &#8211; Viens Saint Esprit, viens par ton vent,<br \/>\n                Remplir le temple que je suis,<br \/>\n                Oh viens Saint Esprit, souffle puissant,<br \/>\n                Brise d&rsquo;amour, courant de vie,<\/p>\n<p>                Souffle sur moi, souffle (bis)<br \/>\n                Souffle sur moi, souffle vent de Dieu.<\/p>\n<p>                2 &#8211; Viens Saint Esprit, viens par ta pluie,<br \/>\n                Mouiller la terre que je suis,<br \/>\n                Oh viens Saint Esprit, flot imp\u00e9tueux,<br \/>\n                Source d&rsquo;amour, fleuve de vie,<\/p>\n<p>                Coule sur moi, coule, (bis)<br \/>\n                Coule sur moi, coule pluie de Dieu.<\/p>\n<p>                3 &#8211; Viens Saint Esprit, viens par ton feu,<br \/>\n                Br\u00fbler l&rsquo;offrande que je suis,<br \/>\n                Oh viens Saint Esprit, feu d\u00e9vorant,<br \/>\n                Brasier d&rsquo;amour, flamme de vie,<\/p>\n<p>                Embrase-moi, br\u00fble, (bis)<br \/>\n                Embrase-moi, br\u00fble feu de Dieu.<\/p>\n<p>Que chaque enfant porte sa pierre (une cath\u00e9drale)<\/p>\n<p>QUE CHAQUE ENFANT PORTE SA PIERRE<br \/>\nAU CHANTIER DE LA MAISON DU PERE<br \/>\nUNE CATHEDRALE S&rsquo;ELEVE VERS LE CIEL<\/p>\n<p>Ce Dieu qui descend dans nos vies<br \/>\nDe libert\u00e9 il est \u00e9pris<br \/>\nChacun est homme \u00e0 sa mani\u00e8re<br \/> <br \/>\nPour servir Dieu comme un ami<br \/>\nC&rsquo;est dans le coeur des simples gens<br \/> <br \/>\nQu&rsquo;il vient s&rsquo;asseoir naturellement<br \/>\nCeux qui accueillent sans condition<br \/> <br \/>\nQui ont le sourire en avant<\/p>\n<p>Que tu sois meneur ou men\u00e9<br \/> <br \/>\nAux vues de notre soci\u00e9t\u00e9<br \/>\nIl y a toujours un horizon<br \/> <br \/>\nUn printemps \u00e0 faire \u00e9clater<br \/>\nLes talents que tu as re\u00e7us<br \/> <br \/>\nUn coffre d&rsquo;or ou trois \u00e9cus<br \/>\nAutant d&rsquo;amour \u00e0 fructifier<br \/> <br \/>\nA faire valoir aux coins des rues<\/p>\n<p>Chacun de nous est invit\u00e9<br \/>\nA marcher vers la saintet\u00e9<br \/>\nEt tous les saints de notre histoire<br \/>\nOnt mis l&rsquo;amour en primaut\u00e9<br \/>\nLe ciment qui unit nos pierres<br \/>\nR\u00e9siste au plus dur de l&rsquo;hiver<br \/>\nL&rsquo;amiti\u00e9 vers\u00e9e sans mesure<br \/>\nDevient semence pour la terre<\/p>\n<p>Les pierres pr\u00e9cieuses du pardon<br \/>\nPourront servir aux fondations<br \/>\nElles sont les bases pour b\u00e2tir<br \/>\nPour s&rsquo;\u00e9lever et tenir bon<br \/>\nPour ceux qui ne le savent point<br \/>\nIl y a des pierres en tous terrains<br \/>\nM\u00eame si l&rsquo;on doit creuser profond<br \/>\nJamais personne ne cherche en vain<\/p>\n<p> Couronn\u00e9e d&rsquo;\u00e9toiles <\/p>\n<p>Nous te saluons,<br \/>\n toi notre Dame<br \/>\nMarie, Vierge Sainte que drape le soleil<br \/>\nCouronn\u00e9e d&rsquo;\u00e9toiles, la lune est sous tes pas<br \/>\nEn toi nous est donn\u00e9e<br \/>\nL&rsquo;aurore du Salut<\/p>\n<p>1 &#8211; Marie Eve nouvelle et joie de ton Seigneur,<br \/>\nTu as donn\u00e9 naissance \u00e0 J\u00e9sus le sauveur.<br \/>\nPar toi nous sont ouvertes, les portes du jardin<br \/>\nGuide-nous en chemin, \u00e9toile du matin.<\/p>\n<p>2 &#8211; Tu es rest\u00e9e fid\u00e8le, m\u00e8re au pied de la croix,<br \/>\nSoutiens notre esp\u00e9rance et garde notre foi.<br \/>\nDu c\u00f4t\u00e9 de ton fils, tu as puis\u00e9 pour nous,<br \/>\nL&rsquo;eau et le sang vers\u00e9s qui sauvent du p\u00e9ch\u00e9.<\/p>\n<p>3 &#8211; Quelle fut la joie d&rsquo;Eve lorsque tu es mont\u00e9e,<br \/>\nPlus haut que tous les anges, plus haut que les nu\u00e9es,<br \/>\nEt quelle est notre joie, douce Vierge Marie<br \/>\nDe contempler en toi la promesse de vie.<\/p>\n<p>4 &#8211;  Vierge immacul\u00e9e, pr\u00e9serv\u00e9e du p\u00e9ch\u00e9,<br \/>\nEn ton \u00e2me en ton corps, tu entres dans les cieux<br \/>\nEmport\u00e9e dans la gloire, sainte reine des cieux,<br \/>\nTu nous accueilleras, un jour aupr\u00e8s de Dieu.<\/p>\n<p>Symbolisme gestuel du signe de croix<br \/>\nPour entrer dans la divine liturgie, tra\u00e7ons avec sobri\u00e9t\u00e9, lenteur, int\u00e9riorit\u00e9, vigilance et attention \u00e0 Dieu le signe de Croix dont nous allons vivre le myst\u00e8re.<br \/>\n Au nom du P\u00e8re, on se rel\u00e8ve, on accueille la vie, on inspire en se laissant emplir le soufflez que Dieu mit en nos narines.<br \/>\n La main descend pour tracer sur l&rsquo;orant une ligne verticale \u00e9voquant: la pluie du ciel pour f\u00e9conder la terre, la venue de l&rsquo;\u00e8re nouvelle pour f\u00e9conder la gr\u00e2ce, la descente et l&rsquo;incarnation du Fils qui se fit serviteur.<br \/>\n Au nom du Fils, avec le Fils, on s&rsquo;abandonne, on se vide, en expirant on redonne le souffle avec confiance.<br \/>\n Au nom du Saint Esprit, la verticalit\u00e9 spirituelle lave, purifie, f\u00e9conde les r\u00e9alit\u00e9s de l&rsquo;incarnation en passant par le lieu du coeur.<br \/>\n Amen.<br \/>\n Extrait du livre \u00ab\u00a0Vivre l&rsquo;Eucharistie de tout son \u00eatre\u00a0\u00bb<\/p>\n<\/div>\n","protected":false},"excerpt":{"rendered":"<p>Aujourd&rsquo;hui, dimanche matin, la messe \u00e9tait c\u00e9l\u00e9br\u00e9e par le P\u00e8re Marjou, notre ancien pr\u00eatre r\u00e9f\u00e9rent du secteur de Cr\u00e9cy. Mais, la particularit\u00e9 de cette belle c\u00e9l\u00e9bration de 9h30, c&rsquo;est bien ces danses que nous&#46;&#46;&#46;<\/p>\n","protected":false},"author":2,"featured_media":0,"comment_status":"open","ping_status":"open","sticky":false,"template":"","format":"standard","meta":{"footnotes":""},"categories":[],"tags":[],"class_list":["post-509","post","type-post","status-publish","format-standard","hentry"],"_links":{"self":[{"href":"http:\/\/www.chapelle-crecy.com\/index.php?rest_route=\/wp\/v2\/posts\/509","targetHints":{"allow":["GET"]}}],"collection":[{"href":"http:\/\/www.chapelle-crecy.com\/index.php?rest_route=\/wp\/v2\/posts"}],"about":[{"href":"http:\/\/www.chapelle-crecy.com\/index.php?rest_route=\/wp\/v2\/types\/post"}],"author":[{"embeddable":true,"href":"http:\/\/www.chapelle-crecy.com\/index.php?rest_route=\/wp\/v2\/users\/2"}],"replies":[{"embeddable":true,"href":"http:\/\/www.chapelle-crecy.com\/index.php?rest_route=%2Fwp%2Fv2%2Fcomments&post=509"}],"version-history":[{"count":0,"href":"http:\/\/www.chapelle-crecy.com\/index.php?rest_route=\/wp\/v2\/posts\/509\/revisions"}],"wp:attachment":[{"href":"http:\/\/www.chapelle-crecy.com\/index.php?rest_route=%2Fwp%2Fv2%2Fmedia&parent=509"}],"wp:term":[{"taxonomy":"category","embeddable":true,"href":"http:\/\/www.chapelle-crecy.com\/index.php?rest_route=%2Fwp%2Fv2%2Fcategories&post=509"},{"taxonomy":"post_tag","embeddable":true,"href":"http:\/\/www.chapelle-crecy.com\/index.php?rest_route=%2Fwp%2Fv2%2Ftags&post=509"}],"curies":[{"name":"wp","href":"https:\/\/api.w.org\/{rel}","templated":true}]}}