{"id":512,"date":"2012-08-17T17:24:58","date_gmt":"2012-08-17T17:24:58","guid":{"rendered":""},"modified":"-0001-11-30T00:00:00","modified_gmt":"-0001-11-29T22:00:00","slug":"","status":"publish","type":"post","link":"http:\/\/www.chapelle-crecy.com\/?p=512","title":{"rendered":"Notre-Dame de Verdelais"},"content":{"rendered":"<div align=\"justify\">La France compte de nombreux lieux de p\u00e8lerinages souvent mal connus du public. Verdelais, en Gironde, c\u00e9l\u00e8bre cette ann\u00e9e ses 900 ans de d\u00e9votions \u00e0\u00a0 la vierge Marie. Une occasion de faire partager ce lieu o\u00f9 tant de p\u00e8lerins sont venus et viennent encore prier et se ressourcer.<br \/>\nL&rsquo;histoire de Verdelais commence au d\u00e9but du XII\u00e8me si\u00e8cle. Quelques ann\u00e9es plus t\u00f4t, en 1095, le pape Urbain II lance la premi\u00e8re croisade en Terre Sainte.<br \/>\nLe chevalier G\u00e9raud de Graves, originaire de Saint-Macaire, en Gironde, y participe &#8230;<\/div>\n<div align=\"justify\">\n Au cours d&rsquo;un combat p\u00e9rilleux dont il r\u00e9chappe, il fait voeu d&rsquo;\u00e9lever une chapelle en l&rsquo;honneur de la Vierge Marie. Ce qu&rsquo;il fera \u00e0 son retour en 1112.<br \/>\n Il \u00e9difie une chapelle et y place une statue de la Vierge. On dit qu&rsquo;il l&rsquo;a rapport\u00e9e de Terre Sainte, voire sculpt\u00e9e de sa main. G\u00e9raud vit l\u00e0 en ermite jusqu&rsquo;\u00e0 sa mort, en 1159.<br \/>\n Pr\u00e8s de la chapelle coule une source : on a attribu\u00e9 des vertus miraculeuses \u00e0 son eau.<\/p>\n<p> 1160. Amadieu, Seigneur de Saint-Macaire et ami de G\u00e9raud, fait appel aux moines Grandmontains, du Limousin, pour poursuivre l&rsquo;oeuvre mariale de l&rsquo;ermite. Ces moines resteront \u00e0 Verdelais jusqu&rsquo;en 1604. <\/p>\n<p> 1627. Le Cardinal de Sourdis confie \u00e0 d&rsquo;autres moines, les C\u00e9lestins, la charge du Sanctuaire. Ils entreprennent de grands travaux de restauration, d&rsquo;agrandissement et d&#8217;embellissement, dans le style baroque. Ils construisent un nouveau monast\u00e8re. En 1779, le roi Louis XV supprime l&rsquo;ordre des C\u00e9lestins. La communaut\u00e9 quitte donc Verdelais. Seul le P\u00e8re Ricard reste, qui assure une pr\u00e9sence efficace, officielle ou clandestine, jusqu&rsquo;\u00e0 sa mort, en 1800.<\/p>\n<p> En 1836. Les P\u00e8res Maristes s&rsquo;installent \u00e0 Verdelais et entreprennent de grands travaux, et redonnent vie et dynamisme au sanctuaire.<br \/>\nL&rsquo;\u00e9glise s&rsquo;agrandit par la construction de deux nefs lat\u00e9rales, un clocher s&rsquo;\u00e9l\u00e8ve, un chemin de croix monumental monte sur la colline de Cussol que dominera un Calvaire.  <\/p>\n<p> En 1990. Les religieux Passionistes  prennent leur suite, jusqu&rsquo;en 2007.<\/p>\n<p> En 2007, le Cardinal Jean-Pierre Ricard, archev\u00eaque de Bordeaux, fait venir \u00e0 Verdelais une communaut\u00e9 de religieux Marianistes, congr\u00e9gation fond\u00e9e \u00e0 Bordeaux en 1817 par le P\u00e8re Guillaume-Joseph Chaminade (1761-1850), lui-m\u00eame miracul\u00e9 de Verdelais&#8230;<\/p>\n<\/div>\n<div align=\"center\"><img decoding=\"async\" src=\"\/IMG\/reportages\/verdelais\/01.jpg\" width=400><br \/>La basilique de Verdelais et la place du village<\/div>\n<p> <\/p>\n<div align=\"center\"><img decoding=\"async\" src=\"\/IMG\/reportages\/verdelais\/02.jpg\" width=400><br \/>Une \u00e9glise toute d\u00e9di\u00e9e \u00e0 Marie dont la statue domine le village<\/div>\n<p> <\/p>\n<div align=\"center\"><img decoding=\"async\" src=\"\/IMG\/reportages\/verdelais\/04.jpg\" width=400><br \/>\n<br \/>Les 900 ans de Verdelais ont \u00e9t\u00e9 f\u00eat\u00e9s cette ann\u00e9e.<\/div>\n<p><\/p>\n<div align=\"center\"><img decoding=\"async\" src=\"\/IMG\/reportages\/verdelais\/05.jpg\" width=400><\/div>\n<p><\/p>\n<div align=\"center\"><img decoding=\"async\" src=\"\/IMG\/reportages\/verdelais\/06.jpg\" width=400><br \/>La chapelle de Marie<\/div>\n<p><\/p>\n<div align=\"center\"><img decoding=\"async\" src=\"\/IMG\/reportages\/verdelais\/07.jpg\" width=450><\/div>\n<p><\/p>\n<div align=\"center\"><img decoding=\"async\" src=\"\/IMG\/reportages\/verdelais\/08.jpg\" width=450><\/div>\n<p><\/p>\n<div align=\"center\"><img decoding=\"async\" src=\"\/IMG\/reportages\/verdelais\/09.jpg\" width=450><br \/>Les reconnaissances \u00e0 Marie pour gu\u00e9risons et autres miracles se comptent par centaines<\/div>\n<p><\/p>\n<div align=\"center\"><img decoding=\"async\" src=\"\/IMG\/reportages\/verdelais\/12.jpg\" width=450><br \/>La statue de Marie au choeur de la basilique<\/div>\n<p><\/p>\n<div align=\"center\"><img decoding=\"async\" src=\"\/IMG\/reportages\/verdelais\/13.jpg\" height=450><img decoding=\"async\" src=\"\/IMG\/reportages\/verdelais\/14.jpg\" height=450><br \/>Les vitraux retracent l&rsquo;histoire locale autour des miracles de Verdelais<\/div>\n<p><\/p>\n<div align=\"center\"><img decoding=\"async\" src=\"\/IMG\/reportages\/verdelais\/15.jpg\" width=400><br \/>Dans le cimeti\u00e8re voisin, le tombeau du peintre Toulouse-Lautrec<\/div>\n<p><\/p>\n<div align=\"center\"><img decoding=\"async\" src=\"\/IMG\/reportages\/verdelais\/18.jpg\" width=450><br \/>En route pour le chemin de croix<\/div>\n<p><\/p>\n<div align=\"center\"><img decoding=\"async\" src=\"\/IMG\/reportages\/verdelais\/17.jpg\" width=350><\/div>\n<p><\/p>\n<div align=\"center\"><img decoding=\"async\" src=\"\/IMG\/reportages\/verdelais\/16.jpg\" width=450><\/div>\n<p><\/p>\n<div align=\"center\"><img decoding=\"async\" src=\"\/IMG\/reportages\/verdelais\/19.jpg\" width=450><\/div>\n<p><\/p>\n<div align=\"center\"><img decoding=\"async\" src=\"\/IMG\/reportages\/verdelais\/20.jpg\" width=450><br \/>Le paysage que l&rsquo;on d\u00e9couvre au pied du calvaire nous rappelle qu&rsquo;on est en terres viticoles bordelaises. On a compt\u00e9 au moins 6 clochers \u00e0 l&rsquo;horizon, dont celui de Sainte-Croix-du-Mont, terroir d&rsquo;un vin blanc tr\u00e8s connu.<\/div>\n<p><\/p>\n<div align=\"center\"><img decoding=\"async\" src=\"\/IMG\/reportages\/verdelais\/21.jpg\" width=450><br \/>La photo-souvenir devant le calvaire<\/div>\n<p><\/p>\n<div align=\"center\"><img decoding=\"async\" src=\"\/IMG\/reportages\/verdelais\/23.jpg\" width=450><br \/>Redescente vers le village<\/div>\n<p><\/p>\n<div align=\"center\"><img decoding=\"async\" src=\"\/IMG\/reportages\/verdelais\/24.jpg\" width=500><br \/>A 500m du village, pr\u00e8s de cette source dite \u00e0 la mule du pape, eut lieu un miracle.<\/div>\n<p><b>La messe t\u00e9l\u00e9vis\u00e9e du dimanche 2 septembre 2012 a \u00e9t\u00e9 c\u00e9l\u00e9br\u00e9e en la basilique de Verdelais.<\/b><br \/>\nRevoir l&rsquo;\u00e9mission: <br \/>\n<iframe loading=\"lazy\" src=\"http:\/\/www.lejourduseigneur.com\/layout\/set\/embedPlayer?videoId=32641\" width=\"500\" height=\"300\" frameborder=\"1\"> <\/iframe><br \/>\n <br \/>\nVous pouvez consulter le site internet du sanctuaire, tout y est dit :<br \/>\n[http:\/\/www.sanctuaireverdelais.fr\/->http:\/\/www.sanctuaireverdelais.fr\/]<\/p>\n<p>A lire \u00e9galement :<br \/>\n<br \/>\n[http:\/\/www.viergeverdelais.blogspot.fr\/-> http:\/\/www.viergeverdelais.blogspot.fr\/]<br \/>\n<br \/>\n[http:\/\/verdelais.blogspot.fr\/->http:\/\/verdelais.blogspot.fr\/]<\/p>\n","protected":false},"excerpt":{"rendered":"<p>La France compte de nombreux lieux de p\u00e8lerinages souvent mal connus du public. Verdelais, en Gironde, c\u00e9l\u00e8bre cette ann\u00e9e ses 900 ans de d\u00e9votions \u00e0\u00a0 la vierge Marie. Une occasion de faire partager ce&#46;&#46;&#46;<\/p>\n","protected":false},"author":2,"featured_media":0,"comment_status":"open","ping_status":"open","sticky":false,"template":"","format":"standard","meta":{"footnotes":""},"categories":[],"tags":[],"class_list":["post-512","post","type-post","status-publish","format-standard","hentry"],"_links":{"self":[{"href":"http:\/\/www.chapelle-crecy.com\/index.php?rest_route=\/wp\/v2\/posts\/512","targetHints":{"allow":["GET"]}}],"collection":[{"href":"http:\/\/www.chapelle-crecy.com\/index.php?rest_route=\/wp\/v2\/posts"}],"about":[{"href":"http:\/\/www.chapelle-crecy.com\/index.php?rest_route=\/wp\/v2\/types\/post"}],"author":[{"embeddable":true,"href":"http:\/\/www.chapelle-crecy.com\/index.php?rest_route=\/wp\/v2\/users\/2"}],"replies":[{"embeddable":true,"href":"http:\/\/www.chapelle-crecy.com\/index.php?rest_route=%2Fwp%2Fv2%2Fcomments&post=512"}],"version-history":[{"count":0,"href":"http:\/\/www.chapelle-crecy.com\/index.php?rest_route=\/wp\/v2\/posts\/512\/revisions"}],"wp:attachment":[{"href":"http:\/\/www.chapelle-crecy.com\/index.php?rest_route=%2Fwp%2Fv2%2Fmedia&parent=512"}],"wp:term":[{"taxonomy":"category","embeddable":true,"href":"http:\/\/www.chapelle-crecy.com\/index.php?rest_route=%2Fwp%2Fv2%2Fcategories&post=512"},{"taxonomy":"post_tag","embeddable":true,"href":"http:\/\/www.chapelle-crecy.com\/index.php?rest_route=%2Fwp%2Fv2%2Ftags&post=512"}],"curies":[{"name":"wp","href":"https:\/\/api.w.org\/{rel}","templated":true}]}}