{"id":513,"date":"2012-08-14T11:02:01","date_gmt":"2012-08-14T11:02:01","guid":{"rendered":""},"modified":"-0001-11-30T00:00:00","modified_gmt":"-0001-11-29T22:00:00","slug":"","status":"publish","type":"post","link":"http:\/\/www.chapelle-crecy.com\/?p=513","title":{"rendered":"Mgr Jean-Yves Nahmias nomm\u00e9 \u00e9v\u00eaque de Meaux"},"content":{"rendered":"<div align=\"justify\">Nous souhaitons la bienvenue \u00e0\u00a0 notre nouvel \u00e9v\u00eaque de Meaux, Monseigneur Jean-Yves Nahmias.<br \/>\nCommuniqu\u00e9 de presse<br \/>\nParis, le jeudi 9 ao\u00fbt 2012<\/p>\n<p>Mgr Jean-Yves Nahmias nomm\u00e9 \u00e9v\u00eaque de Meaux<\/p>\n<p>Le jeudi 9 ao\u00fbt 2012, le Pape Beno\u00eet XVI, ayant accept\u00e9 la d\u00e9mission de Mgr Albert-Marie de Monl\u00e9on, a nomm\u00e9 Ev\u00eaque de Meaux, Mgr Jean-Yves Nahmias, jusqu&rsquo;\u00e0\u00a0 pr\u00e9sent \u00e9v\u00eaque auxiliaire de Paris.<\/p>\n<p>Mgr Albert-Marie de Monl\u00e9on est nomm\u00e9 Administrateur apostolique jusqu&rsquo;\u00e0\u00a0 la prise de possession canonique par son successeur, le dimanche 23 septembre 2012 \u00e0\u00a0 16h00 \u00e0\u00a0 la Cath\u00e9drale de Meaux. Il fera ses adieux aux dioc\u00e9sains de Meaux le dimanche 9 septembre \u00e0\u00a0 15h30 \u00e0\u00a0 la Cath\u00e9drale de Meaux.<br \/>\nConsulter le site [www.cef.fr->www.cef.fr]<br \/>\nRetrouvez dans le document ci-joint le parcours de notre nouvel \u00e9v\u00eaque, ainsi qu&rsquo;une interview r\u00e9alis\u00e9e par la cha\u00eene de t\u00e9l\u00e9vision catholique KTO.<\/p><\/div>\n<p>La vid\u00e9o qui pr\u00e9sente Mgr Jean-Yves Nahmias, notre nouvel \u00e9v\u00eaque du dioc\u00e8se de Meaux:<br \/>\n [http:\/\/newsletter77.blogspot.fr\/->http:\/\/newsletter77.blogspot.fr\/] <\/p>\n","protected":false},"excerpt":{"rendered":"<p>Nous souhaitons la bienvenue \u00e0\u00a0 notre nouvel \u00e9v\u00eaque de Meaux, Monseigneur Jean-Yves Nahmias. Communiqu\u00e9 de presse Paris, le jeudi 9 ao\u00fbt 2012 Mgr Jean-Yves Nahmias nomm\u00e9 \u00e9v\u00eaque de Meaux Le jeudi 9 ao\u00fbt 2012,&#46;&#46;&#46;<\/p>\n","protected":false},"author":2,"featured_media":0,"comment_status":"open","ping_status":"open","sticky":false,"template":"","format":"standard","meta":{"footnotes":""},"categories":[],"tags":[],"class_list":["post-513","post","type-post","status-publish","format-standard","hentry"],"_links":{"self":[{"href":"http:\/\/www.chapelle-crecy.com\/index.php?rest_route=\/wp\/v2\/posts\/513","targetHints":{"allow":["GET"]}}],"collection":[{"href":"http:\/\/www.chapelle-crecy.com\/index.php?rest_route=\/wp\/v2\/posts"}],"about":[{"href":"http:\/\/www.chapelle-crecy.com\/index.php?rest_route=\/wp\/v2\/types\/post"}],"author":[{"embeddable":true,"href":"http:\/\/www.chapelle-crecy.com\/index.php?rest_route=\/wp\/v2\/users\/2"}],"replies":[{"embeddable":true,"href":"http:\/\/www.chapelle-crecy.com\/index.php?rest_route=%2Fwp%2Fv2%2Fcomments&post=513"}],"version-history":[{"count":0,"href":"http:\/\/www.chapelle-crecy.com\/index.php?rest_route=\/wp\/v2\/posts\/513\/revisions"}],"wp:attachment":[{"href":"http:\/\/www.chapelle-crecy.com\/index.php?rest_route=%2Fwp%2Fv2%2Fmedia&parent=513"}],"wp:term":[{"taxonomy":"category","embeddable":true,"href":"http:\/\/www.chapelle-crecy.com\/index.php?rest_route=%2Fwp%2Fv2%2Fcategories&post=513"},{"taxonomy":"post_tag","embeddable":true,"href":"http:\/\/www.chapelle-crecy.com\/index.php?rest_route=%2Fwp%2Fv2%2Ftags&post=513"}],"curies":[{"name":"wp","href":"https:\/\/api.w.org\/{rel}","templated":true}]}}