{"id":515,"date":"2012-08-27T12:55:31","date_gmt":"2012-08-27T12:55:31","guid":{"rendered":""},"modified":"-0001-11-30T00:00:00","modified_gmt":"-0001-11-29T22:00:00","slug":"","status":"publish","type":"post","link":"http:\/\/www.chapelle-crecy.com\/?p=515","title":{"rendered":"Annonces de la semaine du 27 aout au 2 septembre 2012"},"content":{"rendered":"<table bgcolor =\"F0FAFF\" border=0>\n<tbody>\n<tr>\n<td>\n<div align=\"justify\">\n<div \"448\">Voici les annonces de la semaine du lundi 27 aout au dimanche 2 septembre 2012 pour la paroisse des 3 clochers Cr\u00e9cy-la-Chapelle, Villiers-sur-Morin, Voulangis.<br \/>\nSamedi 1er \u00e0\u00a0 18h30 : messe \u00e0\u00a0 Villiers &#8211; Dimanche 2 \u00e0\u00a0 10h30 messe \u00e0\u00a0 Cr\u00e9cy. <br \/> Tous les d\u00e9tails dans la suite &#8230; <\/div>\n<\/div>\n<\/td>\n<\/tr>\n<\/tbody>\n<\/table>\n<table bgcolor =\"F0F6FF\" border=0>\n<tbody>\n<tr>\n<td width=\"20%\"><font color=\"00CC00\">Lundi 27 aout<\/font><\/td>\n<td><font color=\"00CC00\">17 h  C\u00e9l\u00e9bration \u00e0 la Maison de Retraite.<\/font><\/td>\n<td><font color=\"00CC00\"><\/p>\n<div align=\"center\"><img decoding=\"async\" src=\"\/IMG\/jpg\/MR_Crecy.jpg\" width=150><\/div>\n<p><\/font><\/td>\n<\/tr>\n<tr>\n<td><font color=\"B02020\">Mardi 28 aout<font><\/td>\n<td><font color=\"B02020\"><\/p>\n<div align=\"center\"><img decoding=\"async\" src=\"\/IMG\/gif\/cross.gif\"><\/div>\n<p><font><\/td>\n<td><font color=\"B02020\">9 h &#8211; Messe \u00e0 Cr\u00e9cy pour Louise DELABRUYERE et Robert VALLEE.<\/font><\/td>\n<\/tr>\n<tr>\n<td><font color=\"0020FF\">Mercredi 29 aout<font><\/td>\n<td><font color=\"0020FF\">14 h 30 &#8211; R\u00e9union de l&rsquo;Association Lourdes-Cancer-Esp\u00e9rance \u00e0 la salle paroissiale.<\/font><\/td>\n<td><font color=\"0020FF\">18 h &#8211; Messe \u00e0 Cr\u00e9cy pour Christian DUSSOL et Jacqueline VILLIE.<font><\/td>\n<\/tr>\n<tr>\n<td><font color=\"00CC00\">Jeudi 30 aout<font><\/td>\n<td><font color=\"00CC00\"><\/p>\n<div align=\"center\"><img decoding=\"async\" src=\"\/IMG\/jpg\/bible-1.jpg\" width=150><\/div>\n<p><font><\/td>\n<td><font color=\"00CC00\">18 h  Messe \u00e0 Cr\u00e9cy pour Georges PICARD et Fabrice GAUTHIER.<\/font><\/td>\n<\/tr>\n<tr>\n<td><font color=\"B02020\">Vendredi 31 aout<font><\/td>\n<td><font color=\"B02020\">9 h &#8211; Messe \u00e0 Cr\u00e9cy pour Eric LAMBERT et Maurice MARTIN.<\/font><\/td>\n<td><font color=\"B02020\">15 h 30 &#8211; \u00e0 Cr\u00e9cy, obs\u00e8ques de Violette CHILLY<\/p>\n<p>17 h &#8211; R\u00e9union de rentr\u00e9e des Equipes du Rosaire \u00e0 l&rsquo;\u00e9glise St Georges.<font><\/td>\n<\/tr>\n<tr>\n<td><font color=\"0020FF\">Samedi 1er septembre<\/font><\/td>\n<td><font color=\"0020FF\">11 h  Messe \u00e0 Cr\u00e9cy pour la famille GORRET-MICHAUT.<\/p>\n<p>14 h 30 A la Coll\u00e9giale, mariage devRudy BERGAMASCHI et Pamella BOISSON.<br \/>\n<font><\/td>\n<td><font color=\"0020FF\">16 h  A la Coll\u00e9giale, mariage de Gr\u00e9goire BAUDRIER et Nathalie POPOSLI.<\/p>\n<p>18 h 30  Messe \u00e0  Villiers pour Robert et Raymonde GUILLAUMY.<\/font><\/td>\n<\/tr>\n<tr>\n<td><font color=\"00CC00\">Dimanche 2 septembre<font>\n<\/td>\n<p><\/p>\n<td><font color=\"00CC00\">10 h 30 &#8211; Messe \u00e0 Cr\u00e9cy anniversaire pour Jean APPINO ainsi que pour la famille BLAVIER-RONDEL.<br \/>\nBapt\u00eame de Julie MOYSE.<\/font><\/td>\n<td><font color=\"00CC00\"><\/p>\n<div align=\"center\"><img decoding=\"async\" src=\"\/IMG\/lieux\/stgeorges11.jpg\"  width=150>\n<\/div>\n<p><\/font><\/td>\n<\/tr>\n<\/tbody>\n<\/table>\n","protected":false},"excerpt":{"rendered":"<p>Voici les annonces de la semaine du lundi 27 aout au dimanche 2 septembre 2012 pour la paroisse des 3 clochers Cr\u00e9cy-la-Chapelle, Villiers-sur-Morin, Voulangis. Samedi 1er \u00e0\u00a0 18h30 : messe \u00e0\u00a0 Villiers &#8211; Dimanche&#46;&#46;&#46;<\/p>\n","protected":false},"author":2,"featured_media":0,"comment_status":"open","ping_status":"open","sticky":false,"template":"","format":"standard","meta":{"footnotes":""},"categories":[],"tags":[],"class_list":["post-515","post","type-post","status-publish","format-standard","hentry"],"_links":{"self":[{"href":"http:\/\/www.chapelle-crecy.com\/index.php?rest_route=\/wp\/v2\/posts\/515","targetHints":{"allow":["GET"]}}],"collection":[{"href":"http:\/\/www.chapelle-crecy.com\/index.php?rest_route=\/wp\/v2\/posts"}],"about":[{"href":"http:\/\/www.chapelle-crecy.com\/index.php?rest_route=\/wp\/v2\/types\/post"}],"author":[{"embeddable":true,"href":"http:\/\/www.chapelle-crecy.com\/index.php?rest_route=\/wp\/v2\/users\/2"}],"replies":[{"embeddable":true,"href":"http:\/\/www.chapelle-crecy.com\/index.php?rest_route=%2Fwp%2Fv2%2Fcomments&post=515"}],"version-history":[{"count":0,"href":"http:\/\/www.chapelle-crecy.com\/index.php?rest_route=\/wp\/v2\/posts\/515\/revisions"}],"wp:attachment":[{"href":"http:\/\/www.chapelle-crecy.com\/index.php?rest_route=%2Fwp%2Fv2%2Fmedia&parent=515"}],"wp:term":[{"taxonomy":"category","embeddable":true,"href":"http:\/\/www.chapelle-crecy.com\/index.php?rest_route=%2Fwp%2Fv2%2Fcategories&post=515"},{"taxonomy":"post_tag","embeddable":true,"href":"http:\/\/www.chapelle-crecy.com\/index.php?rest_route=%2Fwp%2Fv2%2Ftags&post=515"}],"curies":[{"name":"wp","href":"https:\/\/api.w.org\/{rel}","templated":true}]}}