{"id":516,"date":"2012-08-27T23:21:19","date_gmt":"2012-08-27T23:21:19","guid":{"rendered":""},"modified":"-0001-11-30T00:00:00","modified_gmt":"-0001-11-29T22:00:00","slug":"","status":"publish","type":"post","link":"http:\/\/www.chapelle-crecy.com\/?p=516","title":{"rendered":"Journ\u00e9es Jeanne d&rsquo;Arc  en Seine-et-Marne et \u00e0\u00a0 Orl\u00e9ans"},"content":{"rendered":"<div align=\"justify\">Depuis le 6 janvier dernier, les temps forts johanniques se multiplient dans la ville d&rsquo;Orl\u00e9ans, de Vaires et de Lagny-sur-Marne.<br \/>\nL&rsquo;association \u00a0\u00bb Trait d&rsquo;Union de la Brie \u00a0\u00bb et la Biblioth\u00e8que dioc\u00e9 \u00adsaine Guillaume Bri\u00e7onnet organisent des journ\u00e9es d\u00e9couvertes au mois de septembre. Le fil conducteur sera le lien entre Charles P\u00e9guy et Jeanne d&rsquo;Arc. Vous trouverez le programme complet de ces journ\u00e9es sur le site d&rsquo;Esbly<br \/>\n[http:\/\/secteurpastoralesbly.free.fr\/Le_centre_de_documentation.htm->http:\/\/secteurpastoralesbly.free.fr\/Le_centre_de_documentation.htm]<\/div>\n<p>Programme des journ\u00e9es du 5 et 10 septembre : <\/p>\n<p> <span style=\"color: blue;\">Mercredi 5 septembre : Villeroy<\/span><\/p>\n<p> Rendez-vous place de l&rsquo;\u00e9glise de Villeroy<\/p>\n<p> &#8211;          17 h 00 : Visite du site, de la grand-tombe et du mus\u00e9e de Villeroy.<\/p>\n<p> &#8211;          18 h 00 : Expos\u00e9 du p\u00e8re Bruno Beltramelli sur \u00ab Jeanne d&rsquo;Arc dans l&rsquo;oeuvre de Charles P\u00e9guy \u00bb<\/p>\n<p> &#8211;          19 h 00 : Verre de l&rsquo;amiti\u00e9.<\/p>\n<p> &#8211;          19 H 30 : V\u00eapres \u00e0 l&rsquo;\u00e9glise.<\/p>\n<p> <span style=\"color: blue;\">Vendredi 7 septembre :  Melun<\/span><\/p>\n<p> Rendez-vous \u00e0 l&rsquo;\u00e9glise Notre-Dame de Melun<\/p>\n<p> &#8211;          9 h 30 : Laudes \u00e0 l&rsquo;\u00e9glise.<\/p>\n<p> &#8211;          10 h 00 : Conf\u00e9rence de Marie-Paule Renaud en l&rsquo;\u00e9glise Notre-Dame.<\/p>\n<p> &#8211;          Fin de matin\u00e9e : Pr\u00e9sentation de Jeanne d&rsquo;Arc par des amis polonais, russes et lituaniens.<\/p>\n<p> &#8211;          14 h 00 : Visite de la ville de Melun, Notre-Dame, \u00e9glise Saint-Aspais, l&rsquo;\u00e9cole Saint-Aspais, etc\u00e2\u20ac\u00a6<\/p>\n<p> &#8211;          17 h 00 : Retour \u00e0 Notre-Dame, v\u00eapres et envoi.<\/p>\n<p> <span style=\"color: blue;\">Samedi 8 septembre : Lagny-sur-Marne<\/span><\/p>\n<p> &#8211;         10 h 00 \u00e0 12 h 00 : Conf\u00e9rence de M. Pierre Eberhart \u00ab Jeanne d&rsquo;Arc \u00e0 Lagny \u00bb au salon d&rsquo;honneur de l&rsquo;H\u00f4tel de ville.<\/p>\n<p> &#8211;         12 h 00 : Hommage \u00e0 Pierre Herbin<\/p>\n<p> &#8211;         Cartophiles du Pays de Meaux : Jeanne d&rsquo;Arc et les cartes postales. Ouverture toute la journ\u00e9e.<\/p>\n<p> &#8211;         15 h 00  17 h 00 : Visite de l&rsquo;abbatiale.<\/p>\n<p> &#8211;         19 h 00 : V\u00eapres \u00e0 l&rsquo;abbatiale.<\/p>\n<p> &#8211;         20 h 30 : Dans la salle Vanel, spectacle \u00ab Le myst\u00e8re de la charit\u00e9 de Jeanne d&rsquo;Arc \u00bb de Charles P\u00e9guy par Jean-Paul Lucet.<\/p>\n<p> <span style=\"color: blue;\">Dimanche 9 septembre : Villeroy, Thieux, Dammartin et Meaux<\/span><\/p>\n<p> &#8211;          9 h 30 : Accueil \u00e0 Villeroy<\/p>\n<p> &#8211;          10 h 30 : Messe \u00e0 l&rsquo;\u00e9glise de Villeroy.<\/p>\n<p> &#8211;          11 h 30 : Hommage de l&rsquo;Amiti\u00e9 Charles P\u00e9guy et recueillement \u00e0 la Grand&rsquo; Tombe.<\/p>\n<p> &#8211;          12 h 30 : Pique-nique partag\u00e9 (chacun apporte pour un buffet commun).<\/p>\n<p> &#8211;          14 h 00 : Les itin\u00e9raires de Jeanne d&rsquo;Arc et de Charles P\u00e9guy    &#8211; 1429    1914 &#8211;  autour de Villeroy, Dammartin et Meaux (pr\u00e9cisions \u00e0 venir pour la p\u00e9riode 15 h 00  17 h 30).<\/p>\n<p> <span style=\"color: blue;\">Lundi 10 septembre : Orl\u00e9ans<\/span><\/p>\n<p> &#8211;         10 h 00 : rendez-vous devant la cath\u00e9drale, visite guid\u00e9e de la cath\u00e9drale Sainte-Croix.<\/p>\n<p> &#8211;         14 h 00 : rendez-vous devant le centre Charles P\u00e9guy, 11 Rue du Tabour. Visite du centre Charles P\u00e9guy et du centre Jeanne d&rsquo;Arc.<\/p>\n<p> Il est souhaitable de s&rsquo;inscrire pour une meilleure organisation.<\/p>\n<p> Biblioth\u00e8que dioc\u00e9saine Guillaume Bri\u00e7onnet, 20 rue de Chaage, 77100 Meaux <\/p>\n<p> Contacts :  01 60 23 24 46    &#8211;    06 86 12 03 96    &#8211;    <span style=\"color: blue;\">bdgb@wanadoo.fr<\/span><\/p>\n","protected":false},"excerpt":{"rendered":"<p>Depuis le 6 janvier dernier, les temps forts johanniques se multiplient dans la ville d&rsquo;Orl\u00e9ans, de Vaires et de Lagny-sur-Marne. L&rsquo;association \u00a0\u00bb Trait d&rsquo;Union de la Brie \u00a0\u00bb et la Biblioth\u00e8que dioc\u00e9 \u00adsaine Guillaume&#46;&#46;&#46;<\/p>\n","protected":false},"author":2,"featured_media":0,"comment_status":"open","ping_status":"open","sticky":false,"template":"","format":"standard","meta":{"footnotes":""},"categories":[],"tags":[],"class_list":["post-516","post","type-post","status-publish","format-standard","hentry"],"_links":{"self":[{"href":"http:\/\/www.chapelle-crecy.com\/index.php?rest_route=\/wp\/v2\/posts\/516","targetHints":{"allow":["GET"]}}],"collection":[{"href":"http:\/\/www.chapelle-crecy.com\/index.php?rest_route=\/wp\/v2\/posts"}],"about":[{"href":"http:\/\/www.chapelle-crecy.com\/index.php?rest_route=\/wp\/v2\/types\/post"}],"author":[{"embeddable":true,"href":"http:\/\/www.chapelle-crecy.com\/index.php?rest_route=\/wp\/v2\/users\/2"}],"replies":[{"embeddable":true,"href":"http:\/\/www.chapelle-crecy.com\/index.php?rest_route=%2Fwp%2Fv2%2Fcomments&post=516"}],"version-history":[{"count":0,"href":"http:\/\/www.chapelle-crecy.com\/index.php?rest_route=\/wp\/v2\/posts\/516\/revisions"}],"wp:attachment":[{"href":"http:\/\/www.chapelle-crecy.com\/index.php?rest_route=%2Fwp%2Fv2%2Fmedia&parent=516"}],"wp:term":[{"taxonomy":"category","embeddable":true,"href":"http:\/\/www.chapelle-crecy.com\/index.php?rest_route=%2Fwp%2Fv2%2Fcategories&post=516"},{"taxonomy":"post_tag","embeddable":true,"href":"http:\/\/www.chapelle-crecy.com\/index.php?rest_route=%2Fwp%2Fv2%2Ftags&post=516"}],"curies":[{"name":"wp","href":"https:\/\/api.w.org\/{rel}","templated":true}]}}