{"id":520,"date":"2012-09-04T22:19:39","date_gmt":"2012-09-04T22:19:39","guid":{"rendered":""},"modified":"-0001-11-30T00:00:00","modified_gmt":"-0001-11-29T22:00:00","slug":"","status":"publish","type":"post","link":"http:\/\/www.chapelle-crecy.com\/?p=520","title":{"rendered":"Henri Corpechot s&rsquo;en est all\u00e9 vers la Maison du P\u00e8re"},"content":{"rendered":"<div align=\"justify\">Tout le monde \u00e0\u00a0 Villiers connaissait Henri. C&rsquo;\u00e9tait un homme entier, f\u00e9ru en histoire, amoureux des \u00e9glises. Avec sa disparition, beaucoup d&rsquo;anecdotes de notre petit village sont parties avec lui. Je me rappelle quand il m&rsquo;\u00e9voquait, dans la sacristie de l&rsquo;\u00e9glise St R\u00e9mi de Villiers, tous les souvenirs qui  remontaient \u00e0\u00a0 sa m\u00e9moire, \u00e0\u00a0 l&rsquo;\u00e9poque o\u00f9 il \u00e9tait enfant de choeur. C&rsquo;\u00e9tait un vrai livre d&rsquo;histoire, on pouvait l&rsquo;\u00e9couter des heures, on buvait ses paroles. Son dernier t\u00e9moignage en public remonte \u00e0\u00a0 2011. Interrog\u00e9 par une journaliste, il avait pr\u00e9sent\u00e9 et expliqu\u00e9, avec ses mots \u00e0\u00a0 lui, la merveille que repr\u00e9sente la Coll\u00e9giale ND de l&rsquo;Assomption de Cr\u00e9cy, dans ce superbe reportage-phare de TF1 pr\u00e9sent\u00e9 au 13h de Jean-Pierre Pernaut. R\u00e9-\u00e9coutez avec \u00e9motion, Henri Corpechot qui vous tire sa r\u00e9v\u00e9rence  dans cette vid\u00e9o m\u00e9morable (il y apparait \u00e0\u00a0 2:20\/3:43 vers la fin de la vid\u00e9o)&#8230; [http:\/\/www.youtube.com\/watch?v=f5aW6gqK9Kw->http:\/\/www.youtube.com\/watch?v=f5aW6gqK9Kw].<\/div>\n<div align=\"center\"><img decoding=\"async\" src=\"\/IMG\/jpg\/Henri.jpg\" width=500><\/div>\n<p><\/p>\n<p> Henri avait une tr\u00e8s grande d\u00e9votion pour la Vierge Marie. Pour lui, en suppliant Notre-Dame de l&rsquo;Assomption pour le repos de l&rsquo;\u00e2me d&rsquo;Henri,<br \/>\n disons cette pri\u00e8re:<br \/>\n Nous Te saluons,  Immacul\u00e9e, Marie, combl\u00e9e de Gr\u00e2ce,<br \/>\nToi qui, d\u00e8s le premier instant de Ton existence,<br \/>\nd\u00e8s Ta conception, a \u00e9t\u00e9 pr\u00e9serv\u00e9e de tout p\u00e9ch\u00e9,<br \/>\ncar Tu allais devenir la M\u00e8re du Sauveur.<br \/>\n Aide-nous \u00e0 nous tourner vers Ton Fils J\u00e9sus<br \/>\net \u00e0 nous d\u00e9tourner du p\u00e9ch\u00e9.<br \/>\nApprends-nous \u00e0 prier pour les p\u00e9cheurs<br \/>\ncomme Tu l&rsquo;as enseign\u00e9 \u00e0 Bernadette,<br \/>\ncar Tu es la M\u00e8re du R\u00e9dempteur et notre M\u00e8re.<br \/>\n Nous Te saluons,  Marie, Lumi\u00e8re de Foi Bienheureuse;<br \/>\npar Ta glorieuse Assomption, le P\u00e8re des Mis\u00e9ricordes<br \/>\nT&rsquo;a rev\u00eatue en Ton \u00c3\u201ame et en Ton Corps<br \/>\nde la splendeur du jour unique de la R\u00e9surrection.<br \/>\n Fortifie notre Foi, qu&rsquo;elle impr\u00e8gne de sa lumi\u00e8re<br \/>\net de sa v\u00e9rit\u00e9 notre intelligence, nos actions<br \/>\net notre service en ce monde, car Tu es la M\u00e8re<br \/>\ndu plus beau des enfants des hommes et notre M\u00e8re.<br \/>\n Nous Te saluons, Vierge Sainte,<br \/>\nToi que l&rsquo;Esprit de Saintet\u00e9 a combl\u00e9e de Charit\u00e9<br \/>\net rempli de toutes Gr\u00e2ces.<br \/>\nApprends-nous la docilit\u00e9 \u00e0 l&rsquo;Esprit d&rsquo;Amour,<br \/>\npour \u00eatre combl\u00e9s d&rsquo;une vraie Charit\u00e9.<br \/>\n Donne-nous la compassion pour toute souffrance<br \/>\net une pri\u00e8re instante pour la paix,<br \/>\ncar Tu es M\u00e8re de Mis\u00e9ricorde et notre M\u00e8re.<br \/>\n Nous Te saluons, M\u00e8re au pied de la Croix,<br \/>\nVierge fid\u00e8le, M\u00e8re de l&rsquo;Eglise.<br \/>\nApprends-nous L\u00a0\u00bbaimer et \u00e0 La servir<br \/>\ncomme le Corps m\u00eame de Ton Fils<br \/>\nlivr\u00e9 pour nous et le salut du monde.<br \/>\n Car Tu es la M\u00e8re de l&rsquo;Agneau et du Pasteur et notre M\u00e8re.<br \/>\nNous Te saluons, Aurore radieuse du Salut;<br \/>\npar Ta Glorieuse Assomption,<br \/>\nTu annonces et pr\u00e9c\u00e8des la gloire<br \/>\n Dans leur \u00e2me et dans leur corps de tous Tes enfants,<br \/>\ncar Tu es la M\u00e8re du Monde qui vient et notre m\u00e8re.<\/p>\n<p> Pri\u00e8re de Monseigneur Albert-Marie de Monl\u00e9on, Ev\u00eaque de Meaux,<br \/>\n pour les 150 ans du Dogme de l&rsquo;Immacul\u00e9e Conception.<\/p>\n","protected":false},"excerpt":{"rendered":"<p>Tout le monde \u00e0\u00a0 Villiers connaissait Henri. C&rsquo;\u00e9tait un homme entier, f\u00e9ru en histoire, amoureux des \u00e9glises. Avec sa disparition, beaucoup d&rsquo;anecdotes de notre petit village sont parties avec lui. Je me rappelle quand&#46;&#46;&#46;<\/p>\n","protected":false},"author":2,"featured_media":0,"comment_status":"open","ping_status":"open","sticky":false,"template":"","format":"standard","meta":{"footnotes":""},"categories":[],"tags":[],"class_list":["post-520","post","type-post","status-publish","format-standard","hentry"],"_links":{"self":[{"href":"http:\/\/www.chapelle-crecy.com\/index.php?rest_route=\/wp\/v2\/posts\/520","targetHints":{"allow":["GET"]}}],"collection":[{"href":"http:\/\/www.chapelle-crecy.com\/index.php?rest_route=\/wp\/v2\/posts"}],"about":[{"href":"http:\/\/www.chapelle-crecy.com\/index.php?rest_route=\/wp\/v2\/types\/post"}],"author":[{"embeddable":true,"href":"http:\/\/www.chapelle-crecy.com\/index.php?rest_route=\/wp\/v2\/users\/2"}],"replies":[{"embeddable":true,"href":"http:\/\/www.chapelle-crecy.com\/index.php?rest_route=%2Fwp%2Fv2%2Fcomments&post=520"}],"version-history":[{"count":0,"href":"http:\/\/www.chapelle-crecy.com\/index.php?rest_route=\/wp\/v2\/posts\/520\/revisions"}],"wp:attachment":[{"href":"http:\/\/www.chapelle-crecy.com\/index.php?rest_route=%2Fwp%2Fv2%2Fmedia&parent=520"}],"wp:term":[{"taxonomy":"category","embeddable":true,"href":"http:\/\/www.chapelle-crecy.com\/index.php?rest_route=%2Fwp%2Fv2%2Fcategories&post=520"},{"taxonomy":"post_tag","embeddable":true,"href":"http:\/\/www.chapelle-crecy.com\/index.php?rest_route=%2Fwp%2Fv2%2Ftags&post=520"}],"curies":[{"name":"wp","href":"https:\/\/api.w.org\/{rel}","templated":true}]}}