{"id":521,"date":"2012-09-09T00:00:00","date_gmt":"2012-09-09T00:00:00","guid":{"rendered":""},"modified":"-0001-11-30T00:00:00","modified_gmt":"-0001-11-29T22:00:00","slug":"","status":"publish","type":"post","link":"http:\/\/www.chapelle-crecy.com\/?p=521","title":{"rendered":"Merci Monseigeur Albert-Marie de Monl\u00e9on"},"content":{"rendered":"<div align=\"justify\">Apr\u00e8s treize ann\u00e9es (1999-2012) au service de l&rsquo;Eglise dioc\u00e9saine de Meaux, Monseigneur Albert-Marie de Monl\u00e9on,  o.p., atteint par la limite d&rsquo; ge, a demand\u00e9 \u00e0\u00a0 \u00eatre relev\u00e9 de sa charge pastorale \u00e0\u00a0 sa saintet\u00e9 le Pape Benoit XVI qui l&rsquo;a accept\u00e9e. Au cours d&rsquo;une messe d&rsquo;action de gr ce, ce dimanche 9 septembre 2012, \u00e0\u00a0 15h30, en la Cath\u00e9drale Saint Etienne de Meaux, nous sommes tous cordialement invit\u00e9s \u00e0\u00a0 venir t\u00e9moigner notre affection \u00e0\u00a0 notre bon pasteur qui se retire pour une retraite bien m\u00e9rit\u00e9e ! <\/div>\n<div align=\"center\"><img decoding=\"async\" src=\"\/IMG\/jpg\/depart.jpg\" width=500><\/div>\n<p>Rappel de sa biographie :<\/p>\n<p> Fils de Jacques de Monl\u00e9on ; professeur de philosophie \u00e0 l&rsquo;institut catholique de Paris et \u00e0 l&rsquo;Universit\u00e9 Laval (Qu\u00e9bec), et de Mme, n\u00e9e Jacqueline Mariau.<\/p>\n<p> Etudes :<\/p>\n<p>   Lyc\u00e9e Condorcet et lyc\u00e9e Louis-le-Grand \u00e0 Paris.<br \/>\n   Institut catholique de Paris.<br \/>\n   Facult\u00e9s de philosophie et de th\u00e9ologie du Saulchoir \u00e0 Etiolles.<\/p>\n<p> Dipl\u00f4mes :<\/p>\n<p>    Licenci\u00e9 et lecteur en th\u00e9ologie.<\/p>\n<p> Minist\u00e8res :<\/p>\n<p>   Entr\u00e9 chez les Fr\u00e8res pr\u00eacheurs (1957).<br \/>\n   Membres du Centre Istina \u00e0 Paris (1968-1988).<br \/>\n   Minist\u00e8re aupr\u00e8s des pr\u00eatres en France et \u00e0 l&rsquo;\u00e9tranger.<br \/>\n   Responsable des pr\u00eatres et s\u00e9minaristes de la Communaut\u00e9 de l&rsquo;Emmanuel et de la Fraternit\u00e9 de J\u00e9sus (1983-1988).<br \/>\n   Ev\u00eaque de Pamiers (1988-1999)<br \/>\n   Ev\u00eaque de Meaux (1999- 2012)<\/p>\n<p> <span style=\"color: blue;\">Remerciements des la\u00efcs<\/span><br \/>\n Si vous n&rsquo;avez pas pu participer \u00e0 cette c\u00e9r\u00e9monie d&rsquo;adieu tr\u00e8s \u00e9mouvante, ou si vous souhaitez revivre les meilleurs moments, nous vous proposons ici la vid\u00e9o des remerciements des la\u00efcs \u00e0 notre bien-aim\u00e9 \u00e9v\u00eaque:<\/p>\n<div align=\"center\">[<iframe loading=\"lazy\" width=\"420\" height=\"315\" src=\"http:\/\/www.youtube.com\/embed\/bbNGXotGc-w\" frameborder=\"0\" allowfullscreen><\/iframe>-><iframe loading=\"lazy\" width=\"420\" height=\"315\" src=\"http:\/\/www.youtube.com\/embed\/bbNGXotGc-w\" frameborder=\"0\" allowfullscreen><\/iframe>]<\/div>\n<p> Version \u00ab\u00a0papier\u00a0\u00bb de ces m\u00eames remerciements dits par Evelyne Reydel, au nom des fid\u00e8les la\u00efcs \u00e0 Mgr de Monl\u00e9on, ce 9 septembre 2012, \u00e0 la fin de la c\u00e9r\u00e9monie<br \/>\n Les la\u00efcs, fid\u00e8les de l&rsquo;Eglise catholique qui est en Seine-et-Marne, vous expriment respectueusement, toute leur gratitude pour toutes ces ann\u00e9es pass\u00e9es au service de l&rsquo;Eglise du dioc\u00e8se.<br \/>\nIls vous remercient pour leur avoir enseign\u00e9s, accompagn\u00e9s, rassembl\u00e9s et engag\u00e9s \u00e0 rendre pr\u00e9sent le myst\u00e8re du Christ et de sa charit\u00e9 l\u00e0 o\u00f9 il ne l&rsquo;est pas encore. La qualit\u00e9 de la liturgie vous tient \u00e0 coeur. Vous avez souvent insist\u00e9 sur la beaut\u00e9 et la justesse des offices et vous nous avez encourag\u00e9s \u00e0 \u00e9couter et respecter activement la Parole de Dieu pour qu&rsquo;elle porte du fruit.<br \/> <br \/>\nVous avez \u00e9t\u00e9 attentifs aux membres des multiples mouvements et services d&rsquo;Eglise, dans leur personne comme dans leur mission. Vous leur avez encore rendu hommage r\u00e9cemment. Vous nous avez donn\u00e9 beaucoup de votre temps en nous visitant chaque fois que c&rsquo;\u00e9tait humainement possible pour nous apporter un approfondissement de la Parole de Dieu, mais aussi pour nous \u00e9couter, partager, conforter notre Foi, apporter des encouragements tr\u00e8s concrets.<br \/>\nOn pense en particulier \u00e0 votre attention aux jeunes, servants d&rsquo;autel, confirmands, participants aux FRAT \u00e0 la cr\u00e9ation du service de cat\u00e9chum\u00e9nat des jeunes&#8230;<br \/>\nLe dioc\u00e8se de Meaux est riche de sa diversit\u00e9 et vous avez aim\u00e9 aller dans les paroisses \u00e0 la rencontre de la multiplicit\u00e9 des situations humaines.<br \/>\nMais cette diversit\u00e9, vous avez voulu nous la faire vivre dans l&rsquo;unit\u00e9. Vous nous avez rassembl\u00e9s en maintes circonstances, en particulier dans les grands rassemblements de Combreux en 2000 et 2008, v\u00e9cus comme des f\u00eates \u00e9vocatrices du festin des noces du Christ et de son Eglise, mais aussi dans les grands p\u00e8lerinages, les grandes c\u00e9l\u00e9brations (la messe chrismale) et rencontres dioc\u00e9saines.<br \/>\nEt ce faisant vous nous avez appel\u00e9s dans la \u00ab\u00a0r\u00e9forme\u00a0\u00bb de 2008 \u00e0 une conversion int\u00e9rieure, un saut qualitatif: r\u00e9fl\u00e9chir autrement, changer de perspective, nous impliquer plus pleinement dans la vie de l&rsquo;Eglise, et ceci pour nous encourager \u00e0 aller au large, investis dans nos responsabilit\u00e9s humaines. Vous nous avez engag\u00e9s dans un double mouvement d&rsquo;\u00e9vang\u00e9lisation et de communion, ouverts \u00e0 la mis\u00e9ricorde divine, comme vous en t\u00e9moignez dans votre livre Mis\u00e9ricorde, Bonheur pour l&rsquo;homme.<br \/> <br \/>\nC&rsquo;est aussi l&rsquo;esprit d&rsquo;unit\u00e9 et de rassemblement pour la mission d&rsquo;une \u00ab\u00a0Eglise en Actes\u00a0\u00bb que vous avez voulu signifier en mettant en chantier, notamment, le nouvel espace liturgique de la cath\u00e9drale, dans l&rsquo;harmonie avec les efforts de la collectivit\u00e9.<br \/>\nTout ceci m\u00e9rite des remerciements chaleureux, mais nous le savons bien, ce que nous avons vu est d&rsquo;abord l&rsquo;oeuvre de l&rsquo;Esprit auquel vous vous \u00eates rendu disponible avec l&rsquo;humilit\u00e9 que vous connaissent tous ceux qui vous ont approch\u00e9. Nous voulons donc essentiellement  rendre gr\u00e2ce \u00e0 l&rsquo;action de l&rsquo;Esprit pendant ces 13 ann\u00e9es de la vie de notre dioc\u00e8se.<br \/>\n Mesure-t-on le poids de la charge d&rsquo;Ev\u00eaque, la tension permanente que n\u00e9cessitent l&rsquo;\u00e9coute et l&rsquo;attention \u00e0 chacun, la pression quotidienne des d\u00e9cisions \u00e0 prendre, m\u00eame avec le soutien de vos conseils et de vos services? A un \u00e2ge o\u00f9 la plupart des la\u00efcs ont rendu leur tablier professionnel depuis longtemps, vous c\u00e9dez la place. Les P\u00e8res chartreux diraient que vous avez \u00ab\u00a0demand\u00e9 mis\u00e9ricorde\u00a0\u00bb, puisque c&rsquo;est ainsi qu&rsquo;ils nomment la demande d&rsquo;\u00eatre lib\u00e9r\u00e9 d&rsquo;une charge.<br \/>\n Voici maintenant venu le temps de la \u00ab\u00a0retraite\u00a0\u00bb, dont nous imaginons qu&rsquo;elle sera active et f\u00e9conde et que nous vous souhaitons paisible et heureuse. Entrer en retraite, pour un chr\u00e9tien ce n&rsquo;est pas un temps de rel\u00e2chement. C&rsquo;est un temps fort. Le temps du corps \u00e0 corps avec notre Sauveur, le temps o\u00f9 l&rsquo;on se livre sans d\u00e9fense \u00e0 l&rsquo;Amour du P\u00e8re.<br \/>\n Notre affection, notre amiti\u00e9, notre pri\u00e8re, vous accompagnent dans cet avenir.<\/p>\n<p> M Alain DELEU et Mme Evelyne REYDEL <\/p>\n<p> <span style=\"color: blue;\">Remerciements des diacres<\/span><br \/>\n Apr\u00e8s les la\u00efcs, ce sont les diacres qui ont souhait\u00e9 adresser leurs vifs remerciements au P\u00e8re Ev\u00eaque:<\/p>\n<div align=\"center\">[<iframe loading=\"lazy\" width=\"420\" height=\"315\" src=\"http:\/\/www.youtube.com\/embed\/v93DoGaD0nE\" frameborder=\"0\" allowfullscreen><\/iframe>-><iframe loading=\"lazy\" width=\"420\" height=\"315\" src=\"http:\/\/www.youtube.com\/embed\/v93DoGaD0nE\" frameborder=\"0\" allowfullscreen><\/iframe>]<\/div>\n<p> <span style=\"color: blue;\">Remerciements des pr\u00eatres<\/span><br \/>\n Et ce sont enfin les pr\u00eatres, par la voix du P\u00e8re Michel Henri, eux qui ont le plus cotoy\u00e9 Mgr Albert-Marie de Monl\u00e9on de par leur minist\u00e8re, qui ont voulu lui t\u00e9moigner leur reconnaissance et leur joie d&rsquo;avoir oeuvr\u00e9 avec lui. Voici donc ci-dessous la vid\u00e9o du vibrant hommage du P\u00e8re Michel Henri au nom de tous ses confr\u00e8res:<\/p>\n<div align=\"center\"><iframe loading=\"lazy\" width=\"420\" height=\"315\" src=\"http:\/\/www.youtube.com\/embed\/VRk8-h2Y6TU\" frameborder=\"0\" allowfullscreen><\/iframe><\/div>\n","protected":false},"excerpt":{"rendered":"<p>Apr\u00e8s treize ann\u00e9es (1999-2012) au service de l&rsquo;Eglise dioc\u00e9saine de Meaux, Monseigneur Albert-Marie de Monl\u00e9on, o.p., atteint par la limite d&rsquo; ge, a demand\u00e9 \u00e0\u00a0 \u00eatre relev\u00e9 de sa charge pastorale \u00e0\u00a0 sa saintet\u00e9&#46;&#46;&#46;<\/p>\n","protected":false},"author":2,"featured_media":0,"comment_status":"open","ping_status":"open","sticky":false,"template":"","format":"standard","meta":{"footnotes":""},"categories":[],"tags":[],"class_list":["post-521","post","type-post","status-publish","format-standard","hentry"],"_links":{"self":[{"href":"http:\/\/www.chapelle-crecy.com\/index.php?rest_route=\/wp\/v2\/posts\/521","targetHints":{"allow":["GET"]}}],"collection":[{"href":"http:\/\/www.chapelle-crecy.com\/index.php?rest_route=\/wp\/v2\/posts"}],"about":[{"href":"http:\/\/www.chapelle-crecy.com\/index.php?rest_route=\/wp\/v2\/types\/post"}],"author":[{"embeddable":true,"href":"http:\/\/www.chapelle-crecy.com\/index.php?rest_route=\/wp\/v2\/users\/2"}],"replies":[{"embeddable":true,"href":"http:\/\/www.chapelle-crecy.com\/index.php?rest_route=%2Fwp%2Fv2%2Fcomments&post=521"}],"version-history":[{"count":0,"href":"http:\/\/www.chapelle-crecy.com\/index.php?rest_route=\/wp\/v2\/posts\/521\/revisions"}],"wp:attachment":[{"href":"http:\/\/www.chapelle-crecy.com\/index.php?rest_route=%2Fwp%2Fv2%2Fmedia&parent=521"}],"wp:term":[{"taxonomy":"category","embeddable":true,"href":"http:\/\/www.chapelle-crecy.com\/index.php?rest_route=%2Fwp%2Fv2%2Fcategories&post=521"},{"taxonomy":"post_tag","embeddable":true,"href":"http:\/\/www.chapelle-crecy.com\/index.php?rest_route=%2Fwp%2Fv2%2Ftags&post=521"}],"curies":[{"name":"wp","href":"https:\/\/api.w.org\/{rel}","templated":true}]}}