{"id":523,"date":"2012-09-10T13:17:08","date_gmt":"2012-09-10T13:17:08","guid":{"rendered":""},"modified":"-0001-11-30T00:00:00","modified_gmt":"-0001-11-29T22:00:00","slug":"","status":"publish","type":"post","link":"http:\/\/www.chapelle-crecy.com\/?p=523","title":{"rendered":"Lucien notre ami a rendu son dernier souffle"},"content":{"rendered":"<div align \"juustify\">Notre paroisse est en deuil. Nous avons appris ce matin, le rappel \u00e0\u00a0 Dieu, de notre ami Lucien Gorret. Prions pour lui, sa famille, ses amis et la paroisse des 3 clochers de Cr\u00e9cy-la-Chapelle pour laquelle il a tant oeuvr\u00e9. Merci Lucien pour tout ce que tu nous as apport\u00e9 ! <\/div>\n<div align=\"center\"><img decoding=\"async\" src=\"\/IMG\/jpg\/Lucien-2.jpg\" width=400><\/div>\n<p> Le P\u00e8re Guillaume et le P\u00e8re Aim\u00e9 donnent \u00e0 Lucien et Ren\u00e9e le sacrement des malades au cours d&rsquo;une messe poignante, le samedi 1er septembre dernier. Lucien nous avait confi\u00e9 que cette c\u00e9l\u00e9bration fut pour lui, \u00ab\u00a0un lieu de ressourcement fort, d&rsquo;amour fraternel, de foi et d&rsquo;esp\u00e9rance qui lui avait apport\u00e9 paix et r\u00e9confort\u00a0\u00bb, pour affronter cette \u00e9preuve de l&rsquo;op\u00e9ration chirurgicale.<\/p>\n<p> Message de la famille:<br \/>\n Ch\u00e8re famille, chers amis,<\/p>\n<p> Un petit mot pour vous dire que la c\u00e9r\u00e9monie des obs\u00e8ques de Lucien aura lieu : <\/p>\n<p> jeudi 13 septembre \u00e0 15h30<br \/>\n en la Coll\u00e9giale Notre Dame de l&rsquo;Assomption de Cr\u00e9cy-la-Chapelle<br \/>\n(\u00e0 la sortie de Cr\u00e9cy, en direction de Coulommiers).<\/p>\n<p> Merci de vos nombreux messages de soutien que nous avons bien re\u00e7us.<br \/>\n Nous vous embrassons,<\/p>\n<p> Ren\u00e9e et les enfants<\/p>\n<p> Ce message tient lieu de faire part,<br \/>\n merci de bien vouloir le faire suivre.<\/p>\n<p> Ren\u00e9e GORRET<\/p>\n<p> Vous trouverez de nombreux t\u00e9moignages des amis de Lucien dans le prochain Echo de la Vall\u00e9e qui para \u00eetra le 1er novembre, jour de la Toussaint.<\/p>\n<div align=\"center\"><img decoding=\"async\" src=\"\/IMG\/jpg\/EDV262.jpg\" width=400><\/div>\n<p>\n Nous vous proposons ici les textes de la feuille de messe du sacrement des malades, messe c\u00e9l\u00e9br\u00e9e \u00e0 Cr\u00e9cy le samedi 1er septembre pour Lucien et Ren\u00e9e:<br \/> <br \/>\n Un baptis\u00e9 toujours en \u00e9tat de mission<\/p>\n<p> Le sacrement des malades nous rappelle que le temps de la maladie, du handicap, de l&rsquo;\u00e9tat de faiblesse n&rsquo;est qu&rsquo;une parenth\u00e8se dans le courant d&rsquo;une existence. Un sacrement est toujours destin\u00e9 \u00e0 \u00e2\u20ac\u02dcformer&rsquo; le Christ en nous, \u00e0 nous \u00e2\u20ac\u02dcconfigurer&rsquo; au Christ, \u00e0 ce que nous devenions encore \u00ab \u00e0 son image et \u00e0 sa ressemblance \u00bb. En m\u00eame temps, un sacrement manifeste que nous sommes toujours \u00e2\u20ac\u02dcen \u00e9tat de mission&rsquo;. Il en va ainsi pour le sacrement des malades.<\/p>\n<p>M\u00eame dans ce moment o\u00f9 notre existence est alt\u00e9r\u00e9e, rendue pr\u00e9caire, il nous envoie en mission. Le geste de l&rsquo;imposition des mains le manifeste. Dans cet \u00e9tat de faiblesse, le sacrement des malades nous rappelle que nous restons membre vivant de la communaut\u00e9 humaine et de la communaut\u00e9 chr\u00e9tienne et que nous avons, \u00e0 notre fa\u00e7on, \u00e0 continuer \u00e0 prendre part \u00e0 la mission de tout chr\u00e9tien en ce monde.<\/p>\n<p>Pour un malade, comme pour tout chr\u00e9tien, cette mission est triple : t\u00e9moigner de l&rsquo;esp\u00e9rance en la pr\u00e9sence ind\u00e9fectible du Christ, pour suivre notre route sous le signe de l&rsquo;amour et de la fraternit\u00e9, annoncer par notre vie et par notre parole la proximit\u00e9 du Dieu P\u00e8re, la pr\u00e9sence avec nous du Fils, l&rsquo;action vivifiante de l&rsquo;Esprit de Saintet\u00e9.  <\/p>\n<div align=\"center\">Recevoir le sacrement des malades<\/div>\n<p>\nUn appel au creux de nos vies<\/p>\n<p>Comme les autres sacrements que l&rsquo;Eglise catholique c\u00e9l\u00e8bre, le sacrement des malades est d&rsquo;abord un appel du Christ au coeur de nos vies lorsqu&rsquo;elles sont touch\u00e9es par la maladie ou le handicap, lorsque l&rsquo;\u00e2ge, la proximit\u00e9 d&rsquo;une intervention chirurgicale, l&rsquo;incertitude face \u00e0 l&rsquo;avenir marquent le moment pr\u00e9sent de notre existence.<\/p>\n<p>Oui, l\u00e0 encore, l&rsquo;appel du Christ nous rejoint. Et comme tout appel du Christ, il est un appel pour la vie : pour vivre : pour vivre cette \u00e9tape de notre histoire concr\u00e8te, ce temps o\u00f9 est parvenue notre aventure humaine. Et pour vivre avec lui.<\/p>\n<p>Un geste de vie au coeur de notre existence<\/p>\n<p>Nous le croyons : parce que Dieu, en J\u00e9sus le Christ, a habit\u00e9 notre condition d&rsquo;homme dans toute sa radicalit\u00e9, les sacrements de l&rsquo;Eglise sont des rencontres du Christ dans \u00e2\u20ac\u02dcl&rsquo;aujourd&rsquo;hui&rsquo; de nos vies. Et parce qu&rsquo;il est ressuscit\u00e9 d&rsquo;entre les morts, le sacrement des malades est un geste de vie. Il est propos\u00e9 pour la vie, \u00ab afin que vous ayez la vie, et que vous l&rsquo;ayez en pl\u00e9nitude. \u00bb Dans ce sacrement, le Christ se communique lui-m\u00eame. Il ressaisit notre vie tout enti\u00e8re car il voit toujours en nous le fr\u00e8re et non pas seulement le malade.<\/p>\n<p>L&rsquo;onction d&rsquo;huile le signifie en acte. Par la main du pr\u00eatre qui trace sur le front et dans les mains le signe de la Croix, c&rsquo;est tout l&rsquo;\u00eatre, toute la personne qui est visit\u00e9e par le Christ. Et le Seigneur l&rsquo;entra \u00eene dans sa P\u00e2que, son passage de vie. L&rsquo;Eglise, communaut\u00e9 des disciples du Christ, poursuit l\u00e0 le geste de salut de son ma \u00eetre. La pr\u00e9sence souhaitable de membres des communaut\u00e9s auxquelles appartiennent ceux qui re\u00e7oivent l&rsquo;onction (communaut\u00e9 familiale, paroissiale, du quartier, du centre de soins\u00e2\u20ac\u00a6), manifeste cette pr\u00e9sence fraternelle et proche du Seigneur, cette appartenance commune au corps du Christ, l&rsquo;Eglise.<\/p>\n","protected":false},"excerpt":{"rendered":"<p>Notre paroisse est en deuil. Nous avons appris ce matin, le rappel \u00e0\u00a0 Dieu, de notre ami Lucien Gorret. Prions pour lui, sa famille, ses amis et la paroisse des 3 clochers de Cr\u00e9cy-la-Chapelle&#46;&#46;&#46;<\/p>\n","protected":false},"author":2,"featured_media":0,"comment_status":"open","ping_status":"open","sticky":false,"template":"","format":"standard","meta":{"footnotes":""},"categories":[],"tags":[],"class_list":["post-523","post","type-post","status-publish","format-standard","hentry"],"_links":{"self":[{"href":"http:\/\/www.chapelle-crecy.com\/index.php?rest_route=\/wp\/v2\/posts\/523","targetHints":{"allow":["GET"]}}],"collection":[{"href":"http:\/\/www.chapelle-crecy.com\/index.php?rest_route=\/wp\/v2\/posts"}],"about":[{"href":"http:\/\/www.chapelle-crecy.com\/index.php?rest_route=\/wp\/v2\/types\/post"}],"author":[{"embeddable":true,"href":"http:\/\/www.chapelle-crecy.com\/index.php?rest_route=\/wp\/v2\/users\/2"}],"replies":[{"embeddable":true,"href":"http:\/\/www.chapelle-crecy.com\/index.php?rest_route=%2Fwp%2Fv2%2Fcomments&post=523"}],"version-history":[{"count":0,"href":"http:\/\/www.chapelle-crecy.com\/index.php?rest_route=\/wp\/v2\/posts\/523\/revisions"}],"wp:attachment":[{"href":"http:\/\/www.chapelle-crecy.com\/index.php?rest_route=%2Fwp%2Fv2%2Fmedia&parent=523"}],"wp:term":[{"taxonomy":"category","embeddable":true,"href":"http:\/\/www.chapelle-crecy.com\/index.php?rest_route=%2Fwp%2Fv2%2Fcategories&post=523"},{"taxonomy":"post_tag","embeddable":true,"href":"http:\/\/www.chapelle-crecy.com\/index.php?rest_route=%2Fwp%2Fv2%2Ftags&post=523"}],"curies":[{"name":"wp","href":"https:\/\/api.w.org\/{rel}","templated":true}]}}