{"id":524,"date":"2012-09-26T15:10:00","date_gmt":"2012-09-26T15:10:00","guid":{"rendered":""},"modified":"-0001-11-30T00:00:00","modified_gmt":"-0001-11-29T22:00:00","slug":"","status":"publish","type":"post","link":"http:\/\/www.chapelle-crecy.com\/?p=524","title":{"rendered":"Ensemble vocal Anguelos"},"content":{"rendered":"<div align=\"justify\">L&rsquo;ensemble vocal Anguelos recherche de nouvelles voix pour la rentr\u00e9e.<br \/>\nLes r\u00e9p\u00e9titions des vendredis 28 septembre et du 5 octobre prochains feront l&rsquo;objet de Portes ouvertes.<br \/>\nLes personnes int\u00e9ress\u00e9es par une pratique musicale de qualit\u00e9 et une ambiance amicale sont les bienvenues lors de ces r\u00e9p\u00e9titions.<br \/>\nL&rsquo;Ensemble Vocal pr\u00e9pare actuellement 2 concerts d&rsquo;Automne :<br \/>\nDimanche 30 septembre : concert \u00e0\u00a0 Aix-en-Othe (Aube)<br \/>\nDimanche 14 octobre : Concert Notre-Dame de Lorette (Paris 9\u00e8me)<br \/>\nPour tous renseignements, veuillez composer le 01 60 04 11 89 ou bien \u00e9crire \u00e0\u00a0 anguelos@free.fr. Vous pouvez \u00e9galement visiter le site de l&rsquo;association:<br \/>\n[www.anguelos.free->www.anguelos.free]<br \/>\nDans la suite de cet article, nous vous proposons, chers amis m\u00e9lomanes, de d\u00e9couvrir ou de mieux conna\u00eetre encore, le parcours exceptionnel du compositeur Val\u00e9ry Aubertin. Sachez qu&rsquo;il sera \u00e0\u00a0 Nantes les 11 et 12 octobre prochains ! Retrouvez le programme de ses prochains concerts.\n<\/div>\n<p><body><\/p>\n<div align=\"center\"><img decoding=\"async\" src=\"\/IMG\/jpg\/anguelos-1.jpg\" width=400><\/div>\n<p><b><font size=\"4\"><font color=\"#800000\">Rencontres Utopik 2012-2013<\/font><\/font><\/b><br \/>\n<font size=\"4\"><font color=\"#800000\">Une production de l&rsquo;Ensemble Utopik<\/font><\/font><br \/>\n<font size=\"4\"><font color=\"#800000\">Sc\u00e8ne Nationale de Nantes<\/font><\/font><\/p>\n<p><b><font size=\"5\"><font color=\"#ff6600\">Val\u00e9ry Aubertin<\/font><\/font><\/b><br \/>\n<b><font size=\"5\"><font color=\"#ff6600\">Symphonie I&nbsp; <\/font><\/font><\/b><font\ncolor=\"#ff6600\"><font size=\"5\">pour dix instruments (cr\u00e9ation)<\/font><\/font><\/p>\n<p><b><font color=\"#800000\">Concert-portrait<\/font><\/b><font\ncolor=\"#800000\"> : jeudi 11 octobre apr\u00e8s-midi <\/font><br \/>\n<b><font color=\"#800000\">Concert final<\/font><\/b><font color=\"#800000\"><br \/>\n: vendredi 12 octobre (Lieu Unique, 20h30)<\/font><\/p>\n<p>En <b>pi\u00e8ce jointe<\/b>, vous trouverez le d\u00e9tail de la programmation<br \/>\n2012-2013 de<br \/>\nl&rsquo;Ensemble Utopik avec ses compositeurs invit\u00e9s : <br \/>\nVal\u00e9ry Aubertin, Philippe Hurel et Franghiz Ali-Zadeh.<\/p>\n<pre>Vous pouvez aussi consulter le site internet de l'Ensemble UTOPIK :<br><a\nhref=\"http:\/\/www.ensembleutopik.fr\/html\/programmation\/RU_2012_2013\/ValeryAubertin.html#semaine\"\ntarget=\"_blank\">http:\/\/www.ensembleutopik.fr\/<wbr>html\/programmation\/RU_2012_<wbr>2013\/ValeryAubertin.html#<wbr>semaine<\/a>\n<\/pre>\n<p><\/body><\/p>\n<p><body><br \/>\n<b><font size=\"4\"><font color=\"#000000\">Dimanche 30 septembre \u00e0 17h<\/font><\/font><\/b><br \/>\n<b><font size=\"4\"><font color=\"#000000\">Eglise d&rsquo;Aix-en-Othe<\/font><\/font><\/b><br \/>\n<font color=\"#000000\">(10160 Aix-en-Othe dans l&rsquo;Aube, Autoroute<br \/>\nA5&nbsp; direction Troyes sortie 19)<\/font><\/p>\n<p><b><font color=\"#974805\">Sophie Bonneau<\/font><\/b><font color=\"#974805\">,<\/font><font\ncolor=\"#974805\"><b> <\/b><\/font><font color=\"#974805\">harpe<\/font><br \/>\n<b><font color=\"#974805\">Eric et Marie-Ange Lebrun<\/font><\/b><font\ncolor=\"#974805\">, orgue<\/font><br \/>\n<b><font color=\"#974805\">Ensemble Vocal Angu\u00e9los <\/font><\/b><br \/>\n<font color=\"#974805\">Direction : <\/font><font color=\"#974805\"><b>Val\u00e9ry<br \/>\nAubertin<\/b><\/font><br \/>\n<font color=\"#974805\">Oeuvres de Monteverdi, Byrd, Bach, Mozart,<br \/>\nSchubert, Gounod, Vaughan-Williams, Lebrun, Aubertin&#8230;<\/font><\/p>\n<p><b><font size=\"4\"><font color=\"#000000\">Dimanche 14 octobre \u00e0 16h30<\/font><\/font><\/b><br \/>\n<b><font size=\"4\"><font color=\"#000000\">Notre-Dame de Lorette, 75009<br \/>\nPARIS<\/font><\/font><\/b><br \/>\n<tt><font color=\"#000000\">M\u00e9tro Notre-Dame de Lorette, ligne 12<\/font><\/tt><br \/>\n<img\nsrc=\"https:\/\/mail.google.com\/mail\/u\/0\/?ui=2&#038;ik=8cf8440e21&#038;view=att&#038;th=13a06b5863d23bda&#038;attid=0.1&#038;disp=emb&#038;zw&#038;atsh=1\"\nalign=\"bottom\" border=\"0\"><br \/>\n<\/body><\/p>\n","protected":false},"excerpt":{"rendered":"<p>L&rsquo;ensemble vocal Anguelos recherche de nouvelles voix pour la rentr\u00e9e. Les r\u00e9p\u00e9titions des vendredis 28 septembre et du 5 octobre prochains feront l&rsquo;objet de Portes ouvertes. Les personnes int\u00e9ress\u00e9es par une pratique musicale de&#46;&#46;&#46;<\/p>\n","protected":false},"author":2,"featured_media":0,"comment_status":"open","ping_status":"open","sticky":false,"template":"","format":"standard","meta":{"footnotes":""},"categories":[],"tags":[],"class_list":["post-524","post","type-post","status-publish","format-standard","hentry"],"_links":{"self":[{"href":"http:\/\/www.chapelle-crecy.com\/index.php?rest_route=\/wp\/v2\/posts\/524","targetHints":{"allow":["GET"]}}],"collection":[{"href":"http:\/\/www.chapelle-crecy.com\/index.php?rest_route=\/wp\/v2\/posts"}],"about":[{"href":"http:\/\/www.chapelle-crecy.com\/index.php?rest_route=\/wp\/v2\/types\/post"}],"author":[{"embeddable":true,"href":"http:\/\/www.chapelle-crecy.com\/index.php?rest_route=\/wp\/v2\/users\/2"}],"replies":[{"embeddable":true,"href":"http:\/\/www.chapelle-crecy.com\/index.php?rest_route=%2Fwp%2Fv2%2Fcomments&post=524"}],"version-history":[{"count":0,"href":"http:\/\/www.chapelle-crecy.com\/index.php?rest_route=\/wp\/v2\/posts\/524\/revisions"}],"wp:attachment":[{"href":"http:\/\/www.chapelle-crecy.com\/index.php?rest_route=%2Fwp%2Fv2%2Fmedia&parent=524"}],"wp:term":[{"taxonomy":"category","embeddable":true,"href":"http:\/\/www.chapelle-crecy.com\/index.php?rest_route=%2Fwp%2Fv2%2Fcategories&post=524"},{"taxonomy":"post_tag","embeddable":true,"href":"http:\/\/www.chapelle-crecy.com\/index.php?rest_route=%2Fwp%2Fv2%2Ftags&post=524"}],"curies":[{"name":"wp","href":"https:\/\/api.w.org\/{rel}","templated":true}]}}