{"id":525,"date":"2012-09-22T17:16:50","date_gmt":"2012-09-22T17:16:50","guid":{"rendered":""},"modified":"-0001-11-30T00:00:00","modified_gmt":"-0001-11-29T22:00:00","slug":"","status":"publish","type":"post","link":"http:\/\/www.chapelle-crecy.com\/?p=525","title":{"rendered":"Venez comme vous \u00eates aux d\u00eeners Alpha"},"content":{"rendered":"<div align = \"justify\">Plus de 600 d\u00eeners gratuits Alpha auront lieu en France pendant la semaine du 24 au 30 septembre 2012. Dans notre secteur, ici, pr\u00e8s de chez vous, ce repas se d\u00e9roulera au 15, rue Carnot \u00e0\u00a0 Quincy-Voisins, de 19h30 \u00e0\u00a0 22h30.<br \/>Vous arrive-t-il de ne pas savoir quoi r\u00e9pondre quand on vous pose la question:<br \/>\n\u00ab\u00a0Comment donner du sens \u00e0\u00a0 ma vie ?\u00a0\u00bb ou  \u00ab\u00a0Y a-t-il un Dieu l\u00e0\u00a0-haut ?\u00a0\u00bb  ou bien alors \u00ab\u00a0Pourquoi le souffrance ?\u00a0\u00bb ou encore \u00a0\u00bb Croire aide-t-il \u00e0\u00a0 vivre ?\u00a0\u00bb&#8230;. Alors, plut t que de rester seul avec vos questions, Alpha vous propose d&rsquo;\u00e9changer avec d&rsquo;autres sur le sens de la vie autour d&rsquo;un bon repas convivial ! Ces 2 derni\u00e8res ann\u00e9es, de nombreuses personnes ont particip\u00e9 \u00e0\u00a0 ces soir\u00e9es Alpha et en sont revenues enchant\u00e9es. Ecoutez dans la suite de cet article, leur t\u00e9moignage \u00e9difiant enregistr\u00e9 par Jean-Michel Kozlowski, en direct de Quincy&#8230; <\/div>\n<p>\u00ab Venez comme vous \u00eates ! \u00bb <\/p>\n<div align = \"justify\">\n <iframe loading=\"lazy\" width=\"560\" height=\"315\" src=\"http:\/\/www.youtube.com\/embed\/bpgV4zx5gW4\" frameborder=\"0\" allowfullscreen><\/iframe><br \/>\n <span style=\"color: blue;\">Pr\u00e9sentation g\u00e9n\u00e9rale du parcours ALPHA<\/span><br \/>\n Ces d \u00eeners sont ouverts \u00e0 tous, croyants ou non, chr\u00e9tiens ou non, quelque soit l&rsquo;\u00e2ge ou le milieu social.<br \/>\nIl s&rsquo;agit de lieux bienveillants o\u00f9 toute personne quelque soit ses questions peut \u00eatre accueillie et respect\u00e9e. Chacun est, en effet, invit\u00e9 \u00e0 exp\u00e9rimenter l&rsquo;\u00e9change, la rencontre et le partage libre de ses interrogations sur le sens de la vie, sur Dieu \u00e2\u20ac\u00a6 dans une ambiance conviviale et chaleureuse. Plus de 20 000 convives sont attendus lors de la semaine du 24 septembre 2012.<br \/>\nN&rsquo;h\u00e9sitez pas \u00e0 venir \u00e0 ces d \u00eeners avec des amis ou des proches&#8230; tout le monde est bienvenu !<br \/>\n <span style=\"color: blue;\">Rappel<\/span><br \/>\n Les diners rencontres Alpha ont lieu le Jeudi soir<br \/>\n au <span style=\"color: green;\">15, rue Carnot \u00e0 Quincy Voisins 77860<\/span><br \/>\n de 19h30 \u00e0 22h30.<br \/>\n Contact :  <span style=\"color: blue;\">alphacrecyqv@laposte.net <\/span><br \/>\n T\u00e9l : <span style=\"color: red;\">06.74.46.76.43<\/span><br \/>\n Pour plus d&rsquo;info, visitez le site officiel : <span style=\"color: blue;\">www.parcoursalpha.fr<\/span><\/p>\n<p>Aucun engagement vous sera demand\u00e9, vous venez aux d \u00eeners rencontres,<br \/>\nsi cela vous plait vous revenez !<\/p>\n<p>Voici les 12 diners rencontres qui seront organis\u00e9s \u00e0 Quincy. Parlez-en autour de vous. <\/p>\n<p> Calendrier:<\/p>\n<p>Apr\u00e8s la premi\u00e8re rencontre sur le th\u00e8me :<br \/>\n <span style=\"color: red;\">\u00ab Le christianisme : faux, ennuyeux et d\u00e9pass\u00e9 ? \u00bb<\/span><br \/>\nqui aura lieu le Jeudi 27 septembre 2012<br \/>\nVoici les dates des prochaines rencontres :<br \/>\n<span style=\"color: green;\">Jeudi 04\/10\/12 :<\/span>       Qui est J\u00e9sus ?<br \/>\n<span style=\"color: blue;\">Jeudi 11\/10\/12 :<\/span>       Pourquoi J\u00e9sus est-il mort ?<br \/>\n<span style=\"color: green;\">Jeudi 18\/10\/12 :<\/span>       Comment \u00eatre s\u00fbr de ma foi ?<br \/> <br \/>\n<span style=\"color: blue;\">Jeudi 25\/10\/12 :<\/span>       Prier, pourquoi, comment ?<br \/> <br \/>\n<span style=\"color: green;\">Jeudi 08\/11\/12 :<\/span>       Lire la Bible, pourquoi, comment ?<br \/> <br \/>\n<span style=\"color: blue;\">Jeudi 15\/11\/12 :<\/span>       Comment Dieu nous guide-t-il ?<br \/>\n<span style=\"color: green;\">Jeudi 22\/11\/12 :<\/span>       Comment r\u00e9sister au mal ?<br \/> <br \/>\n<span style=\"color: blue;\">Dimanche 2\/12\/12 :<\/span>  Journ\u00e9e sur l&rsquo;Esprit Saint dans un lieu de retraite<br \/>\n<span style=\"color: green;\">Jeudi 06\/12\/12 :<\/span>       En parler aux autres, pourquoi, comment ?<br \/>\n<span style=\"color: blue;\">Jeudi 13\/12\/12 :<\/span>       Dieu gu\u00e9rit-il aujourd&rsquo;hui ?<br \/> <br \/>\n<span style=\"color: green;\">Jeudi 20\/12\/12 :<\/span>       Qu&rsquo;en est-il de l&rsquo;Eglise ?<br \/> <br \/>\n<span style=\"color: blue;\">Jeudi 10\/01\/13 :<\/span>       Comment tirer le meilleur parti de ma vie ?<br \/> \n<\/div>\n","protected":false},"excerpt":{"rendered":"<p>Plus de 600 d\u00eeners gratuits Alpha auront lieu en France pendant la semaine du 24 au 30 septembre 2012. Dans notre secteur, ici, pr\u00e8s de chez vous, ce repas se d\u00e9roulera au 15, rue&#46;&#46;&#46;<\/p>\n","protected":false},"author":2,"featured_media":0,"comment_status":"open","ping_status":"open","sticky":false,"template":"","format":"standard","meta":{"footnotes":""},"categories":[],"tags":[],"class_list":["post-525","post","type-post","status-publish","format-standard","hentry"],"_links":{"self":[{"href":"http:\/\/www.chapelle-crecy.com\/index.php?rest_route=\/wp\/v2\/posts\/525","targetHints":{"allow":["GET"]}}],"collection":[{"href":"http:\/\/www.chapelle-crecy.com\/index.php?rest_route=\/wp\/v2\/posts"}],"about":[{"href":"http:\/\/www.chapelle-crecy.com\/index.php?rest_route=\/wp\/v2\/types\/post"}],"author":[{"embeddable":true,"href":"http:\/\/www.chapelle-crecy.com\/index.php?rest_route=\/wp\/v2\/users\/2"}],"replies":[{"embeddable":true,"href":"http:\/\/www.chapelle-crecy.com\/index.php?rest_route=%2Fwp%2Fv2%2Fcomments&post=525"}],"version-history":[{"count":0,"href":"http:\/\/www.chapelle-crecy.com\/index.php?rest_route=\/wp\/v2\/posts\/525\/revisions"}],"wp:attachment":[{"href":"http:\/\/www.chapelle-crecy.com\/index.php?rest_route=%2Fwp%2Fv2%2Fmedia&parent=525"}],"wp:term":[{"taxonomy":"category","embeddable":true,"href":"http:\/\/www.chapelle-crecy.com\/index.php?rest_route=%2Fwp%2Fv2%2Fcategories&post=525"},{"taxonomy":"post_tag","embeddable":true,"href":"http:\/\/www.chapelle-crecy.com\/index.php?rest_route=%2Fwp%2Fv2%2Ftags&post=525"}],"curies":[{"name":"wp","href":"https:\/\/api.w.org\/{rel}","templated":true}]}}