{"id":528,"date":"2012-09-16T22:51:56","date_gmt":"2012-09-16T22:51:56","guid":{"rendered":""},"modified":"-0001-11-30T00:00:00","modified_gmt":"-0001-11-29T22:00:00","slug":"","status":"publish","type":"post","link":"http:\/\/www.chapelle-crecy.com\/?p=528","title":{"rendered":"Cercle de silence de Meaux"},"content":{"rendered":"<div align =\"justify\">Depuis le mois de mai 2010, un \u00ab cercle de silence \u00bb se forme \u00e0\u00a0 Meaux, place Henri IV, le premier mercredi de chaque mois de 17h30 \u00e0\u00a0 18h30.<br \/>\nQu&rsquo;il vente, pleuve,  neige ou que tape un soleil caniculaire, ils sont l\u00e0\u00a0 entre 15 et 30, chaque mois, pour attirer l&rsquo;attention des pouvoirs publics et de la population sur la n\u00e9cessit\u00e9 de traiter les \u00e9trangers  \u00ab sans papier \u00bb, d\u00e9tenus dans des centres de r\u00e9tention ou oblig\u00e9s de se cacher, comme des \u00eatres humains reconnus dans leur dignit\u00e9 d&rsquo;\u00eatres humains  et reconnus aussi dans leurs droits \u00e0\u00a0 une d\u00e9fense juste&#8230;<\/div>\n<div align =\"justify\">\nSans \u00e9tiquette politique, sans afficher leurs convictions religieuses (diverses), ceux qui composent ce cercle de silence rejoignent ainsi tous ceux qui, en France, m\u00e8nent le m\u00eame combat (voir les liens ci-dessous).<\/p>\n<div align=\"center\"><img decoding=\"async\" src=\"\/IMG\/jpg\/cercle.jpg\" width=400><\/div>\n<p> En plus de la manifestation pacifique et silencieuse mensuelle, une personne du cercle \u00ab rompt \u00bb ce silence pour expliquer \u00e0 ceux qui passent et manifestent  leur curiosit\u00e9 pourquoi ces gens-l\u00e0 (ceux du cercle) manifestent ainsi. Un tract, donnant ces m\u00eames explications, peut \u00eatre remis \u00e0 ces gens int\u00e9ress\u00e9s.<br \/>\n Les liens  sur  Internet : <br \/>\nCe que sont les cercles de silence et leur histoire :<br \/>\n[http:\/\/www.placeauxdroits.net\/cercle->http:\/\/www.placeauxdroits.net\/cercle]<br \/>\n Les cercles de silence en France : <br \/>\n[http:\/\/ddata.over-blog.com\/xxxyyy\/0\/59\/41\/59\/R-cap_cercles_de_silence_en_France_101008-diff.pdf->http:\/\/ddata.over-blog.com\/xxxyyy\/0\/59\/41\/59\/R-cap_cercles_de_silence_en_France_101008-diff.pdf]<\/p>\n<div align=\"center\"><img decoding=\"async\" src=\"\/IMG\/jpg\/Dolfus.jpg\" width=400><\/div>\n<p>\n Les membres du cercle de silence de Meaux  invitent  bien s\u00fbr tous ceux qui partagent leur  id\u00e9e de l&rsquo;homme et du respect que m\u00e9rite chaque \u00eatre humain, quelle que soit son origine ou sa condition, \u00e0 les rejoindre.<\/p>\n<p> Jean-Claude Marjou, sscc<br \/>\nMembre du Cercle de silence de Meaux\n<\/div>\n","protected":false},"excerpt":{"rendered":"<p>Depuis le mois de mai 2010, un \u00ab cercle de silence \u00bb se forme \u00e0\u00a0 Meaux, place Henri IV, le premier mercredi de chaque mois de 17h30 \u00e0\u00a0 18h30. Qu&rsquo;il vente, pleuve, neige ou&#46;&#46;&#46;<\/p>\n","protected":false},"author":2,"featured_media":0,"comment_status":"open","ping_status":"open","sticky":false,"template":"","format":"standard","meta":{"footnotes":""},"categories":[],"tags":[],"class_list":["post-528","post","type-post","status-publish","format-standard","hentry"],"_links":{"self":[{"href":"http:\/\/www.chapelle-crecy.com\/index.php?rest_route=\/wp\/v2\/posts\/528","targetHints":{"allow":["GET"]}}],"collection":[{"href":"http:\/\/www.chapelle-crecy.com\/index.php?rest_route=\/wp\/v2\/posts"}],"about":[{"href":"http:\/\/www.chapelle-crecy.com\/index.php?rest_route=\/wp\/v2\/types\/post"}],"author":[{"embeddable":true,"href":"http:\/\/www.chapelle-crecy.com\/index.php?rest_route=\/wp\/v2\/users\/2"}],"replies":[{"embeddable":true,"href":"http:\/\/www.chapelle-crecy.com\/index.php?rest_route=%2Fwp%2Fv2%2Fcomments&post=528"}],"version-history":[{"count":0,"href":"http:\/\/www.chapelle-crecy.com\/index.php?rest_route=\/wp\/v2\/posts\/528\/revisions"}],"wp:attachment":[{"href":"http:\/\/www.chapelle-crecy.com\/index.php?rest_route=%2Fwp%2Fv2%2Fmedia&parent=528"}],"wp:term":[{"taxonomy":"category","embeddable":true,"href":"http:\/\/www.chapelle-crecy.com\/index.php?rest_route=%2Fwp%2Fv2%2Fcategories&post=528"},{"taxonomy":"post_tag","embeddable":true,"href":"http:\/\/www.chapelle-crecy.com\/index.php?rest_route=%2Fwp%2Fv2%2Ftags&post=528"}],"curies":[{"name":"wp","href":"https:\/\/api.w.org\/{rel}","templated":true}]}}