{"id":529,"date":"2012-09-18T15:59:43","date_gmt":"2012-09-18T15:59:43","guid":{"rendered":""},"modified":"-0001-11-30T00:00:00","modified_gmt":"-0001-11-29T22:00:00","slug":"","status":"publish","type":"post","link":"http:\/\/www.chapelle-crecy.com\/?p=529","title":{"rendered":"Installation de Mgr Nahmias nouvel \u00e9v\u00eaque de Meaux"},"content":{"rendered":"<div align = \"justify\">Dans la joie d&rsquo;accueillir notre nouvel \u00e9v\u00eaque, Monseigneur Jean-Yves Nahmias, nous sommes heureux de vous transf\u00e9rer ces deux invitations, \u00e0\u00a0 diffuser largement autour de vous.<br \/>\n<span style=\"color: green;\">UNE VEILL\u00e9E DE PRI\u00e0\u02c6RE POUR ET AVEC MGR JEAN-YVES NAHMIAS<\/span><br \/>\nVous \u00eates tous cordialement invit\u00e9s, en particulier<span style=\"color: blue;\"> les jeunes<\/span>, \u00e0\u00a0 venir entourer notre nouvel \u00e9v\u00eaque, Mgr Jean\u0090Yves Nahmias, \u00e0\u00a0 la veill\u00e9e de pri\u00e8re du <span style=\"color: red;\">samedi 22 septembre 2012 (de 20 h 30 \u00e0\u00a0 21 h 30)<br \/>\n\u00e0\u00a0 la Cath\u00e9drale Saint\u0090\u00e9tienne de Meaux.<\/span> La veille de son installation \u00e9piscopale, prions ensemble \u00e0\u00a0 la Cath\u00e9drale pour la mission qu&rsquo;il re\u00e7oit.<br \/>\n<span style=\"color: green;\">LA CELEBRATION D&rsquo;INSTALLATION<\/span><br \/>\nLe dioc\u00e8se de Meaux est heureux de vous inviter <span style=\"color: red;\">le dimanche 23 septembre \u00e0\u00a0 16h00 en la Cath\u00e9drale Saint-Etienne de Meaux<\/span> \u00e0\u00a0 la c\u00e9l\u00e9bration eucharistique au cours de laquelle Monseigneur Jean-Yves Nahmias sera install\u00e9 comme \u00e9v\u00eaque de Meaux.<br \/>\nEn pr\u00e9sence du cardinal Andr\u00e9 Vingt-Trois, archev\u00eaque de Paris<br \/>\net de Monseigneur Luigi Ventura, nonce apostolique en France.<br \/>\n<span style=\"color: blue;\">Chacun de nous est invit\u00e9 personnellement<\/span> \u00e0\u00a0 participer par sa pr\u00e9sence ou en union dans la pri\u00e8re.<br \/>Faites plus ample connaissance avec notre nouvel \u00e9v\u00eaque \u00e0\u00a0 travers une interview r\u00e9alis\u00e9e par KTO dans la suite de cet article&#8230;<\/div>\n<div align=\"center\">[http:\/\/www.dailymotion.com\/video\/xsxwv6_mgr-jean-yves-nahmias-nouvel-eveque-de-meaux_webcam#from=embediframe<br \/>\n   ->http:\/\/www.dailymotion.com\/video\/xsxwv6_mgr-jean-yves-nahmias-nouvel-eveque-de-meaux_webcam#from=embediframe] <\/div>\n","protected":false},"excerpt":{"rendered":"<p>Dans la joie d&rsquo;accueillir notre nouvel \u00e9v\u00eaque, Monseigneur Jean-Yves Nahmias, nous sommes heureux de vous transf\u00e9rer ces deux invitations, \u00e0\u00a0 diffuser largement autour de vous. UNE VEILL\u00e9E DE PRI\u00e0\u02c6RE POUR ET AVEC MGR JEAN-YVES&#46;&#46;&#46;<\/p>\n","protected":false},"author":2,"featured_media":0,"comment_status":"open","ping_status":"open","sticky":false,"template":"","format":"standard","meta":{"footnotes":""},"categories":[],"tags":[],"class_list":["post-529","post","type-post","status-publish","format-standard","hentry"],"_links":{"self":[{"href":"http:\/\/www.chapelle-crecy.com\/index.php?rest_route=\/wp\/v2\/posts\/529","targetHints":{"allow":["GET"]}}],"collection":[{"href":"http:\/\/www.chapelle-crecy.com\/index.php?rest_route=\/wp\/v2\/posts"}],"about":[{"href":"http:\/\/www.chapelle-crecy.com\/index.php?rest_route=\/wp\/v2\/types\/post"}],"author":[{"embeddable":true,"href":"http:\/\/www.chapelle-crecy.com\/index.php?rest_route=\/wp\/v2\/users\/2"}],"replies":[{"embeddable":true,"href":"http:\/\/www.chapelle-crecy.com\/index.php?rest_route=%2Fwp%2Fv2%2Fcomments&post=529"}],"version-history":[{"count":0,"href":"http:\/\/www.chapelle-crecy.com\/index.php?rest_route=\/wp\/v2\/posts\/529\/revisions"}],"wp:attachment":[{"href":"http:\/\/www.chapelle-crecy.com\/index.php?rest_route=%2Fwp%2Fv2%2Fmedia&parent=529"}],"wp:term":[{"taxonomy":"category","embeddable":true,"href":"http:\/\/www.chapelle-crecy.com\/index.php?rest_route=%2Fwp%2Fv2%2Fcategories&post=529"},{"taxonomy":"post_tag","embeddable":true,"href":"http:\/\/www.chapelle-crecy.com\/index.php?rest_route=%2Fwp%2Fv2%2Ftags&post=529"}],"curies":[{"name":"wp","href":"https:\/\/api.w.org\/{rel}","templated":true}]}}