{"id":531,"date":"2012-09-24T23:08:00","date_gmt":"2012-09-24T23:08:00","guid":{"rendered":""},"modified":"-0001-11-30T00:00:00","modified_gmt":"-0001-11-29T22:00:00","slug":"","status":"publish","type":"post","link":"http:\/\/www.chapelle-crecy.com\/?p=531","title":{"rendered":"R\u00e9-\u00e9coutez sur Radio Notre-Dame la messe d&rsquo;installation de Mgr Nahmias"},"content":{"rendered":"<div align=\"justify\">Nous vous proposons, en souvenir de ce grand temps fort v\u00e9cu hier \u00e0\u00a0 la cath\u00e9drale de Meaux, de lire l&rsquo;edito de Jacques Carton, ancien journaliste \u00e0\u00a0 la Conf\u00e9rence des Ev\u00eaques de France, de m\u00e9diter l&rsquo;hom\u00e9lie de Mgr Nahmias (voir pi\u00e8ce jointe en bas de cet article), ou de r\u00e9-\u00e9couter la messe d&rsquo;installation de notre nouvel \u00e9v\u00eaque diffus\u00e9e par Radio Notre-Dame. Lisez ci-apr\u00e8s les r\u00e9actions apr\u00e8s cette magnifique c\u00e9r\u00e9monie, visualisez le superbe album photo ou rendez-vous directement sur le site RND [http:\/\/radionotredame.net\/emission\/messe-d-installation-de-mgr-nahmias-a-meaux\/23-09-2012\/->http:\/\/radionotredame.net\/emission\/messe-d-installation-de-mgr-nahmias-a-meaux\/23-09-2012\/] pour revivre en diff\u00e9r\u00e9 ce moment d&rsquo;une intense \u00e9motion. Dans ses commentaires avis\u00e9s, la journaliste de la radio chr\u00e9tienne N\u00b01 en Ile-de-France (100.7),  Elodie Chapelle nous explique de fa\u00e7on remarquable tous les aspects de cette c\u00e9l\u00e9bration si exceptionnelle. Ecoutez, lisez, voyez et appr\u00e9ciez&#8230;<\/div>\n<p> \u00ab Avec vous et pour vous sur les chemins d&rsquo;Esp\u00e9rance \u00bb<br \/>\n Nouvel \u00e9v\u00eaque de Meaux, Mgr Jean-Yves Nahmias a \u00e9t\u00e9 accueilli dans la cath\u00e9drale, dimanche 23 septembre<\/p>\n<p> Souriant, entour\u00e9 de 14 \u00e9v\u00eaques dont Mgr Luigi Ventura, nonce apostolique, les \u00e9v\u00eaques de la province d&rsquo;\u00c3\u017dle-de-France, de tr\u00e8s nombreux pr\u00eatres et diacres, et 80 servants d&rsquo;autel,  Mgr Jean-Yves Nahmias, successeur de Mgr A-M de Monl\u00e9on,  est entr\u00e9 dans la cath\u00e9drale Saint-Etienne de Meaux, accompagn\u00e9 par le cardinal Andr\u00e9 Vingt-Trois et  chaleureusement accueilli par le peuple chr\u00e9tien de Seine-et-Marne venu des quatre vicariats. Une f\u00eate dont le premier acte du nouvel \u00e9v\u00eaque, a \u00e9t\u00e9 de v\u00e9n\u00e9rer la Croix du Christ \u00ab  acte de respect devant le Seigneur, lui le plus grand, a-t-il pr\u00e9cis\u00e9, mais aussi un engagement pris devant vous tous du minist\u00e8re \u00e0 suivre : le Christ serviteur \u00bb.  Le \u00ab Chemin d&rsquo;Esp\u00e9rance \u00bb promu dans le dioc\u00e8se de Meaux avec ses 14 p\u00f4les missionnaires  se poursuit avec tous  \u00ab quelque soit notre vocation , a ajout\u00e9 Mgr Nahmias dans son hom\u00e9lie, car tous, nous sommes appel\u00e9s, \u00e0 suivre le Christ, humble serviteur\u00e2\u20ac\u00a6 Ce qui ronge l&rsquo;homme, c&rsquo;est l&rsquo;orgueil . Ce qui doit tisser nos relations les uns envers les autres, c&rsquo;est le service fondement de la relation humaine. Cela a conduit le christ jusqu&rsquo;\u00e0 la Croix. Le Christ est venu nous entra \u00eener \u00e0 sa suite parce que le Christ est le premier, serviteur de tous.\u00bb.<br \/>\n Qu&rsquo;est-ce qu&rsquo;un vrai disciple ?<br \/>\n \u00ab La r\u00e9ponse de J\u00e9sus : il s&rsquo;assoit et enseigne ses ap\u00f4tres. Si quelqu&rsquo;un veut \u00eatre le plus grand, qu&rsquo;il soit le dernier. Le disciple n&rsquo;est pas plus grand que son ma \u00eetre, a poursuivi Mgr Nahmias. Nous devons choisir la condition du serviteur et cela n&rsquo;est pas accessible par nos seules forces. C&rsquo;est le Christ qui nous saisit pour devenir d&rsquo;autres Christ. La Croix du Christ met fin \u00e0 la rivalit\u00e9 entre les hommes . Le Christ nous r\u00e9concilie avec le P\u00e8re\u00e2\u20ac\u00a6 Devenons ce peuple ardent \u00e0 faire le bien, chacun fid\u00e8le \u00e0 sa vocation. Nous formons un Corps. La conversion est un soutien mutuel. L&rsquo;envoi en mission n&rsquo;est pas autre chose que vivre l&rsquo;humilit\u00e9 du service.  C&rsquo;est  la charit\u00e9 qui conduit \u00e0 d\u00e9couvrir que le bois de la croix est le tr\u00f4ne du Seigneur ressuscit\u00e9 \u00bb.<\/p>\n<p> Jacques Carton<br \/>\n Le 24 septembre 2012<\/p>\n<div align=\"center\"><img decoding=\"async\" src=\"\/IMG\/jpg\/Carton1.jpg\" width=400><\/div>\n<p><\/p>\n<div align=\"center\"><img decoding=\"async\" src=\"\/IMG\/jpg\/Carton2.jpg\" width=400><\/div>\n<p><\/p>\n<div align=\"center\"><img decoding=\"async\" src=\"\/IMG\/jpg\/Carton3.jpg\" width=400><\/div>\n<p><\/p>\n<div align=\"center\"><img decoding=\"async\" src=\"\/IMG\/jpg\/Carton4.jpg\" width=400><\/div>\n<p><\/p>\n<div align=\"center\"><img decoding=\"async\" src=\"\/IMG\/jpg\/Carton5.jpg\" width=400><\/div>\n<p><\/p>\n<div align=\"center\"><img decoding=\"async\" src=\"\/IMG\/jpg\/Carton7.jpg\" width=400><\/div>\n<p><\/p>\n<div align=\"center\"><img decoding=\"async\" src=\"\/IMG\/jpg\/Carton6.jpg\" width=400><\/div>\n<p>\n Nous vous communiquons, par \u00e9crit, les premi\u00e8res r\u00e9actions provenant du p\u00f4le de Chelles \u00e0 travers ce petit \u00ab\u00a0flash infos\u00a0\u00bb:<\/p>\n<div align=\"center\"><img decoding=\"async\" src=\"\/IMG\/jpg\/flash-0.jpg\" width=400><\/div>\n<div align=\"center\"><img decoding=\"async\" src=\"\/IMG\/jpg\/flash-1.jpg\" width=550><\/div>\n<div align=\"center\"><img decoding=\"async\" src=\"\/IMG\/jpg\/flash-2.jpg\" width=550><\/div>\n<div align=\"center\"><img decoding=\"async\" src=\"\/IMG\/jpg\/flash-3.jpg\" width=400><\/div>\n<div align=\"center\"><img decoding=\"async\" src=\"\/IMG\/jpg\/flash-4.jpg\" width=200><\/div>\n<div align=\"center\"><img decoding=\"async\" src=\"\/IMG\/jpg\/flash-5.jpg\" width=400><\/div>\n<div align=\"center\"><img decoding=\"async\" src=\"\/IMG\/jpg\/evequeJY.jpg\" width=400><br \/>\n L&rsquo;int\u00e9gralit\u00e9 de l&rsquo;hom\u00e9lie de Mgr Nahmias est t\u00e9l\u00e9chargeable depuis ce site, en bas de page. Bonne lecture !\n<\/div>\n","protected":false},"excerpt":{"rendered":"<p>Nous vous proposons, en souvenir de ce grand temps fort v\u00e9cu hier \u00e0\u00a0 la cath\u00e9drale de Meaux, de lire l&rsquo;edito de Jacques Carton, ancien journaliste \u00e0\u00a0 la Conf\u00e9rence des Ev\u00eaques de France, de m\u00e9diter&#46;&#46;&#46;<\/p>\n","protected":false},"author":2,"featured_media":0,"comment_status":"open","ping_status":"open","sticky":false,"template":"","format":"standard","meta":{"footnotes":""},"categories":[],"tags":[],"class_list":["post-531","post","type-post","status-publish","format-standard","hentry"],"_links":{"self":[{"href":"http:\/\/www.chapelle-crecy.com\/index.php?rest_route=\/wp\/v2\/posts\/531","targetHints":{"allow":["GET"]}}],"collection":[{"href":"http:\/\/www.chapelle-crecy.com\/index.php?rest_route=\/wp\/v2\/posts"}],"about":[{"href":"http:\/\/www.chapelle-crecy.com\/index.php?rest_route=\/wp\/v2\/types\/post"}],"author":[{"embeddable":true,"href":"http:\/\/www.chapelle-crecy.com\/index.php?rest_route=\/wp\/v2\/users\/2"}],"replies":[{"embeddable":true,"href":"http:\/\/www.chapelle-crecy.com\/index.php?rest_route=%2Fwp%2Fv2%2Fcomments&post=531"}],"version-history":[{"count":0,"href":"http:\/\/www.chapelle-crecy.com\/index.php?rest_route=\/wp\/v2\/posts\/531\/revisions"}],"wp:attachment":[{"href":"http:\/\/www.chapelle-crecy.com\/index.php?rest_route=%2Fwp%2Fv2%2Fmedia&parent=531"}],"wp:term":[{"taxonomy":"category","embeddable":true,"href":"http:\/\/www.chapelle-crecy.com\/index.php?rest_route=%2Fwp%2Fv2%2Fcategories&post=531"},{"taxonomy":"post_tag","embeddable":true,"href":"http:\/\/www.chapelle-crecy.com\/index.php?rest_route=%2Fwp%2Fv2%2Ftags&post=531"}],"curies":[{"name":"wp","href":"https:\/\/api.w.org\/{rel}","templated":true}]}}