{"id":532,"date":"2012-09-30T00:22:38","date_gmt":"2012-09-30T00:22:38","guid":{"rendered":""},"modified":"-0001-11-30T00:00:00","modified_gmt":"-0001-11-29T22:00:00","slug":"","status":"publish","type":"post","link":"http:\/\/www.chapelle-crecy.com\/?p=532","title":{"rendered":"Parole d&rsquo;\u00e9v\u00eaque : \u00ab\u00a0Vers le mariage homosexuel ?\u00a0\u00bb"},"content":{"rendered":"<div align=\"justify\">Cette nouvelle qui touche de plein fouet les g\u00e9n\u00e9rations futures est trop grave pour que nous la passions sous silence sur ce site. Comme chacun sait, un projet de loi ouvrant le mariage et l&rsquo;adoption aux couples de m\u00eame sexe sera pr\u00e9sent\u00e9 en conseil des ministres \u00e0\u00a0 la fin du mois d&rsquo;octobre. Personne n&rsquo;ignore non plus que l&rsquo;Eglise est experte en humanit\u00e9. Il est donc normal que nos \u00e9v\u00eaques s&rsquo;expriment sur un sujet aussi d\u00e9licat que celui de la remise en cause d&rsquo;une institution qui assure depuis des si\u00e8cles, l&rsquo;\u00e9quilibre dans notre soci\u00e9t\u00e9. Sans vouloir cr\u00e9er de pol\u00e9mique, nous pensons qu&rsquo;il est de notre devoir de vous pr\u00e9senter ici les deux argumentaires qui suivent, l&rsquo;un pastoral provenant de Mgr de Germay, \u00e9v\u00eaque d&rsquo;Ajaccio, et l&rsquo;autre qui est une analyse juridique sur l&rsquo;ouverture du mariage aux personnes de m\u00eame sexe (document joint). Quoiqu&rsquo;il arrive, prions pour nos l\u00e9gislateurs, pour nos enfants et leurs parents, prions pour la France !<\/div>\n<div align=\"justify\">\n<p class=\"MsoNormal\" style=\"text-align: justify; line-height: normal;\"><span\nstyle=\"font-size: 10pt; font-family: &quot;Trebuchet MS&quot;,&quot;sans-serif&quot;; color: rgb(47, 47, 47);\"><o:p>&nbsp;<\/o:p><\/span><\/p>\n<p class=\"MsoNormal\" style=\"text-align: justify; line-height: normal;\"><span\nstyle=\"font-size: 10pt; font-family: &quot;Trebuchet MS&quot;,&quot;sans-serif&quot;; color: rgb(47, 47, 47);\">\u00ab\u00a0<b><br \/>\nIl est difficile pour l&rsquo;Eglise de ne pas r\u00e9agir face \u00e0 l&rsquo;annonce faite par le<br \/>\ngouvernement d&rsquo;un projet de loi visant \u00e0 \u00e9largir le mariage aux couples homosexuels.<\/b>&nbsp;<br \/>\n<span style=\"background: yellow none repeat scroll 0%; -moz-background-clip: -moz-initial; -moz-background-origin: -moz-initial; -moz-background-inline-policy: -moz-initial;\"><br \/>\nPour beaucoup, il s&rsquo;agit l\u00e0 d&rsquo;une \u00e9volution in\u00e9luctable face \u00e0 laquelle il faudrait faire preuve d&rsquo;ouverture d&rsquo;esprit, voire de r\u00e9signation.<\/span> Quelles que soient les intentions  qu&rsquo;il ne nous appartient pas de juger  des promoteurs de ce projet,&nbsp;<b>c&rsquo;est en r\u00e9alit\u00e9 la destruction d&rsquo;un des piliers<br \/>\nfondamentaux de notre soci\u00e9t\u00e9 qui est programm\u00e9e<\/b>.<o:p><\/o:p><\/span><\/p>\n<p class=\"MsoNormal\" style=\"text-align: justify; line-height: normal;\"><span\nstyle=\"font-size: 10pt; font-family: &quot;Trebuchet MS&quot;,&quot;sans-serif&quot;; color: rgb(47, 47, 47);\"><br \/>\nLoin d&rsquo;\u00e9puiser ce vaste sujet de soci\u00e9t\u00e9, je voudrais simplement donner ici quelques rep\u00e8res et r\u00e9flexions qui pourraient guider ou inspirer notre fa\u00e7on de r\u00e9agir et de nous mobiliser.<o:p><\/o:p><\/span><\/p>\n<p class=\"MsoNormal\" style=\"text-align: justify; line-height: normal;\"><span\nstyle=\"font-size: 10pt; font-family: &quot;Trebuchet MS&quot;,&quot;sans-serif&quot;; color: rgb(47, 47, 47);\"><br \/>\nDans ce d\u00e9bat, les arguments de bon sens ne suffisent plus. <b>L&rsquo;\u00e9vidence selon laquelle le mariage naturel concerne un homme et une femme a \u00e9t\u00e9 lamin\u00e9e par le relativisme.<\/b>&nbsp;<br \/>\nIl faut donc que nous soyons capables d&rsquo;expliquer en quoi l&rsquo;union durable<br \/>\nd&rsquo;un homme et d&rsquo;une femme pour fonder une famille n&rsquo;est pas l&rsquo;invention d&rsquo;un<br \/>\ntype particulier de soci\u00e9t\u00e9 mais est profond\u00e9ment inscrit dans la nature<br \/>\nm\u00eame de l&rsquo;\u00eatre humain.&nbsp;<b>De m\u00eame, nous devons pouvoir montrer que si l&rsquo;Etat est habilit\u00e9 \u00e0 l\u00e9gif\u00e9rer sur<br \/>\n<span style=\"background: yellow none repeat scroll 0%; -moz-background-clip: -moz-initial; -moz-background-origin: -moz-initial; -moz-background-inline-policy: -moz-initial;\"><br \/>\nun mariage qui, en donnant potentiellement naissance \u00e0 des enfants,<br \/>\nconstruit la soci\u00e9t\u00e9<\/span>,<br \/>\nil n&rsquo;a pas \u00e0 donner un statut \u00e9quivalent \u00e0 un mode d&rsquo;union qui est<br \/>\nst\u00e9rile par nature et rel\u00e8ve de choix priv\u00e9s<\/b>.<o:p><\/o:p><\/span><\/p>\n<p class=\"MsoNormal\" style=\"text-align: justify; line-height: normal;\"><span\nstyle=\"font-size: 10pt; font-family: &quot;Trebuchet MS&quot;,&quot;sans-serif&quot;; color: rgb(47, 47, 47);\">&gt;<br \/>\nLes conclusions d&rsquo;une telle r\u00e9flexion sont rendues plus \u00e9videntes gr\u00e2ce \u00e0 l&rsquo;\u00e9clairage de la foi chr\u00e9tienne, mais<b>&nbsp;nous devons \u00eatre capables de la mener avec des arguments de raison pour pouvoir entrer en dialogue avec ceux de nos compatriotes qui ne partagent pas notre foi<\/b>.<o:p><\/o:p><\/span><\/p>\n<div align=\"center\"><img decoding=\"async\" src=\"\/IMG\/jpg\/Eveque-Ajaccio.jpg\" width=200><\/div>\n<p><\/p>\n<p class=\"MsoNormal\" style=\"text-align: justify; line-height: normal;\"><span\nstyle=\"font-size: 10pt; font-family: &quot;Trebuchet MS&quot;,&quot;sans-serif&quot;; color: rgb(47, 47, 47);\"><br \/>\nDans ce dialogue, il y a un pi\u00e8ge dans lequel nous ne devons pas tomber.&nbsp;<b>Ceux qui revendiquent un statut pour les couples homosexuels  et qui \u00e0 vrai dire sont souvent \u00e0 court d&rsquo;arguments  accusent facilement leurs opposants d&rsquo;homophobie. Ainsi, pour ne pas passer pour homophobes, nous \u00e9vitons le d\u00e9bat. Il faut au contraire proclamer avec force que refuser le \u00ab mariage \u00bb homosexuel n&rsquo;a rien \u00e0 voir avec<br \/>\nl&rsquo;homophobie<\/b>.<br \/>\n<span style=\"background: yellow none repeat scroll 0%; -moz-background-clip: -moz-initial; -moz-background-origin: -moz-initial; -moz-background-inline-policy: -moz-initial;\"><br \/>\nNous pouvons avoir un grand respect pour les personnes homosexuelles tout en contestant le fait que le couple homosexuel soit pr\u00e9sent\u00e9 par l&rsquo;Etat<br \/>\ncomme un mod\u00e8le social au m\u00eame titre qu&rsquo;un couple mari\u00e9.<\/span><b>&nbsp;Cette capacit\u00e9 \u00e0 d\u00e9sapprouver un acte tout en respectant la personne est d&rsquo;ailleurs un des h\u00e9ritages du christianisme<\/b>. Soyons donc toujours tr\u00e8s attentifs \u00e0 ce que nos propos sur la question de l&rsquo;homosexualit\u00e9 ne soient pas per\u00e7us comme m\u00e9prisants ou blessants par les personnes concern\u00e9es.<o:p><\/o:p><\/span><\/p>\n<p class=\"MsoNormal\" style=\"text-align: justify; line-height: normal;\"><span\nstyle=\"font-size: 10pt; font-family: &quot;Trebuchet MS&quot;,&quot;sans-serif&quot;; color: rgb(47, 47, 47);\"><br \/>\nNe perdons pas de vue le fil conducteur qui motive ce genre de lois.&nbsp;<b>Lors du d\u00e9bat sur le Pacs, on disait qu&rsquo;il s&rsquo;agissait simplement de d\u00e9fendre la dignit\u00e9 des personnes homosexuelles et qu&rsquo;en aucun cas on envisageait l&rsquo;adoption d&rsquo;enfants par ces m\u00eames personnes<\/b>. Aujourd&rsquo;hui, toujours sous couvert de non-discrimination, le projet de loi sur l&rsquo;adoption est annonc\u00e9.<b>&nbsp;Interdire d&#8217;embl\u00e9e \u00e0 un enfant d&rsquo;avoir un papa et une maman n&rsquo;est pas consid\u00e9r\u00e9 comme une discrimination<\/b>\u00e2\u20ac\u00a6 Mais ne nous y trompons pas, ce ne sera pas le dernier \u00e9pisode.&nbsp;<b><span\nstyle=\"background: yellow none repeat scroll 0%; -moz-background-clip: -moz-initial; -moz-background-origin: -moz-initial; -moz-background-inline-policy: -moz-initial;\"><br \/>\nNous sommes sous la mouvance d&rsquo;un courant id\u00e9ologique<\/span> qui ne compte pas en rester l\u00e0. L&rsquo;\u00e9tape suivante a commenc\u00e9 \u00e0 se d\u00e9voiler <span\nstyle=\"background: yellow none repeat scroll 0%; -moz-background-clip: -moz-initial; -moz-background-origin: -moz-initial; -moz-background-inline-policy: -moz-initial;\">au travers de la th\u00e9orie du genre<\/span><\/b><span\nstyle=\"background: yellow none repeat scroll 0%; -moz-background-clip: -moz-initial; -moz-background-origin: -moz-initial; -moz-background-inline-policy: -moz-initial;\">.<br \/>\nIl s&rsquo;agit de faire passer l&rsquo;id\u00e9e selon laquelle la diff\u00e9rence sexuelle n&rsquo;est que de l&rsquo;ordre du biologique et ne concerne donc pas l&rsquo;identit\u00e9 profonde de la personne. Chacun peut donc choisir son orientation sexuelle (h\u00e9t\u00e9ro, homo, bi, trans, etc.) ind\u00e9pendamment de son sexe.&nbsp;<b>Il sera par cons\u00e9quent interdit  car consid\u00e9r\u00e9 comme de l&#8217;embrigadement  de donner \u00e0 un gar\u00e7on des rep\u00e8res \u00e9ducatifs masculins et \u00e0 une petite fille des rep\u00e8res \u00e9ducatifs f\u00e9minins.<\/b><\/span>&nbsp;Ce serait aller contre une libert\u00e9 individuelle toute-puissante revendiquant son affranchissement<br \/>\nvis-\u00e0-vis de la nature\u00e2\u20ac\u00a6<o:p><\/o:p><\/span><\/p>\n<p class=\"MsoNormal\" style=\"text-align: justify; line-height: normal;\"><b><br \/>\n<span style=\"background: yellow none repeat scroll 0%; font-size: 10pt; font-family: &quot;Trebuchet MS&quot;,&quot;sans-serif&quot;; color: rgb(47, 47, 47); -moz-background-clip: -moz-initial; -moz-background-origin: -moz-initial; -moz-background-inline-policy: -moz-initial;\">Les<br \/>\nid\u00e9ologies des trente derni\u00e8res ann\u00e9es ont fait un travail<br \/>\nsouterrain qui, pour une bonne part, a conduit \u00e0 l&rsquo;\u00e9clatement de la<br \/>\nfamille; les nouvelles id\u00e9ologies vont permettre la d\u00e9structuration de la<br \/>\npersonne elle-m\u00eame. Dans les deux cas, c&rsquo;est la soci\u00e9t\u00e9 tout enti\u00e8re qui se<br \/>\nd\u00e9lite<\/span><\/b><br \/>\n<span style=\"background: yellow none repeat scroll 0%; font-size: 10pt; font-family: &quot;Trebuchet MS&quot;,&quot;sans-serif&quot;; color: rgb(47, 47, 47); -moz-background-clip: -moz-initial; -moz-background-origin: -moz-initial; -moz-background-inline-policy: -moz-initial;\">.<\/span><span\nstyle=\"font-size: 10pt; font-family: &quot;Trebuchet MS&quot;,&quot;sans-serif&quot;; color: rgb(47, 47, 47);\"><o:p><\/o:p><\/span><\/p>\n<p class=\"MsoNormal\" style=\"text-align: justify; line-height: normal;\"><span\nstyle=\"font-size: 10pt; font-family: &quot;Trebuchet MS&quot;,&quot;sans-serif&quot;; color: rgb(47, 47, 47);\"><br \/>\nAussi affligeant soit-il, ce constat ne doit pas nous d\u00e9courager.&nbsp;<b>La d\u00e9construction annonc\u00e9e n&rsquo;est pas une fatalit\u00e9. L&rsquo;histoire a montr\u00e9 qu&rsquo;une soci\u00e9t\u00e9 poss\u00e8de souvent en elle-m\u00eame une capacit\u00e9 \u00e0 r\u00e9agir dans des situations catastrophiques. Nous devons donc nous mobiliser. A la fois en nous int\u00e9ressant \u00e0 ces questions, en \u00e9tant capables de d\u00e9noncer les id\u00e9ologies, mais aussi en annon\u00e7ant la Bonne Nouvelle.<\/b>&nbsp;Et la Bonne Nouvelle que nous voulons annoncer, c&rsquo;est qu&rsquo;il est possible d&rsquo;aimer en v\u00e9rit\u00e9, c&rsquo;est la beaut\u00e9 de la sexualit\u00e9 et du mariage v\u00e9cus, gr\u00e2ce \u00e0 l&rsquo;Esprit Saint, en conformit\u00e9 avec le projet de Dieu.<b>&nbsp;Il y a un travail \u00e9norme \u00e0 r\u00e9aliser pour aider les enfants et les jeunes \u00e0 s&rsquo;\u00e9veiller \u00e0 la beaut\u00e9 de leur corps et de leur sexualit\u00e9, \u00e0 rep\u00e9rer et \u00e9carter les contrefa\u00e7ons de l&rsquo;amour qui leur sont si souvent propos\u00e9es, et \u00e0 \u00e9panouir l&rsquo;extraordinaire potentiel \u00e0 aimer qui est en eux<\/b>.<o:p><\/o:p><\/span><\/p>\n<p class=\"MsoNormal\" style=\"text-align: justify; line-height: normal;\"><span\nstyle=\"font-size: 10pt; font-family: &quot;Trebuchet MS&quot;,&quot;sans-serif&quot;; color: rgb(47, 47, 47);\"><br \/>\nAvec charit\u00e9 et d\u00e9termination, mobilisonsnous ! C&rsquo;est un grand service que nous avons \u00e0 rendre \u00e0 notre humanit\u00e9\u00a0\u00bb.<o:p><\/o:p><\/span><\/p>\n<p> A la lecture de cet article et du document-joint, si vous estimez qu&rsquo;un referendum sur la question a lieu d&rsquo;\u00eatre, cliquez sur le le lien [http:\/\/www.referendum-officiel.fr\/->http:\/\/www.referendum-officiel.fr\/ ] . S&rsquo;il y a lieu, n&rsquo;h\u00e9sitez pas \u00e0 interpeller votre d\u00e9put\u00e9 ou votre s\u00e9nateur [http:\/\/www.assemblee-nationale.fr\/qui\/->http:\/\/www.assemblee-nationale.fr\/qui\/] ou si vous le jugez utile, signez la p\u00e9tition: [http:\/\/www.tous-pour-le-mariage.fr\/->http:\/\/www.tous-pour-le-mariage.fr\/]\n<\/p><\/div>\n","protected":false},"excerpt":{"rendered":"<p>Cette nouvelle qui touche de plein fouet les g\u00e9n\u00e9rations futures est trop grave pour que nous la passions sous silence sur ce site. Comme chacun sait, un projet de loi ouvrant le mariage et&#46;&#46;&#46;<\/p>\n","protected":false},"author":2,"featured_media":0,"comment_status":"open","ping_status":"open","sticky":false,"template":"","format":"standard","meta":{"footnotes":""},"categories":[],"tags":[],"class_list":["post-532","post","type-post","status-publish","format-standard","hentry"],"_links":{"self":[{"href":"http:\/\/www.chapelle-crecy.com\/index.php?rest_route=\/wp\/v2\/posts\/532","targetHints":{"allow":["GET"]}}],"collection":[{"href":"http:\/\/www.chapelle-crecy.com\/index.php?rest_route=\/wp\/v2\/posts"}],"about":[{"href":"http:\/\/www.chapelle-crecy.com\/index.php?rest_route=\/wp\/v2\/types\/post"}],"author":[{"embeddable":true,"href":"http:\/\/www.chapelle-crecy.com\/index.php?rest_route=\/wp\/v2\/users\/2"}],"replies":[{"embeddable":true,"href":"http:\/\/www.chapelle-crecy.com\/index.php?rest_route=%2Fwp%2Fv2%2Fcomments&post=532"}],"version-history":[{"count":0,"href":"http:\/\/www.chapelle-crecy.com\/index.php?rest_route=\/wp\/v2\/posts\/532\/revisions"}],"wp:attachment":[{"href":"http:\/\/www.chapelle-crecy.com\/index.php?rest_route=%2Fwp%2Fv2%2Fmedia&parent=532"}],"wp:term":[{"taxonomy":"category","embeddable":true,"href":"http:\/\/www.chapelle-crecy.com\/index.php?rest_route=%2Fwp%2Fv2%2Fcategories&post=532"},{"taxonomy":"post_tag","embeddable":true,"href":"http:\/\/www.chapelle-crecy.com\/index.php?rest_route=%2Fwp%2Fv2%2Ftags&post=532"}],"curies":[{"name":"wp","href":"https:\/\/api.w.org\/{rel}","templated":true}]}}