{"id":537,"date":"2012-10-11T12:29:28","date_gmt":"2012-10-11T12:29:28","guid":{"rendered":""},"modified":"-0001-11-30T00:00:00","modified_gmt":"-0001-11-29T22:00:00","slug":"","status":"publish","type":"post","link":"http:\/\/www.chapelle-crecy.com\/?p=537","title":{"rendered":"Aujourd&rsquo;hui 11 octobre nous f\u00eatons le 50\u00e8me anniversaire du Concile Vatican II"},"content":{"rendered":"<div align=\"justify\">Il y a 50 ans, jour pour jour, s&rsquo;ouvrait \u00e0\u00a0 Rome, le Concile Vatican II, cette r\u00e9union pleini\u00e8re de plus de 2000 \u00e9v\u00eaques et cardinaux venus du monde entier. Ils allaient se r\u00e9unir \u00e0\u00a0 l&rsquo;appel du Pape Jean XXIII jusqu&rsquo;en 1965 pour effectuer cet \u00ab\u00a0aggiornamento\u00a0\u00bb de l&rsquo;Eglise Catholique dans un monde en pleine mutation. Cette volont\u00e9 de changement, d&rsquo;ouverture, et de modernit\u00e9 de l&rsquo;Eglise s&rsquo;est concr\u00e9tis\u00e9e, entre autres, par la lib\u00e9ration de la Parole de Dieu, la Bible enfin accessible \u00e0\u00a0 tous, traduite en plusieurs langues. A l&rsquo;\u00e9poque, le P\u00e8re Tony Wiertz, actuel pr\u00eatre r\u00e9f\u00e9rent sur la Communaut\u00e9 de St Fiacre, avait rapidement cr\u00e9\u00e9 des cercles bibliques dans la ville de Meaux. Des petites \u00e9quipes de 8 \u00e0\u00a0 15 personnes se r\u00e9unissaient autour de la Parole de Dieu, tous les mois. Une autre avanc\u00e9e du Concile concerne la libert\u00e9 responsable. Gr ce \u00e0\u00a0 Jean XXIII, l&rsquo;Eglise a \u00ab\u00a0ouvert\u00a0\u00bb la porte \u00e0\u00a0 l&rsquo;Esprit.<br \/>Si vous d\u00e9sirez en savoir plus sur Vatican II, prenez connaissance des manifestations qui auront lieu sur notre secteur dans la suite de cet article&#8230;<\/div>\n<div align=\"center\"><img decoding=\"async\" src=\"\/IMG\/jpg\/vaticanII-1.jpg\" width=500><\/div>\n<p> Par ailleurs, au cours de cette ann\u00e9e de la foi, la Biblioth\u00e8que dioc\u00e9saine Guillaume Bri\u00e7onnet vous propose un programme exceptionnel pour mieux comprendre comment ce Concile Vatican II fut un v\u00e9ritable souffle de l&rsquo;Esprit sur notre Eglise Catholique:<br \/>\n<\/p>\n<p>1er th\u00e8me de travail et de recherche : Le concile Vatican II<\/p>\n<p>Apr\u00e8s les 3 s\u00e9ries de pr\u00e9sentations de l&rsquo;ann\u00e9e 2011-2012, nous entrons dans une \u00e9tape nouvelle. Plusieurs \u00ab modules \u00bb seront propos\u00e9s.<\/p>\n<p>&#8211;  Autour des personnes :<br \/> <br \/>\nles acteurs de Vatican II, leurs interventions, leurs oeuvres. \u00ab Une personne, une oeuvre, une heure \u00bb<\/p>\n<p>&#8211;  Autour de textes et de th\u00e8mes :<br \/> <br \/>\nL&rsquo;Eglise et la Parole de Dieu<br \/>\nL&rsquo;Eglise et le Monde<br \/>\nL&rsquo;Eglise, Peuple de Dieu en mission<br \/>\nselon l&rsquo;approfondissement du Concile Vatican II<\/p>\n<p>&#8211; Autour d&rsquo;\u00e9v\u00e8nements :<br \/>\nL&rsquo;encyclique \u00ab Pacem in Terris \u00bb<br \/>\nDe Jean XXIII \u00e0 Paul VI, le pape et le concile<\/p>\n<p> Les choix seront effectu\u00e9s en fonction des demandes des participants.<\/p>\n<p>2\u00e8me th\u00e8me : P\u00e8lerins d&rsquo;Emma\u00c3\u00bcs (Luc 24\/13-35)<\/p>\n<p>&#8211; Un chemin<br \/>\n&#8211; Un texte structurant<br \/>\n&#8211; Des r\u00e9ceptions diversifi\u00e9es : de l&rsquo;abb\u00e9 Pierre \u00e0 l&rsquo;histoire de l&rsquo;Art en passant par la liturgie<\/p>\n<p>3\u00e8me th\u00e8me : \u00ab Les \u00e9glises en Seine-et-Marne cent ans apr\u00e8s la S\u00e9paration, mise en valeur du patrimoine \u00bb<\/p>\n<p>&#8211; Les relations des maires et de l&rsquo;Eglise<br \/>\n&#8211; L&rsquo;art sacr\u00e9 et la vie des communaut\u00e9s<br \/>\n&#8211; Etudes d&rsquo;histoire locale et de mise en valeur <\/p>\n<p>P\u00e8re Bruno Beltramelli, conservateur de la biblioth\u00e8que.<\/p>\n<p>Biblioth\u00e8que dioc\u00e9saine Guillaume Bri\u00e7onnet,<br \/>\n20 rue de Chaage     77100 Meaux<br \/>\nTel : 01 60 23 24 46<\/p>\n","protected":false},"excerpt":{"rendered":"<p>Il y a 50 ans, jour pour jour, s&rsquo;ouvrait \u00e0\u00a0 Rome, le Concile Vatican II, cette r\u00e9union pleini\u00e8re de plus de 2000 \u00e9v\u00eaques et cardinaux venus du monde entier. Ils allaient se r\u00e9unir \u00e0\u00a0&#46;&#46;&#46;<\/p>\n","protected":false},"author":2,"featured_media":0,"comment_status":"open","ping_status":"open","sticky":false,"template":"","format":"standard","meta":{"footnotes":""},"categories":[],"tags":[],"class_list":["post-537","post","type-post","status-publish","format-standard","hentry"],"_links":{"self":[{"href":"http:\/\/www.chapelle-crecy.com\/index.php?rest_route=\/wp\/v2\/posts\/537","targetHints":{"allow":["GET"]}}],"collection":[{"href":"http:\/\/www.chapelle-crecy.com\/index.php?rest_route=\/wp\/v2\/posts"}],"about":[{"href":"http:\/\/www.chapelle-crecy.com\/index.php?rest_route=\/wp\/v2\/types\/post"}],"author":[{"embeddable":true,"href":"http:\/\/www.chapelle-crecy.com\/index.php?rest_route=\/wp\/v2\/users\/2"}],"replies":[{"embeddable":true,"href":"http:\/\/www.chapelle-crecy.com\/index.php?rest_route=%2Fwp%2Fv2%2Fcomments&post=537"}],"version-history":[{"count":0,"href":"http:\/\/www.chapelle-crecy.com\/index.php?rest_route=\/wp\/v2\/posts\/537\/revisions"}],"wp:attachment":[{"href":"http:\/\/www.chapelle-crecy.com\/index.php?rest_route=%2Fwp%2Fv2%2Fmedia&parent=537"}],"wp:term":[{"taxonomy":"category","embeddable":true,"href":"http:\/\/www.chapelle-crecy.com\/index.php?rest_route=%2Fwp%2Fv2%2Fcategories&post=537"},{"taxonomy":"post_tag","embeddable":true,"href":"http:\/\/www.chapelle-crecy.com\/index.php?rest_route=%2Fwp%2Fv2%2Ftags&post=537"}],"curies":[{"name":"wp","href":"https:\/\/api.w.org\/{rel}","templated":true}]}}