{"id":539,"date":"2012-10-23T23:30:00","date_gmt":"2012-10-23T23:30:00","guid":{"rendered":""},"modified":"-0001-11-30T00:00:00","modified_gmt":"-0001-11-29T22:00:00","slug":"","status":"publish","type":"post","link":"http:\/\/www.chapelle-crecy.com\/?p=539","title":{"rendered":"Un papa &#8211; Une maman &#8211; On ne ment pas aux enfants"},"content":{"rendered":"<table bgcolor =\"F0FAFF\" border=0>\n<tbody>\n<tr>\n<td>\n<div align=\"center\">Projet de loi mariage et adoption<\/div>\n<div align=\"center\">par des couples de m\u00eame sexe<\/div>\n<div align=\"center\"><span style=\"color: red;\">O\u00f9 est l&rsquo;enjeu central du d\u00e9bat ?<\/span><\/div>\n<div align=\"center\">Pour ce rassemblement du<span style=\"color: blue;\"> Mardi 23 octobre 2012, \u00e0\u00a0 Meaux<\/span><\/div>\n<div align=\"center\">Retrouvez l&rsquo;album photo de la sc\u00e9nographie singuli\u00e8re, et le discours de Tugdual Derville dont l&rsquo;objectif \u00e9tait de poser LA question \u00e0\u00a0 laquelle les Fran\u00e7ais ont droit.<\/div>\n<div align=\"center\">En fin d&rsquo;article, programme des prochains rassemblements. <\/div>\n<\/td>\n<\/tr>\n<\/tbody>\n<\/table>\n<div align=\"justify\">\n Que voulons-nous manifester aujourd&rsquo;hui, avec Alliance VITA et de tr\u00e8s nombreux Fran\u00e7ais, r\u00e9unis simultan\u00e9ment dans 75 villes de France ?<br \/>\n Au coeur de la ville sont rassembl\u00e9s des hommes et des femmes. S&rsquo;ils sont habill\u00e9s de deux couleurs distinctes, c&rsquo;est qu&rsquo;ils s&rsquo;inscrivent dans la parit\u00e9 homme-femme qui marque chaque \u00eatre humain, issu d&rsquo;un homme et d&rsquo;une femme, comme la marque propre de l&rsquo;humanit\u00e9, compos\u00e9e de deux groupes d&rsquo;\u00e9gale dignit\u00e9 : les hommes et les femmes.<\/p>\n<div align=\"center\"><img decoding=\"async\" src=\"\/IMG\/jpg\/VITA-1.jpg\" width=300><\/div>\n<div align=\"center\">Environ, 130 manifestants d&rsquo;apr\u00e8s la Police<\/div>\n<p><\/p>\n<p> Mais voil\u00e0 que surgit un jeune portant deux ailes. Elles symbolisent cette r\u00e9alit\u00e9 intangible : chacun est issu d&rsquo;un homme et d&rsquo;une femme, chacun  a besoin, pour trouver son \u00e9quilibre, d&rsquo;un papa et d&rsquo;une maman.<br \/>\n Bien s\u00fbr, il ne s&rsquo;agit pas d&rsquo;exclure les enfants priv\u00e9s de l&rsquo;un ou l&rsquo;autre de leur parent : orphelins, familles \u00ab monoparentales \u00bb\u00e2\u20ac\u00a6 Au contraire, la solidarit\u00e9 nationale doit tout faire pour \u00e9pauler ces enfants, ainsi que tout parent isol\u00e9, dans sa t\u00e2che \u00e9ducative. Apporter cette aide, c&rsquo;est reconna \u00eetre le manque de l&rsquo;un des deux parents. <\/p>\n<div align=\"center\"><img decoding=\"async\" src=\"\/IMG\/jpg\/VITA-2.jpg\" width=300><\/div>\n<div align=\"center\">L&rsquo;enfant avec ses ailes \u00ab\u00a0papa-maman\u00a0\u00bb prend enfin son envol<\/div>\n<p>\n Mais justement, un projet de loi entend bouleverser l&rsquo;\u00e9quilibre p\u00e8re-m\u00e8re au sein m\u00eame  du couple de parent, alors qu&rsquo;il est le meilleur cadre offert \u00e0 l&rsquo;enfant pour se construire. On veut donner \u00e0 certains enfants en attente d&rsquo;adoption deux papas ou deux mamans, mais  cela les prive d&rsquo;une maman ou d&rsquo;un papa. De quel droit imposer cela \u00e0 un enfant, d\u00e9j\u00e0 fragilis\u00e9 par une rupture ou un deuil ? De quel droit lui imposer une fiction, en tentant de lui faire croire qu&rsquo;on peut \u00eatre l&rsquo;enfant de deux hommes ou de deux femmes ? On ne ment pas aux enfants. Les enfants adopt\u00e9s ont d\u00e9j\u00e0 conscience que toute manipulation sur leurs origines constitue une grave maltraitance.<\/p>\n<div align=\"center\"><img decoding=\"async\" src=\"\/IMG\/jpg\/VITA-3.jpg\" width=300><\/div>\n<div align=\"center\">L&rsquo;enfant lanc\u00e9 dans la vie avec son p\u00e8re et sa m\u00e8re se tient fi\u00e8rement comme une statue victorieuse<\/div>\n<p><\/p>\n<p> Cet enfant portant deux ailes a d\u00e9j\u00e0 des difficult\u00e9s \u00e0 trouver son \u00e9quilibre pour prendre son envol dans la vie. Si les composantes maternelles et paternelles sont si pr\u00e9cieuses et non interchangeables, c&rsquo;est bien en raison de la valeur m\u00eame de la parit\u00e9. Tour \u00e0 tour, le p\u00e8re et la m\u00e8re contribuent \u00e0 prot\u00e9ger, soutenir, donner confiance, encourager, consoler, poser des limites, jusqu&rsquo;\u00e0 apprendre la valeur de la libert\u00e9.<\/p>\n<div align=\"center\"><img decoding=\"async\" src=\"\/IMG\/jpg\/VITA-4.jpg\" width=300><\/div>\n<div align=\"center\">Un message clair et respectueux de tous<\/div>\n<p><\/p>\n<p>Comment pr\u00e9tendre effacer cette parit\u00e9 p\u00e8re-m\u00e8re, tout en faisant la promotion d&rsquo;une parit\u00e9 homme-femme au Gouvernement et dans toutes les sph\u00e8res de d\u00e9cision ? Le droit A l&rsquo;enfant va-t-il prendre le pas sur le droit DE l&rsquo;enfant ?<\/p>\n<div align=\"center\"><img decoding=\"async\" src=\"\/IMG\/jpg\/enfant-VITA.jpg\" width=300><\/div>\n<p> Alliance VITA prend la d\u00e9fense de l&rsquo;enfant avec de tr\u00e8s nombreux Fran\u00e7ais : professionnels de l&rsquo;enfance, soignants, \u00e9ducateurs, couples en attente d&rsquo;enfant \u00e0 adopter, associations de solidarit\u00e9\u00e2\u20ac\u00a6<br \/>\nDerri\u00e8re la revendication sur le \u00ab mariage et l&rsquo;adoption par des personnes de m\u00eame sexe \u00bb, la question qui se pose est : un enfant confi\u00e9 \u00e0 l&rsquo;adoption m\u00e9rite-t-il d&rsquo;avoir un p\u00e8re et une m\u00e8re ? <\/p>\n<p>Avec 63% des Fran\u00e7ais, et certainement bien plus lorsqu&rsquo;aura \u00e9t\u00e9 mieux explicit\u00e9 cet enjeu, nous disons OUI. Pla\u00e7ons aujourd&rsquo;hui l&rsquo;enfant au coeur de ce d\u00e9bat !<br \/>\n Un papa, une maman, tout simplement ! \u00bb<\/p>\n<div align=\"center\"><img decoding=\"async\" src=\"\/IMG\/jpg\/logo-VITA.jpg\" width=300><\/div>\n<p> Les raisons de cette manifestation pacifique<br \/>\n VITA a choisi d&rsquo;appliquer toutes ses forces dans ce d\u00e9bat, parce qu&rsquo;il nous concerne tous, et qu&rsquo;il a des r\u00e9percussions bien au-del\u00e0 de ceux qui revendiquent de se marier avec une personne de m\u00eame sexe. <\/p>\n<div align=\"center\"><img decoding=\"async\" src=\"\/IMG\/jpg\/France-VITA.jpg\" width=400><\/div>\n<p><\/p>\n<p> 75 \u00e9v\u00e9nements simultan\u00e9s conduits par les \u00e9quipes d\u00e9partementales d&rsquo;Alliance VITA se sont tenues dans 75 centres-villes. Ils sont le point de d\u00e9part de mobilisations r\u00e9gionales et nationales qui visent \u00e0 engager le d\u00e9bat que le gouvernement tente d&rsquo;escamoter.  Au-del\u00e0 de toutes les sensibilit\u00e9s politiques, associatives ou religieuses, ce qui pr\u00e9occupe VITA c&rsquo;est la justice et la solidarit\u00e9 vis-\u00e0-vis des citoyens les plus fragiles. Cette priorit\u00e9 a \u00e9t\u00e9 montr\u00e9e de mani\u00e8re spectaculaire, ce mardi 23 octobre 2012.  <\/p>\n<p> Qui est Alliance VITA?<br \/>\n Alliance VITA est une association fond\u00e9e en France en 1993 au moment des premi\u00e8res lois bio\u00e9thiques. Elle agit selon deux axes : l&rsquo;aide aux personnes confront\u00e9es aux \u00e9preuves de la vie ; la sensibilisation du public et des d\u00e9cideurs \u00e0 la protection de la vie humaine. Alliance VITA compte 104 \u00e9quipes d\u00e9partementales, et plus de 32 000 soutiens en France. <\/p>\n<p> Les sites d&rsquo;\u00e9coute d&rsquo;Alliance VITA :<br \/>\n SOS b\u00e9b\u00e9:  [www.sosbebe.org->www.sosbebe.org]<br \/>\n SOS fin de vie:  [www.findevie.org->www.findevie.org]<br \/>\n Site d&rsquo;Alliance VITA: [www.alliancevita.org->www.alliancevita.org]<\/p>\n<p><span style=\"color: red;\">Questions \u00e0 Tugdual Derville, D\u00e9l\u00e9gu\u00e9 g\u00e9n\u00e9ral d&rsquo;Alliance VITA<br \/>\n75 manifestations pour prot\u00e9ger l&rsquo;enfant<br \/>\nProjet de loi mariage et adoption homosexuels<br \/>\n23 octobre 2012<\/span><\/p>\n<p> <span style=\"color: blue;\">Pourquoi vous mobilisez-vous le 23 octobre dans 75 villes de France ?<\/span><br \/> <br \/>\n C&rsquo;est un d\u00e9but : en se d\u00e9ployant d\u00e8s maintenant dans 75 villes, Alliance VITA a choisi d&rsquo;alerter le maximum de Fran\u00e7ais. Notre pr\u00e9sence dans toutes ces villes souligne l&rsquo;ancrage local de cette mobilisation et montre que ce projet concerne tous les Fran\u00e7ais. Confront\u00e9s au projet de loi visant \u00e0 l\u00e9galiser le mariage et l&rsquo;adoption pour des personnes de m\u00eame sexe, nous consid\u00e9rons que la protection de l&rsquo;enfant doit \u00eatre la priorit\u00e9. Plus qu&rsquo;\u00e0 une manifestation proprement dite, les participants sont donc invit\u00e9s \u00e0 composer, par leur pr\u00e9sence, une image symbolique exprimant cette conviction. <\/p>\n<p> <span style=\"color: blue;\">Est-ce une action qui peut \u00eatre tax\u00e9e d&rsquo;homophobe ?<\/span><br \/> <br \/>\n Certainement pas, puisque c&rsquo;est l&rsquo;enfant que nous situons au coeur du d\u00e9bat. Il serait injuste de laisser enfermer l&rsquo;opposition \u00e0 ce projet dans une accusation d&rsquo;homophobie, qui a pour effet d&rsquo;escamoter le d\u00e9bat. Ce qui compte, c&rsquo;est la qualit\u00e9 de notre discours et le caract\u00e8re paisible de nos rassemblements. Leur enjeu est capital : la soci\u00e9t\u00e9 peut-elle d\u00e9cider d&rsquo;annuler le rep\u00e8re fondateur de la vie en soci\u00e9t\u00e9, selon lequel nous sommes tous n\u00e9s d&rsquo;un homme et d&rsquo;une femme ? <\/p>\n<p> <span style=\"color: blue;\">La majorit\u00e9 des Fran\u00e7ais ne semblent pas oppos\u00e9s au mariage pour les couples de m\u00eame sexe\u00e2\u20ac\u00a6<\/span><br \/> <br \/>\n Ils n&rsquo;ont pas conscience que le mariage institue la famille et que ce projet bouleverserait sa d\u00e9finition.<\/p>\n<p> <span style=\"color: blue;\">Quel regard portez-vous sur l&rsquo;\u00e9volution de l&rsquo;opinion des Fran\u00e7ais sur l&rsquo;adoption pour les couples de m\u00eame sexe ?<\/span><br \/>\n Leur r\u00e9action est diff\u00e9rente selon qu&rsquo;ils se placent du point de vue des adultes ou du point de vue des enfants. Jusqu&rsquo;alors on parlait de \u00ab mariage pour tous \u00bb. Les Fran\u00e7ais commencent \u00e0 mesurer que ce droit implique celui d&rsquo;adopter des enfants. Des voix s&rsquo;\u00e9l\u00e8vent pour prendre leur d\u00e9fense. Si l&rsquo;on se met \u00e0 la place d&rsquo;un enfant en attente d&rsquo;une famille d&rsquo;adoption, cela saute aux yeux qu&rsquo;il a besoin d&rsquo;un papa et d&rsquo;une maman.<\/p>\n<p> <span style=\"color: blue;\">Quelles sont vos principales r\u00e9ticences ?<\/span><br \/>\n Deux papas ne remplacent pas une maman et deux mamans ne remplacent pas un papa. Tout le d\u00e9bat sur la parit\u00e9 trouve son fondement dans la parit\u00e9 originelle p\u00e8re\/m\u00e8re au sein du couple. Imposer \u00e0 un enfant l&rsquo;id\u00e9e qu&rsquo;il pourrait avoir deux p\u00e8res ou deux m\u00e8res, ce serait un mensonge d&rsquo;Etat. En r\u00e9alit\u00e9, ce projet c\u00e8de \u00e0 des revendications tr\u00e8s minoritaires, mais touche \u00e0 ce qu&rsquo;il y a de plus pr\u00e9cieux dans notre soci\u00e9t\u00e9 : la structuration de la famille au service de l&rsquo;enfant. On nous parle d&rsquo;\u00e9galit\u00e9 mais c&rsquo;est justement l&rsquo;\u00e9galit\u00e9 entre les enfants qu&rsquo;il faut prot\u00e9ger. Priver d\u00e9lib\u00e9r\u00e9ment l&rsquo;enfant d&rsquo;un p\u00e8re ou d&rsquo;une m\u00e8re serait une discrimination inacceptable.<\/p>\n<p> <span style=\"color: blue;\">Les Fran\u00e7ais sont-ils r\u00e9ellement mobilis\u00e9s contre le projet de loi ?<\/span><br \/> <br \/>\n Le d\u00e9bat est en train de monter avec des lignes d&rsquo;opposition finalement puissantes et diverses. Beaucoup de maires, par exemple, sont concern\u00e9s en tant qu&rsquo;officiers d&rsquo;\u00e9tat civil et rentrent en fronde. A gauche comme \u00e0 droite. Des professionnels de l&rsquo;enfance prennent la parole pour \u00e9viter que des d\u00e9cennies de d\u00e9couvertes sur l&rsquo;importance du p\u00e8re et de la m\u00e8re dans la construction psychique de l&rsquo;enfant ne soient balay\u00e9es. Je per\u00e7ois la mont\u00e9e d&rsquo;une contestation qui rassemble des personnes attach\u00e9es, au nom de tous les enfants, \u00e0 un rep\u00e8re majeur de notre soci\u00e9t\u00e9 que ce projet entend saper. Nous avons rarement constat\u00e9 chez ceux qui nous soutiennent une telle attente d&rsquo;agir. Apr\u00e8s les rassemblements du 23 octobre 2012, Alliance VITA soutiendra un rassemblement national \u00e0 Paris dont la date sera d\u00e9termin\u00e9e par le calendrier du gouvernement.<br \/>\n Pour en savoir plus sur Tugdual Derville et l&rsquo;association Alliance VITA dont il est le d\u00e9l\u00e9gu\u00e9 g\u00e9n\u00e9ral, \u00e9coutez le podcast de l&rsquo;\u00e9mission du \u00ab\u00a0Grand t\u00e9moin\u00a0\u00bb de Radio Notre-Dame dont il \u00e9tait l&rsquo;invit\u00e9 le 30 octobre dernier:<br \/>\n [http:\/\/radionotredame.net\/player\/http:\/\/radionotredame.net\/wp-content\/uploads\/podcasts\/le-grand-temoin\/le-grand-temoin-30-10-2012.mp3->http:\/\/radionotredame.net\/player\/http:\/\/radionotredame.net\/wp-content\/uploads\/podcasts\/le-grand-temoin\/le-grand-temoin-30-10-2012.mp3]<\/p>\n<p> Dans un cadre diff\u00e9rent des rassemblements de ce jour, mais dans le but d&rsquo;aller plus loin dans la r\u00e9flexion, nous vous proposons les documents tr\u00e8s int\u00e9ressants ci-joints:<\/p>\n<p>&#8211; Le mariage homosexuel vu par le grand rabbin de France, Gilles Bernheim;<br \/>\n&#8211; Le discours d&rsquo;ouverture de l&rsquo;Assembl\u00e9e pl\u00e9ni\u00e8re de la Conf\u00e9rence des Ev\u00eaques de France, prononc\u00e9 par le Cardinal Andr\u00e9 Vingt-Trois \u00e0 Lourdes, le 3 novembre 2012;<br \/>\n&#8211; L&rsquo;hom\u00e9lie du cardinal Andr\u00e9 Vingt-Trois, archev\u00eaque de Paris prononc\u00e9e lors de la messe du 4 novembre 2012 en la basilique du rosaire de Lourdes.<\/p>\n<p> <span style=\"color: red;\">Voici ce que vous pouvez faire dans les prochains jours<\/span><\/p>\n<p> Il est important que chacun fasse quelque chose! Tous les efforts compteront. Ecrivez \u00e0 vos \u00e9lus: d\u00e9put\u00e9s, dites votre soutien aux maires qui s&rsquo;engageront \u00e0 refuser le mariage entre personnes de m\u00eame sexe, etc, au pr\u00e9sident. Parlez autour de vous. Vous \u00eates soutenu par une opinion publique majoritairement favorable \u00e0 la cause de l&rsquo;enfant. <\/p>\n<p>Diffusez le plus possible la vid\u00e9o [http:\/\/www.flickr.com\/photos\/alliancevita\/8116524789\/->http:\/\/www.flickr.com\/photos\/alliancevita\/8116524789\/] et les photos \u00e0 vos contacts locaux. Faites la promotion de cet article au plus grand nombre.<\/p>\n<p> Plusieurs autres rassemblements sont pr\u00e9vus. <\/p>\n<p> le samedi 17 novembre: rassemblement appel\u00e9 \u00ab\u00a0la manif pour tous\u00a0\u00bb. Ce rassemblement a lieu \u00e0 Paris, place Denfert Rochereau, \u00e0 14h30.<br \/>\n Une autre manifestation unitaire, inter-associations, aconfessionnelle et apolitique aura lieu le 13 janvier \u00e0 laquelle Alliance VITA appellera \u00e0 se rendre. D&rsquo;ici l\u00e0, parlons, argumentons, int\u00e9ressons par tous les moyens \u00e0 ce qui est en train de se pr\u00e9parer.<\/p>\n<p> la manifestation du dimanche 18 novembre est \u00e0 \u00e9viter. Les m\u00e9thodes et l&rsquo;\u00e9thique du mouvement organisateur (Civitas) ne sont pas celles d&rsquo;Alliance Vita, qui d\u00e9conseille fortement de s&rsquo;y associer. Le rassemblement de Civitas risque d&rsquo;\u00eatre m\u00e9diatiquement contreproductif.\n<\/p><\/div>\n","protected":false},"excerpt":{"rendered":"<p>Projet de loi mariage et adoption par des couples de m\u00eame sexe O\u00f9 est l&rsquo;enjeu central du d\u00e9bat ? Pour ce rassemblement du Mardi 23 octobre 2012, \u00e0\u00a0 Meaux Retrouvez l&rsquo;album photo de la&#46;&#46;&#46;<\/p>\n","protected":false},"author":2,"featured_media":0,"comment_status":"open","ping_status":"open","sticky":false,"template":"","format":"standard","meta":{"footnotes":""},"categories":[],"tags":[],"class_list":["post-539","post","type-post","status-publish","format-standard","hentry"],"_links":{"self":[{"href":"http:\/\/www.chapelle-crecy.com\/index.php?rest_route=\/wp\/v2\/posts\/539","targetHints":{"allow":["GET"]}}],"collection":[{"href":"http:\/\/www.chapelle-crecy.com\/index.php?rest_route=\/wp\/v2\/posts"}],"about":[{"href":"http:\/\/www.chapelle-crecy.com\/index.php?rest_route=\/wp\/v2\/types\/post"}],"author":[{"embeddable":true,"href":"http:\/\/www.chapelle-crecy.com\/index.php?rest_route=\/wp\/v2\/users\/2"}],"replies":[{"embeddable":true,"href":"http:\/\/www.chapelle-crecy.com\/index.php?rest_route=%2Fwp%2Fv2%2Fcomments&post=539"}],"version-history":[{"count":0,"href":"http:\/\/www.chapelle-crecy.com\/index.php?rest_route=\/wp\/v2\/posts\/539\/revisions"}],"wp:attachment":[{"href":"http:\/\/www.chapelle-crecy.com\/index.php?rest_route=%2Fwp%2Fv2%2Fmedia&parent=539"}],"wp:term":[{"taxonomy":"category","embeddable":true,"href":"http:\/\/www.chapelle-crecy.com\/index.php?rest_route=%2Fwp%2Fv2%2Fcategories&post=539"},{"taxonomy":"post_tag","embeddable":true,"href":"http:\/\/www.chapelle-crecy.com\/index.php?rest_route=%2Fwp%2Fv2%2Ftags&post=539"}],"curies":[{"name":"wp","href":"https:\/\/api.w.org\/{rel}","templated":true}]}}