{"id":542,"date":"2012-11-01T15:40:58","date_gmt":"2012-11-01T15:40:58","guid":{"rendered":""},"modified":"-0001-11-30T00:00:00","modified_gmt":"-0001-11-29T22:00:00","slug":"","status":"publish","type":"post","link":"http:\/\/www.chapelle-crecy.com\/?p=542","title":{"rendered":"En marche vers la Saintet\u00e9"},"content":{"rendered":"<div align=\"justify\"> Aujourd&rsquo;hui, en ce jeudi 1er novembre, nous c\u00e9l\u00e9brons la f\u00eate de la Toussaint et demain, vendredi 2 novembre, la comm\u00e9moration de nos d\u00e9funts.<br \/> <br \/>\nLa Toussaint n&rsquo;est pas la f\u00eate des morts mais des vivants et de tous les saints, c&rsquo;est-\u00e0\u00a0-dire les amis de J\u00e9sus, ceux que l&rsquo;\u00e9glise nous donne en exemple et la foule de tous ceux et celles, connus et inconnus, qui sont appel\u00e9s \u00e0\u00a0 la Saintet\u00e9 et un jour, tous r\u00e9unis dans la joie de Dieu&#8230;<\/div>\n<div align=\"justify\">La f\u00eate de la Toussaint nous redit que la Saintet\u00e9 n&rsquo;est pas r\u00e9serv\u00e9e \u00e0 quelques mod\u00e8les mais \u00e0 tout le peuple des baptis\u00e9s, c&rsquo;est la f\u00eate de chacun d&rsquo;entre nous appel\u00e9 \u00e0 \u00eatre t\u00e9moin du Christ l\u00e0 o\u00f9 il vit. Le Concile Vatican II a rappel\u00e9 notre vocation \u00e0 la Saintet\u00e9.<br \/> <br \/>\nLe lendemain, la comm\u00e9moration des d\u00e9funts nous redit l&rsquo;esp\u00e9rance chr\u00e9tienne que, par del\u00e0 la mort, \u00e9v\u00e8nement toujours bouleversant, le Christ nous attend et nous donne la vie et la paix. Dans la communion des saints dont nous parle le Credo, nos d\u00e9funts ne viennent pas nous effrayer mais nous prions avec eux et pour eux sp\u00e9cialement au cours de l&rsquo;Eucharistie. <br \/>\n\u00ab\u00a0Re\u00e7ois-les dans ta lumi\u00e8re aupr\u00e8s de toi o\u00f9 nous esp\u00e9rons \u00eatre combl\u00e9s de ta gloire tous ensemble et pour l&rsquo;\u00e9ternit\u00e9 par le Christ notre Seigneur\u00a0\u00bb(Pri\u00e8re eucharistique n\u00c2\u00b03).<br \/> <br \/>\n\u00ab\u00a0N&rsquo;ayez pas peur d&rsquo;\u00eatre des saints\u00a0\u00bb (Bienheureux Jean-Paul II).<br \/> <br \/>\nChanoine Philippe LEGRAND,<br \/> <br \/>\nCur\u00e9 du P\u00f4le missionnaire de Meaux<\/p>\n<div align=\"center\"><img decoding=\"async\" src=\"\/IMG\/jpg\/JPII-saint.jpg\n\" width=400><\/div>\n<p>Pourquoi les Saints ?<\/p>\n<p> D\u00e8s le milieu du II\u00e8me si\u00e8cle en Orient, et au III\u00e8me si\u00e8cle en Occident, les chr\u00e9tiens prirent l&rsquo;habitude de se r\u00e9unir pr\u00e8s des tombes des martyrs le jour anniversaire de leur mort c\u00e9l\u00e9br\u00e9 comme le jour de leur naissance au ciel. La communaut\u00e9 chr\u00e9tienne en effet, a tout de suite regard\u00e9 comme entr\u00e9s dans la gloire de Dieu ceux qui ont vers\u00e9 leur sang pour Lui, et l&rsquo;habitude est prise tr\u00e8s t\u00f4t de marquer fortement le lien entre leur sacrifice et celui du Christ sur la croix en c\u00e9l\u00e9brant l&rsquo;Eucharistie sur leur tombe.<\/p>\n<p> Et c&rsquo;est ainsi que peu \u00e0 peu le calendrier qui rythme le temps qui passe a \u00e9t\u00e9 sanctifi\u00e9 par le souvenir des martyrs (saints \u00e0 cause de leur mort) puis, apr\u00e8s les pers\u00e9cutions, par le souvenir des saints (\u00e0 cause de leur vie).<br \/>\nAu tout d\u00e9but, en effet, sont honor\u00e9s les martyrs : ceux qui ont vers\u00e9 leur sang par fid\u00e9lit\u00e9 au Christ. D&rsquo;abord les jeunes filles condamn\u00e9es \u00e0 mort par refus du mariage (le c\u00e9libat \u00e9tait consid\u00e9r\u00e9 par les premiers chr\u00e9tiens comme le don supr\u00eame de soi-m\u00eame fait \u00e0 Dieu en vue du Royaume). Si la loi, dans l&#8217;empire romain, interdisait au p\u00e8re de mettre \u00e0 mort ses fils lorsqu&rsquo;ils \u00e9taient bien constitu\u00e9s, la coutume voulait qu&rsquo;\u00e0 Rome on ne garde qu&rsquo;une fille. Et il \u00e9tait impensable qu&rsquo;elle refuse de se marier. La r\u00e9sistance \u00e0 la volont\u00e9 paternelle a fait de ces filles de v\u00e9ritables contestataires de l&rsquo;ordre \u00e9tabli, en introduisant la notion toute neuve de personne humaine lib\u00e9r\u00e9e de l&rsquo;asservissement \u00e0 la soci\u00e9t\u00e9.<\/p>\n<p> Ensuite les militaires qui ne pouvaient \u00e9chapper \u00e0 l&rsquo;obligation d&rsquo;offrir de l&rsquo;encens aux divinit\u00e9s imp\u00e9riales.<br \/>\nEnfin, les responsables des communaut\u00e9s . Il ne faisait pas bon, dans la Primitive Eglise, d&rsquo;\u00eatre responsable. Tous les ap\u00f4tres sauf Jean sont morts martyrs, et les 30 papes qui ont succ\u00e9d\u00e9 \u00e0 St Pierre\u00e2\u20ac\u00a6<br \/>\nPuis les pers\u00e9cutions cess\u00e8rent et les chr\u00e9tiens comprirent que l&rsquo;on pouvait donner sa vie pour Dieu et ses fr\u00e8res autrement que sous la torture. La voie \u00e9tait ouverte \u00e0 la reconnaissance d&rsquo;autres formes de saintet\u00e9. Mais comme le dit R\u00e9gine Pernoud : \u00bbIl est impossible de faire un portrait-robot de la saintet\u00e9. Ce qui frappe au contraire, c&rsquo;est la vari\u00e9t\u00e9, la plus totale et d\u00e9concertante, qu&rsquo;on d\u00e9couvre dans ce peuple immense : des petits et des rois, des m\u00e8res de famille, des bergers et des soldats, des malades et des philosophes. \u00bb<\/p>\n<p> Cependant toutes et tous ont en commun cet abandon confiant \u00e0 la volont\u00e9 du P\u00e8re. \u00ab Aimer Dieu, nous dit Saint Vincent de-Paul, c&rsquo;est faire sa volont\u00e9 en toute humilit\u00e9 \u00bb. Le but de la vie, nous dit St Gr\u00e9goire de Nysse, est de laisser Dieu faire r\u00e9apparaitre en l&rsquo;homme Son image \u00bb. On connait aussi la pri\u00e8re du Bienheureux Charles de Foucauld : \u00bbMon P\u00e8re, je m&rsquo;abandonne \u00e0 vous. Faites de moi ce qu&rsquo;il vous plaira \u00bb. Et le Christ \u00e0 Sainte Catherine de Sienne ; \u00ab Fais toi capacit\u00e9, je me ferai torrent \u00bb.<br \/>\nLes t\u00e9moins qui nous pr\u00e9c\u00e8dent dans le Royaume, sp\u00e9cialement ceux que l&rsquo;Eglise reconna \u00eet comme saints, contemplent Dieu et ne cessent de prendre soin de ceux qu&rsquo;ils ont laiss\u00e9s sur la terre. C&rsquo;est pourquoi nous pouvons les prier d&rsquo;interc\u00e9der pour nous et pour le monde entier (cat\u00e9 n\u00c2\u00b02863).<\/p>\n<p> Et l&rsquo;Eglise catholique pr\u00e9cise que : \u00ab pour favoriser la sanctification du peuple de Dieu, l&rsquo;Eglise recommande \u00e0 la v\u00e9n\u00e9ration particuli\u00e8re et filiale des fid\u00e8les la Bienheureuse Marie, toujours Vierge, M\u00e8re de Dieu, que le Christ a \u00e9tablie M\u00e8re de tous les hommes, et elle favorise le culte v\u00e9ritable et authentique des autres saints, dont l&rsquo;exemple en v\u00e9rit\u00e9 \u00e9difie tous  les fid\u00e8les et dont l&rsquo;intercession les soutient. \u00bb D&rsquo;o\u00f9 cette belle pri\u00e8re r\u00e9cit\u00e9e \u00e0 leurs f\u00eates :<\/p>\n<p> \u00ab  Lorsque Tu couronnes leurs m\u00e9rites, Tu couronnes Tes propres dons. Dans leur vie, Tu nous procures un mod\u00e8le, dans la communion avec eux une famille, et dans leur intercession un appui.  \u00bb<\/p>\n<p> L&rsquo;ann\u00e9e compte 365 jours, si l&rsquo;on soustrait les jours r\u00e9serv\u00e9s aux grands \u00e9v\u00e8nements de l&rsquo;ann\u00e9e liturgique : P\u00e2ques, Ascension, Pente c\u00f4te, Assomption, No\u00ebl, Annonciation, Visitation, etc. plus les dimanches r\u00e9serv\u00e9s au Christ, il reste peu de place pour f\u00eater nos saints, alors que le \u00ab catalogue \u00bb officiel de l&rsquo;Eglise en compte plus de 40 000\u00e2\u20ac\u00a6  <\/p>\n<p> C&rsquo;est pourquoi, au fil des si\u00e8cles, il a fallu choisir. Au dernier concile Vatican II (1962-1965) le calendrier a \u00e9t\u00e9 revu et corrig\u00e9 ; il est devenu beaucoup plus international gr\u00e2ce aux saints venus d&rsquo;Asie, d&rsquo;Afrique ou des Am\u00e9riques. En gros, il y a le calendrier universel qui compte 182 noms et qui sont f\u00eat\u00e9s dans tous les dioc\u00e8ses  du monde (ex : St Vincent de Paul, Saint Cur\u00e9 d&rsquo;Ars, \u00e2\u20ac\u00a6). Puis, les calendriers particuliers par pays (ex : Jeanne d&rsquo;Arc n&rsquo;est f\u00eat\u00e9e qu&rsquo;en France) et m\u00eame par dioc\u00e8se (ex : Saint Fiacre ou Saint Faron dans le dioc\u00e8se de Meaux).<\/p>\n<p> Tout derni\u00e8rement, en France, on a f\u00eat\u00e9 la b\u00e9atification de :<\/p>\n<p>&#8211; Pierre-Adrien Toulorge (1757-1793), le 29 avril 2012<br \/>\n&#8211; M\u00e8re Saint Louis (1763-1825), le 27 mai 2012-10-28<br \/>\n&#8211; P\u00e8re Jean-Joseph Lataste (1832-1869), le 3 juin 2012<br \/>\n \u00ab  Qu&rsquo;il me soit permis de noter, disait Jean-Paul II \u00e0 Lisieux le 2 juin 1980, que les saints ne vieillissent pratiquement jamais\u00e2\u20ac\u00a6 Au contraire, ils sont toujours les hommes et les femmes du lendemain, les hommes et les femmes de l&rsquo;avenir \u00e9vang\u00e9lique de l&rsquo;homme et de l&rsquo;Eglise, les t\u00e9moins du monde futur  \u00bb.<\/p>\n<div align=\"center\">* * * * * * * <\/div>\n<p> En ce d\u00e9but de mois de novembre, nous portons \u00e0 votre connaissance les activit\u00e9s propos\u00e9es par les paroisses d&rsquo;Esbly et de St Jean Bosco de Meaux, 2 paroisses de notre p\u00f4le de Meaux. <\/p><\/div>\n","protected":false},"excerpt":{"rendered":"<p>Aujourd&rsquo;hui, en ce jeudi 1er novembre, nous c\u00e9l\u00e9brons la f\u00eate de la Toussaint et demain, vendredi 2 novembre, la comm\u00e9moration de nos d\u00e9funts. La Toussaint n&rsquo;est pas la f\u00eate des morts mais des vivants&#46;&#46;&#46;<\/p>\n","protected":false},"author":2,"featured_media":0,"comment_status":"open","ping_status":"open","sticky":false,"template":"","format":"standard","meta":{"footnotes":""},"categories":[],"tags":[],"class_list":["post-542","post","type-post","status-publish","format-standard","hentry"],"_links":{"self":[{"href":"http:\/\/www.chapelle-crecy.com\/index.php?rest_route=\/wp\/v2\/posts\/542","targetHints":{"allow":["GET"]}}],"collection":[{"href":"http:\/\/www.chapelle-crecy.com\/index.php?rest_route=\/wp\/v2\/posts"}],"about":[{"href":"http:\/\/www.chapelle-crecy.com\/index.php?rest_route=\/wp\/v2\/types\/post"}],"author":[{"embeddable":true,"href":"http:\/\/www.chapelle-crecy.com\/index.php?rest_route=\/wp\/v2\/users\/2"}],"replies":[{"embeddable":true,"href":"http:\/\/www.chapelle-crecy.com\/index.php?rest_route=%2Fwp%2Fv2%2Fcomments&post=542"}],"version-history":[{"count":0,"href":"http:\/\/www.chapelle-crecy.com\/index.php?rest_route=\/wp\/v2\/posts\/542\/revisions"}],"wp:attachment":[{"href":"http:\/\/www.chapelle-crecy.com\/index.php?rest_route=%2Fwp%2Fv2%2Fmedia&parent=542"}],"wp:term":[{"taxonomy":"category","embeddable":true,"href":"http:\/\/www.chapelle-crecy.com\/index.php?rest_route=%2Fwp%2Fv2%2Fcategories&post=542"},{"taxonomy":"post_tag","embeddable":true,"href":"http:\/\/www.chapelle-crecy.com\/index.php?rest_route=%2Fwp%2Fv2%2Ftags&post=542"}],"curies":[{"name":"wp","href":"https:\/\/api.w.org\/{rel}","templated":true}]}}