{"id":543,"date":"2012-11-02T17:54:05","date_gmt":"2012-11-02T17:54:05","guid":{"rendered":""},"modified":"-0001-11-30T00:00:00","modified_gmt":"-0001-11-29T22:00:00","slug":"","status":"publish","type":"post","link":"http:\/\/www.chapelle-crecy.com\/?p=543","title":{"rendered":"Conf\u00e9rence de TIM GUENARD"},"content":{"rendered":"<div align=\"justify\">\u00ab Qui que tu sois, quelles que soient tes blessures et ton pass\u00e9 douloureux, n&rsquo;oublie jamais dans ta m\u00e9moire meurtrie, que t&rsquo;attend une \u00e9ternit\u00e9 d&rsquo;amour \u00bb<br \/>\nTim Gu\u00e9nard, auteur de  \u00abPlus fort que la haine \u00bb, porte un message de r\u00e9conciliation et d&rsquo;esp\u00e9rance. Nous vous invitons \u00e0\u00a0 venir le rencontrer :<\/p>\n<div align=\"center\"><b><span\nstyle=\"font-size: 9pt; line-height: 115%; font-family: &quot;Lucida Handwriting&quot;; color: rgb(192, 0, 0);\">Lundi<br \/>\n19 Novembre \u00e0\u00a0 20h30<br \/>\n<br \/>Coll\u00e8ge<br \/>\nSte Marie, Salle Saint Faron, rue de Tivoli, Meaux<br \/><\/span><\/b><br \/>\n<img decoding=\"async\" src=\"\/IMG\/jpg\/TIM-2.jpg\" width=100><\/div>\n<\/div>\n<div align=\"justify\">Ma vie est aussi caboss\u00e9e que mon visage. Mon nez, \u00e0 lui seul, compte vingt-sept fractures. Vingt-trois proviennent de la boxe; quatre, de mon p\u00e8re. Les coups les plus violents, je les ai re\u00e7us de celui qui aurait d\u00fb me prendre par la main et me dire \u00a0\u00bb je t&rsquo;aime \u00ab\u00a0. Quand ma m\u00e8re a quitt\u00e9 mon p\u00e8re, le poison de l&rsquo;alcool l&rsquo;a rendu fou. Il m&rsquo;a battu \u00e0 mort avant que la vie ne poursuive le jeu de massacre. J&rsquo;ai surv\u00e9cu gr\u00e2ce \u00e0 trois r\u00eaves :<br \/>\n&#8211; me faire renvoyer de la maison de correction o\u00f9 j&rsquo;\u00e9tais plac\u00e9 &#8211; un exploit jusqu&rsquo;alors jamais accompli ;<br \/>\n&#8211; devenir chef de bande ;<br \/>\n&#8211; tuer mon p\u00e8re.<br \/>\n Ces r\u00eaves, je les ai r\u00e9alis\u00e9s. Except\u00e9 le troisi\u00e8me. C&rsquo;\u00e9tait \u00e0 deux doigts&#8230; Durant des ann\u00e9es, la flamme de la vengeance m&rsquo;a fait vivre. Dans la prison de ma haine, des personnes habit\u00e9es par l&rsquo;Amour m&rsquo;ont visit\u00e9 et m&rsquo;ont mis \u00e0 genoux dans mon coeur. C&rsquo;est \u00e0 ceux que notre soci\u00e9t\u00e9 rejette, les cass\u00e9s, les tordus, les handicap\u00e9s, les \u00a0\u00bb anormaux \u00ab\u00a0, que je dois la vie. Et une formidable le\u00e7on d&rsquo;amour.<\/p>\n<div align=\"center\"><img decoding=\"async\" src=\"\/IMG\/jpg\/TIM-1.jpg\" width=100><\/div>\n<p> Je vous appelle aussi \u00e0 rena \u00eetre sur ce grand chemin de vie d&rsquo;o\u00f9 peut surgir l&rsquo;Amour plus fort que la haine en nous rencontrant :<\/p>\n<p class=\"MsoNormal\"\nstyle=\"margin: 0cm 34.25pt 10pt 35.45pt; text-align: center;\"\nalign=\"center\"><b><span\nstyle=\"font-size: 9pt; line-height: 115%; font-family: &quot;Lucida Handwriting&quot;; color: rgb(192, 0, 0);\">Lundi<br \/>\n19 Novembre \u00e0 20h30<o:p><\/o:p><\/span><\/b><br \/>\n<span\nstyle=\"font-size: 9pt; line-height: 115%; font-family: &quot;Lucida Handwriting&quot;; color: rgb(192, 0, 0);\">Coll\u00e8ge<br \/>\nSte Marie, Salle Saint Faron, rue de Tivoli, Meaux<o:p><\/o:p><\/span><\/p>\n<p><span\nstyle=\"font-size: 9pt; line-height: 115%; font-family: &quot;Lucida Handwriting&quot;; color: black;\"><\/span>\n<\/div>\n","protected":false},"excerpt":{"rendered":"<p>\u00ab Qui que tu sois, quelles que soient tes blessures et ton pass\u00e9 douloureux, n&rsquo;oublie jamais dans ta m\u00e9moire meurtrie, que t&rsquo;attend une \u00e9ternit\u00e9 d&rsquo;amour \u00bb Tim Gu\u00e9nard, auteur de \u00abPlus fort que la&#46;&#46;&#46;<\/p>\n","protected":false},"author":2,"featured_media":0,"comment_status":"open","ping_status":"open","sticky":false,"template":"","format":"standard","meta":{"footnotes":""},"categories":[],"tags":[],"class_list":["post-543","post","type-post","status-publish","format-standard","hentry"],"_links":{"self":[{"href":"http:\/\/www.chapelle-crecy.com\/index.php?rest_route=\/wp\/v2\/posts\/543","targetHints":{"allow":["GET"]}}],"collection":[{"href":"http:\/\/www.chapelle-crecy.com\/index.php?rest_route=\/wp\/v2\/posts"}],"about":[{"href":"http:\/\/www.chapelle-crecy.com\/index.php?rest_route=\/wp\/v2\/types\/post"}],"author":[{"embeddable":true,"href":"http:\/\/www.chapelle-crecy.com\/index.php?rest_route=\/wp\/v2\/users\/2"}],"replies":[{"embeddable":true,"href":"http:\/\/www.chapelle-crecy.com\/index.php?rest_route=%2Fwp%2Fv2%2Fcomments&post=543"}],"version-history":[{"count":0,"href":"http:\/\/www.chapelle-crecy.com\/index.php?rest_route=\/wp\/v2\/posts\/543\/revisions"}],"wp:attachment":[{"href":"http:\/\/www.chapelle-crecy.com\/index.php?rest_route=%2Fwp%2Fv2%2Fmedia&parent=543"}],"wp:term":[{"taxonomy":"category","embeddable":true,"href":"http:\/\/www.chapelle-crecy.com\/index.php?rest_route=%2Fwp%2Fv2%2Fcategories&post=543"},{"taxonomy":"post_tag","embeddable":true,"href":"http:\/\/www.chapelle-crecy.com\/index.php?rest_route=%2Fwp%2Fv2%2Ftags&post=543"}],"curies":[{"name":"wp","href":"https:\/\/api.w.org\/{rel}","templated":true}]}}