{"id":550,"date":"2012-12-04T01:28:57","date_gmt":"2012-12-04T01:28:57","guid":{"rendered":""},"modified":"-0001-11-30T00:00:00","modified_gmt":"-0001-11-29T22:00:00","slug":"","status":"publish","type":"post","link":"http:\/\/www.chapelle-crecy.com\/?p=550","title":{"rendered":"Grande collecte du Secours Catholique \u00e0\u00a0 Cr\u00e9cy les 8 et 9 d\u00e9cembre 2012"},"content":{"rendered":"<div align=\"justify\">Vous avez tous entendu parler r\u00e9cemment du constat accablant de la pauvret\u00e9 en France, rapport effectu\u00e9 par le Secours Catholique? [http:\/\/www.secours-catholique.org\/->http:\/\/www.secours-catholique.org\/]<br \/>\nA Cr\u00e9cy, la petite antenne locale du Secours Catholique situ\u00e9e au 45, rue du G\u00e9n\u00e9ral Leclerc oeuvre sans rel che avec ses b\u00e9n\u00e9voles pour venir en aide aux personnes en difficult\u00e9s. Ce sont plus de 20 dossiers de personnes en grande pr\u00e9carit\u00e9 qui sont pris en charge par Evelyne, Brigitte, Fran\u00e7oise, Isabelle L, Isabelle F, Eliane, Monique , Edwige , Annie T, Annie P et Alain. Ce sont des dizaines de personnes qui viennent tous les samedis chercher de la nourriture, des conseils pour retrouver du travail, du contact et de la chaleur humaine pour ne pas sombrer dans le d\u00e9sespoir&#8230;<br \/>\nAlors, tous ensemble, aidons ces personnes en difficult\u00e9s, en donnant \u00e0\u00a0 la grande collecte des \u00ab\u00a0bo\u00eetes pour partager\u00a0\u00bb qui se tiendra aux entr\u00e9es des supermarch\u00e9s de Carrefour City, Intermarch\u00e9 et du nouveau Super U, le samedi 8 d\u00e9cembre de 9h00 \u00e0\u00a0 20h00 et le dimanche 9 d\u00e9cembre de 9h \u00e0\u00a0 13h00. Merci d&rsquo;avance pour votre g\u00e9n\u00e9rosit\u00e9. Pour mieux vous faire conna\u00eetre le Secours Catholique de Cr\u00e9cy, nouys vous proposons de lire les 2 t\u00e9moignages \u00e9difiants ci-apr\u00e8s d&rsquo;une b\u00e9n\u00e9vole du Secours Catholique de Cr\u00e9cy et d&rsquo;un accueilli.<\/div>\n<div align=\"center\"><img decoding=\"async\" src=\"\/IMG\/jpg\/evelyne.jpg\" width=300><\/div>\n<div align=\"center\">Evelyne, pr\u00e9sentant les actions du Secours Catholique de Cr\u00e9cy, lors de la derni\u00e8re messe du KT-dimanche du 16 novembre 2012<\/div>\n<p><\/p>\n<div align=\"justify\">\n T\u00e9moignage d&rsquo;Annie TASSIN<br \/>\n B\u00e9n\u00e9vole<br \/>\n D\u00e9but 2008, j&rsquo;ai pris ma retraite (j&rsquo;avais 65 ans). Mon travail me passionnait et m&rsquo;a un peu manqu\u00e9 tout au d\u00e9but. J&rsquo;ai donc d\u00e9cid\u00e9 de trouver une occupation o\u00f9 je pourrais m&rsquo;\u00e9panouir en aidant les autres : j&rsquo;ai recherch\u00e9 les associations caritatives de ma r\u00e9gion pouvant avoir besoin de mes services.<br \/>\nNe partageant pas votre foi, j&rsquo;h\u00e9sitais \u00e0 contacter le Secours Catholique : je craignais de me retrouver entour\u00e9e de personnes rigides et ferm\u00e9es. J&rsquo;ai cependant rencontr\u00e9 Evelyne, responsable de l&rsquo;antenne de Cr\u00e9cy-la-Chapelle qui m&rsquo;a expliqu\u00e9 avec beaucoup de gentillesse le fonctionnement de l&rsquo;association, sans tenir compte de ma position d&rsquo;agnostique.<\/p>\n<p> J&rsquo;ai \u00e9t\u00e9 surprise de l&rsquo;accueil chaleureux qui m&rsquo;a \u00e9t\u00e9 r\u00e9serv\u00e9 par l&rsquo;ensemble de l&rsquo;\u00e9quipe des b\u00e9n\u00e9voles de Cr\u00e9cy. Outre l&rsquo;\u00e9coute et l&rsquo;aide alimentaire que nous apportons aux personnes en grande difficult\u00e9, je prends un grand int\u00e9r\u00eat \u00e0 m&rsquo;occuper du travail administratif de notre association (montage des dossiers, demande d&rsquo;aide financi\u00e8re, recherche de logement social, suivi des dossiers de surendettement, compte rendu des r\u00e9unions,  etc&#8230;). Les formations qui nous sont propos\u00e9es par le Secours Catholique nous permettent d&rsquo;am\u00e9liorer en permanence notre action aupr\u00e8s des plus d\u00e9munis. Notre t\u00e2che est de plus en plus importante \u00e9tant donn\u00e9 le nombre croissant de personnes en grande difficult\u00e9 psychologique et financi\u00e8re.<\/p>\n<p> Pour conclure, je peux affirmer que mon engagement aupr\u00e8s du Secours Catholique fait maintenant partie int\u00e9grante de ma vie.<\/p>\n<div align=\"center\"><img decoding=\"async\" src=\"\/IMG\/jpg\/scath.jpg\" width=300><\/div>\n<p><\/p>\n<p>T\u00e9moignage Driss<br \/>\n Accueilli &#8211; B\u00e9n\u00e9ficiaire<\/p>\n<p> Jamais je ne m&rsquo;imaginais qu&rsquo;un jour je serai parmi vous pour vous apporter mon t\u00e9moignage dans cette belle Eglise.<br \/>\nLe jour ou j&rsquo;ai frapp\u00e9 \u00e0 la porte du Secours Catholique de Cr\u00e9cy, diff\u00e9rents b\u00e9n\u00e9voles s&rsquo;activaient, le sourire aux l\u00e8vres, \u00e0 r\u00e9pondre aux besoins de premi\u00e8re n\u00e9cessit\u00e9 des diff\u00e9rents b\u00e9n\u00e9ficiaires.<\/p>\n<p> Je me souviens, il a presque deux ans, gr\u00e2ce \u00e0 ma profonde Foi en notre Dieu, des portes se mettaient \u00e0 s&rsquo;ouvrir \u00e0 moi et celle du Secours Catholique o\u00f9 j&rsquo;ai pu me reconstituer, et trouver paix, s\u00e9curit\u00e9, et grande amiti\u00e9.<br \/>\nCelle de Colette Poiret, Evelyne Reydel, Brigitte Calonne, Fran\u00e7oise Vaczlavik, Eliane Macquart, Monique Guillaumy, Edwige Hiegel, Annie Tassain, Annie Perrin, Isabelle Foulaneau, Isabelle Lesgent et surtout celle encore pr\u00e9cieuse d&rsquo;Alain Legeay.<br \/>\nA aucun moment, il n&rsquo;a \u00e9t\u00e9 fait allusion \u00e0 mes origines religieuses , ou culturelles pour m&rsquo;accueillir.<br \/>\n Ils \u00e9taient l\u00e0, tout pr\u00e8s pour \u00e9couter, r\u00e9conforter, et guider.<br \/>\nJe me souviens \u00e9galement avec \u00e9motion de la rencontre inoubliable avec le P\u00e8re Aim\u00e9 qui nous a re\u00e7us les bras grands ouverts et nous a prodigu\u00e9 \u00e9claircissement et conseils pr\u00e9cieux.<br \/>\nPermettez-moi, de vous relater deux interventions majeures parmi  celles ,nombreuses, dont j&rsquo;ai b\u00e9n\u00e9fici\u00e9.<br \/>\nLa premi\u00e8re quand Brigitte s&rsquo;\u00e9tait propos\u00e9e en sugg\u00e9rant \u00e0 mon \u00e9pouse SOUNYA de lui consacrer des cours de Fran\u00e7ais pour l&rsquo;aider dans sa recherche d&#8217;emploi.<br \/>\n Ou quand Colette, Annie et Alain m&rsquo;ont aid\u00e9 \u00e0 maintes reprises appuy\u00e9s de Fran\u00e7oise dans le montage du dossier d&rsquo;obtention d&rsquo;un logement social.<br \/>\nEnfin je ne serai pas complet si je ne parlais pas des journ\u00e9es de sorties en car, et de d\u00e9tente, ainsi que les ateliers de cuisine anim\u00e9s par Fran\u00e7oise et son \u00e9quipe, qui se terminait par un bon repas de partage et de bonne humeur, entre b\u00e9n\u00e9voles et accueillis.<br \/>\n En r\u00e9sum\u00e9, je d\u00e9finirai l&rsquo;action du Secours Catholique, comme une \u00e9coute sinc\u00e8re, une solidarit\u00e9 \u00e0 toute \u00e9preuve, et un accompagnement chaleureux.<br \/>\n Que le Seigneur b\u00e9nisse le travail de cette ch\u00e8re \u00e9quipe de b\u00e9n\u00e9voles.<\/p>\n<div align=\"center\"><img decoding=\"async\" src=\"\/IMG\/jpg\/Boites_a_partager-1.jpg\" width=450><\/div>\n<p> \n<\/div>\n","protected":false},"excerpt":{"rendered":"<p>Vous avez tous entendu parler r\u00e9cemment du constat accablant de la pauvret\u00e9 en France, rapport effectu\u00e9 par le Secours Catholique? [http:\/\/www.secours-catholique.org\/->http:\/\/www.secours-catholique.org\/] A Cr\u00e9cy, la petite antenne locale du Secours Catholique situ\u00e9e au 45, rue&#46;&#46;&#46;<\/p>\n","protected":false},"author":2,"featured_media":0,"comment_status":"open","ping_status":"open","sticky":false,"template":"","format":"standard","meta":{"footnotes":""},"categories":[],"tags":[],"class_list":["post-550","post","type-post","status-publish","format-standard","hentry"],"_links":{"self":[{"href":"http:\/\/www.chapelle-crecy.com\/index.php?rest_route=\/wp\/v2\/posts\/550","targetHints":{"allow":["GET"]}}],"collection":[{"href":"http:\/\/www.chapelle-crecy.com\/index.php?rest_route=\/wp\/v2\/posts"}],"about":[{"href":"http:\/\/www.chapelle-crecy.com\/index.php?rest_route=\/wp\/v2\/types\/post"}],"author":[{"embeddable":true,"href":"http:\/\/www.chapelle-crecy.com\/index.php?rest_route=\/wp\/v2\/users\/2"}],"replies":[{"embeddable":true,"href":"http:\/\/www.chapelle-crecy.com\/index.php?rest_route=%2Fwp%2Fv2%2Fcomments&post=550"}],"version-history":[{"count":0,"href":"http:\/\/www.chapelle-crecy.com\/index.php?rest_route=\/wp\/v2\/posts\/550\/revisions"}],"wp:attachment":[{"href":"http:\/\/www.chapelle-crecy.com\/index.php?rest_route=%2Fwp%2Fv2%2Fmedia&parent=550"}],"wp:term":[{"taxonomy":"category","embeddable":true,"href":"http:\/\/www.chapelle-crecy.com\/index.php?rest_route=%2Fwp%2Fv2%2Fcategories&post=550"},{"taxonomy":"post_tag","embeddable":true,"href":"http:\/\/www.chapelle-crecy.com\/index.php?rest_route=%2Fwp%2Fv2%2Ftags&post=550"}],"curies":[{"name":"wp","href":"https:\/\/api.w.org\/{rel}","templated":true}]}}