{"id":551,"date":"2012-11-20T00:29:03","date_gmt":"2012-11-20T00:29:03","guid":{"rendered":""},"modified":"-0001-11-30T00:00:00","modified_gmt":"-0001-11-29T22:00:00","slug":"","status":"publish","type":"post","link":"http:\/\/www.chapelle-crecy.com\/?p=551","title":{"rendered":"Retenez votre dimanche 2 d\u00e9cembre \u00e0\u00a0 16h00"},"content":{"rendered":"<div align=\"justify\">En l&rsquo;\u00e9glise Sainte-Croix de Bassevelle, c\u00e9l\u00e8bre pour son orgue du XVIII\u00e8me  class\u00e9 \u00ab\u00a0Monument historique\u00a0\u00bb dans sa partie instrumentale, sous la direction de Val\u00e9ry Aubertin, en compagnie de Corinne Guerin, soprano, Catherine LEHNERT-TANKOVIC et Val\u00e9ry AUBERTIN, \u00e0\u00a0 l&rsquo;orgue, de nombreux morceaux de musique religieuse c\u00e9l\u00e8bres seront interpr\u00e9t\u00e9s:<br \/>\n&#8211; Byrd,<br \/>\n&#8211; Monteverdi,<br \/>\n&#8211; Bach,<br \/>\n&#8211; Balbastre,<br \/>\n&#8211; Liszt,<br \/>\net \u00e0\u00a0 l&rsquo;approche de la fin de l&rsquo;ann\u00e9e, quelques \u00ab\u00a0Musique de No\u00f6l\u00a0\u00bb vous r\u00e9chaufferont le coeur&#8230;.<br \/>\nPour plus d&rsquo;informations, consultez le site [www.anguelos.fr->www.anguelos.fr]<br \/>\nSi la bonne musique, \u00e9crite par les plus grands compositeurs reconnus et interpr\u00e9t\u00e9e par des organistes locaux de renom vous passionne, alors n&rsquo;h\u00e9sitez pas une seconde \u00e0\u00a0 traverser la Seine-et-Marne pour passer un dimanche apr\u00e8s-midi inoubliable. Vivement dimanche !<\/div>\n<div align=\"justify\">\n  Aller \u00e0 Bassevelle<\/p>\n<p> Bassevelle se trouve au nord du d\u00e9partement, non loin de la fronti\u00e8re avec l&rsquo;Aisne. Pour s&rsquo;y rendre il faut prendre la route de Montmirail qui roule bien, c&rsquo;est 14 km apr\u00e8s la Fert\u00e9 sous Jouarre.<\/p>\n<p> Bassevelle est \u00e0 gauche de la grande route, le seul probl\u00e8me c&rsquo;est d&rsquo;\u00eatre bien attentif pour ne pas manquer la petite route qui y m\u00e8ne.<\/p>\n<div align=\"center\"><img decoding=\"async\" src=\"\/IMG\/jpg\/orgue-bassevelle.jpg\" width=300><\/div>\n<p> L&rsquo;orgue de Bassevelle a \u00e9t\u00e9 termin\u00e9 en 1789, c&rsquo;est le dernier orgue historique de l&rsquo;ancien r\u00e9gime. Il a \u00e9t\u00e9 restaur\u00e9 il y a quelques ann\u00e9es gr\u00e2ce aux efforts ayant n\u00e9cessit\u00e9 beaucoup de courage et la t\u00e9nacit\u00e9 de la part d&rsquo;une association dirig\u00e9e depuis 1988 par madame Annie Courtier. <\/p>\n<p> Pour plus de renseignements, cliquez sur le lien [amis de l&rsquo;orgue de Bassevelle->http:\/\/www.bassevelle.fr\/index.php?option=com_content&#038;view=article&#038;id=69&#038;Itemid=92].<\/p>\n<p> Pr\u00e9sentation des intervenants<\/p>\n<p><font color=\"#000099\"><big><big><b>Corinne GUERIN-LEBLANC<\/b><\/big><\/big><br \/>\nest n\u00e9e en Bourgogne et a fait la plus grande partie de ses \u00e9tudes<br \/>\nmusicales au Conservatoire National de R\u00e9gion de Dijon.<br \/>\nElle a obtenu une m\u00e9daille d&rsquo;or en chant dans la classe de Bernard<br \/>\nDemigny ainsi qu&rsquo;une m\u00e9daille d&rsquo;or en piano et en classe<br \/>\nd&rsquo;accompagnement. C&rsquo;est au Conservatoire National Sup\u00e9rieur de Musique<br \/>\nde Paris qu&rsquo;elle terminera ses \u00e9tudes (classe de Jane Berbi\u00e9).<br \/>\nSon r\u00e9pertoire de chant est tr\u00e8s vaste puisqu&rsquo;il commence avec Purcell<br \/>\n(King Arthur) et s&rsquo;\u00e9tend jusqu&rsquo;au 21e si\u00e8cle avec La Berg\u00e8re et le<br \/>\nramoneur d&rsquo;Eric Rauber.<\/p>\n<div align=\"center\"><img decoding=\"async\" src=\"\/IMG\/jpg\/Corinne1.jpg\" width=200><\/div>\n<p> La Cantate 51 de Bach, le Gloria de Vivaldi ainsi que son motet In<br \/>\nfurore, le Requiem et l&rsquo;Exultate Jubilate de Mozart, le Te Deum de<br \/>\nBizet, le Gloria de Rutter, la Petite Messe Solennelle de Rossini font<br \/>\npartie de son r\u00e9pertoire depuis l&rsquo;\u00e2ge de 20 ans.<br \/>\nElle enseigne son art et exerce son m\u00e9tier d&rsquo;accompagnatrice au CRD du<br \/>\nVal Maubu\u00e9e et au Conservatoire de Bry-sur-Marne.<br \/>\n<\/font><\/p>\n<p><font color=\"#003300\"><big><big><b>Catherine Lehnert-Tankovic<\/b><\/big><\/big>,<br \/>\n\u00e9l\u00e8ve d\u00e8s l&rsquo;\u00e2ge de 12 ans de Marcelle Heuclin (r\u00e9p\u00e9titrice de Vlado<br \/>\nPerlemuter), obtient le 1er Prix de Piano en Sup\u00e9rieur au Concours<br \/>\nNational du Royaume de la Musique ainsi que le 1er Prix en Excellence<br \/>\nau Concours Bellan.<br \/>\nElle \u00e9tudie ensuite le piano et la musique de chambre au CNR de<br \/>\nBoulogne-Billancourt avec Marie-Paule SIRUGUET, Marie-C\u00e9cile MILAN et<br \/>\nGenevi\u00e8ve Ibanez et obtient son 1er Prix de Piano en Sup\u00e9rieur.<br \/>\nAu CNSM de Paris elle travaille avec Sylvaine BILLIER et Ventsislav<br \/>\nYankoff, chez qui elle obtient une 2\u00e8me M\u00e9daille de Piano. Elle suit de<br \/>\nplus l&rsquo;enseignement de Vlado Perlemuter dans le cadre d&rsquo;une Master<br \/>\nClass sur les oeuvres de Maurice RAVEL.<\/p>\n<div align=\"center\"><img decoding=\"async\" src=\"\/IMG\/jpg\/cath.jpg\" width=200><\/div>\n<p> Elle obtient \u00e9galement \u00e0 L&rsquo;Ecole Normale de Musique de Paris<br \/>\nAlfred-Cortot le Dipl\u00f4me d&rsquo;Ex\u00e9cution de Piano \u00e0 l&rsquo;Unanimit\u00e9 avec les<br \/>\nf\u00e9licitations du jury ainsi que le Dipl\u00f4me Sup\u00e9rieur de Musique de<br \/>\nChambre et le Dipl\u00f4me Sup\u00e9rieur d&rsquo;enseignement de Piano.<br \/>\nSon parcours p\u00e9dagogique l&rsquo;am\u00e8ne en particulier \u00e0 \u00e9tudier<br \/>\nl&rsquo;apprentissage de la musique contemporaine. Titulaire du Dipl\u00f4me<br \/>\nd&rsquo;Etat, elle enseigne depuis 1990 le piano \u00e0 l&rsquo;Ecole Nationale de<br \/>\nMusique et d&rsquo;Art Dramatique de Marne-la-Vall\u00e9e.<br \/>\nElle se produit r\u00e9guli\u00e8rement en soliste mais par go\u00fbt privil\u00e9gie le<br \/>\nr\u00e9pertoire de musique de chambre.<\/font><\/p>\n<p><font color=\"#990000\"><big><big><b>Val\u00e9ry AUBERTIN <\/b><\/big><\/big>est<br \/>\nn\u00e9 le 3 juin 1970 \u00e0 Lagny-sur-Marne (Seine-et-Marne).<br \/>\nApr\u00e8s des \u00e9tudes au Conservatoire National de R\u00e9gion d&rsquo;Aubervilliers-La<br \/>\nCourneuve, r\u00e9compens\u00e9es par deux premiers prix (Orgue : classe de<br \/>\nMich\u00e8le GUYARD et Formation Musicale), il entre au Conservatoire<br \/>\nNational Sup\u00e9rieur de Musique de Paris (1989-1995) o\u00f9 il remporte<br \/>\nplusieurs premiers prix. Il est, entre autres, l&rsquo;\u00e9l\u00e8ve de Brigitte<br \/>\nFRANCOIS-SAPPEY (Histoire de la musique), R\u00e9my STRICKER (Esth\u00e9tique),<br \/>\nJacques CHARPENTIER (Instrumentation et Orchestration), G\u00e9rard GRISEY<br \/>\n(Composition).<br \/>\nDe 1995 \u00e0 1997, il travaille avec Jean-Louis FLORENTZ (Composition). En<br \/>\n1993, il remporta \u00e0 Montr\u00e9al (Canada) le Prix sp\u00e9cial du jury au<br \/>\nConcours de Composition de l&rsquo;International Society of Organbuilders,<br \/>\navec une oeuvre pour orgue La nuit des nuits (dans Le Livre Ouvert,<br \/>\nop.6). En outre, son premier ouvrage symphonique &#8230;et le soleil se<br \/>\nd\u00e9chirait, pour orchestre, op.7 a re\u00e7u, \u00e0 l&rsquo;unanimit\u00e9 du jury et devant<br \/>\n216 compositions venues du monde entier, le Premier Prix du 40\u00e8me<br \/>\nConcours International de Composition de la Ville de Trieste, 32\u00e8me<br \/>\n\u00e9dition symphonique (Trieste, Italie 1995).<\/p>\n<div align=\"center\"><img decoding=\"async\" src=\"\/IMG\/jpg\/valery.jpg\" width=250><\/div>\n<p>Val\u00e9ry AUBERTIN est aussi chef de choeur et enseigne la composition et<br \/>\nl&rsquo;analyse musicale au Conservatoire \u00e0 Rayonnement D\u00e9partemental de<br \/>\nNoisiel  Marne-la-Vall\u00e9e. Son premier enregistrement monographique (Le<br \/>\nLivre ouvert et 2\u00e8me Livre d&rsquo;orgue  Disques Triton) a \u00e9t\u00e9 couronn\u00e9 par<br \/>\nles meilleures r\u00e9compenses de la critique (Choc du Monde de la musique<br \/>\net Diapason D\u00e9couverte). Les oeuvres de Val\u00e9ry AUBERTIN sont publi\u00e9es<br \/>\naux Editions Billaudot et Europart-Music.<\/font><\/p>\n<p><font color=\"#663366\"><big><b><big>L&rsquo;Ensemble Vocal Anguelos <\/big><\/b><\/big>est<br \/>\nune des activit\u00e9s musicales propos\u00e9es par l&rsquo;Association Anguelos,<br \/>\npr\u00e9sid\u00e9e par Marie-Louise <span class=\"il\">Boulland<\/span> et fond\u00e9e<br \/>\nen 1989 autour de l&rsquo;orgue de Quincy-Voisins (77). Compos\u00e9 d&rsquo;un groupe<br \/>\nde chanteurs amateurs passionn\u00e9s par la musique et form\u00e9s vocalement,<br \/>\nil est d\u00e9sireux de se perfectionner afin de mieux servir les oeuvres<br \/>\nqu&rsquo;il aborde sous la tutelle du compositeur Val\u00e9ry Aubertin. Son<br \/>\nr\u00e9pertoire s&rsquo;\u00e9tend de la musique baroque (Bach, Purcell, Vivaldi, etc.)<br \/>\nau romantisme allemand dont il a donn\u00e9 en concert de nombreuses oeuvres<br \/>\nsignificatives : Psaume 42 de Mendelssohn, Missa Sacra op. 147 de<br \/>\nSchumann, motets et lieder a cappella de Mendelssohn et Brahms. Il a<br \/>\naussi chant\u00e9 Rossini, Poulenc ou Durufl\u00e9.<\/p>\n<p>Il a donn\u00e9 la 1\u00e8re ex\u00e9cution publique de plusieurs oeuvres<br \/>\ncontemporaines \u00e9crites sp\u00e9cialement pour lui. Il a chant\u00e9 \u00e0 la<br \/>\ncath\u00e9drale de Meaux dans le cadre des Journ\u00e9es du patrimoine 2002 ainsi<br \/>\nqu&rsquo;aux f\u00eates organis\u00e9es par la ville de Meaux pour le tricentenaire de<br \/>\nla mort de Bossuet en 2004.<\/p>\n<p>L&rsquo;Ensemble Vocal Anguelos a r\u00e9alis\u00e9 son troisi\u00e8me disque en 2007 avec<br \/>\nun r\u00e9pertoire romantique pour choeur et piano. L&rsquo;Ensemble Vocal a \u00e9t\u00e9<br \/>\novationn\u00e9 tant \u00e0 Paris que dans sa r\u00e9gion o\u00f9 un public nombreux vient<br \/>\ntoujours l&rsquo;applaudir.<\/font><br \/>\n<\/p>\n<div align=\"center\"><span style=\"color: rgb(212, 0, 0);\">* * * * * * * * * *<\/div>\n<p><\/span><\/p>\n<p> Retour sur ce concert du 2 d\u00e9cembre: Angu\u00e9los f\u00eate No\u00ebl \u00e0 Bassevelle<\/p>\n<div align=\"center\"><span style=\"color: rgb(212, 0, 0);\">Connaissez-vous Bassevelle ? <\/span><\/div>\n<p>\n Bassevelle est un petit village, au nord de la Seine-et-Marne, non loin de notre voisin le d\u00e9partement de l&rsquo;Aisne. C&rsquo;est un village qui a deux particularit\u00e9s : un orgue construit juste \u00e0 la veille de la R\u00e9volution, et une association, les Amis de l&rsquo;orgue historique de Bassevelle, fond\u00e9e en 1988 par Annie Courtier, juste un an avant l&rsquo;Association Angu\u00e9los ; mais, tandis que Quincy-Voisins b\u00e9n\u00e9ficiait du don d&rsquo;un orgue neuf par le P\u00e8re Messager, AOHB prenait la charge d&rsquo;un tr\u00e8s bel orgue historique n\u00e9cessitant une compl\u00e8te restauration&#8230; Gr\u00e2ce \u00e0 l&rsquo;action de l&rsquo;Association, il fut restaur\u00e9 pas Jean-Fran\u00e7ois Muno et inaugur\u00e9 les 29 et 30 avril 2009.  L&rsquo;Ensemble vocal Angu\u00e9los fut invit\u00e9 \u00e0 chanter pour le concert inaugural du 30 avril 2009.<\/p>\n<div align=\"center\"><img decoding=\"async\" src=\"\/IMG\/jpg\/anguelosBassevelle.jpg\" width=450><\/div>\n<p> C&rsquo;est donc \u00e0 Bassevelle que l&rsquo;Ensemble Vocal Angu\u00e9los a f\u00eat\u00e9 No\u00ebl cette ann\u00e9e avec un choeur plus \u00e9toff\u00e9 depuis le recrutement de septembre dernier, mais qui aimerait bien avoir un ou deux t\u00e9nors de plus&#8230;<br \/>\nLe riche programme pr\u00e9par\u00e9 par Val\u00e9ry Aubertin juxtaposait des oeuvres de grands compositeurs et des No\u00ebls populaires chant\u00e9s par le choeur et la soprano Corinne Gu\u00e9rin-Leblanc tandis que l&rsquo;orgue petit bijoux class\u00e9 \u00ab\u00a0Monument historique\u00a0\u00bb dans sa partie instrumentale (1987) sonnait sous les doigts de Catherine Lehnert-Tankovic et de Val\u00e9ry Aubertin.<\/p>\n<p> Ce fut un tr\u00e8s grand bonheur pour les choristes les plus anciens, qui ont chant\u00e9 \u00e0 Sainte-Croix \u00e0 une \u00e9poque o\u00f9 l&rsquo;orgue de Bassevelle \u00e9tait muet, et un r\u00e9el plaisir pour tous les musiciens de f\u00eater No\u00ebl 2012 dans cette \u00e9glise aux lignes simples et puissantes dont les nefs vo\u00fbt\u00e9es d\u00e9gagent une atmosph\u00e8re campagnarde pleine d&rsquo;harmonie, de luminosit\u00e9 et de paix.<\/p>\n<div align=\"center\"><img decoding=\"async\" src=\"\/IMG\/jpg\/AnguelosBassevelle-2.jpg\" width=450><\/div>\n<div align=\"center\"><span style=\"color: rgb(212, 0, 0);\">Angu\u00e9los recherche des voix de t\u00e9nor<\/span><\/div>\n<p>\n N&rsquo;h\u00e9sitez pas \u00e0 venir nous rencontrer lors d&rsquo;une r\u00e9p\u00e9tition,<br \/>\nle vendredi 20h15 \u00e0 l&rsquo;\u00e9glise de Quincy-Voisins<br \/>\n (par temps tr\u00e8s froid se renseigner sur le lieu de r\u00e9p\u00e9tition au<br \/>\n<span style=\"color: blue\"><br \/>\n 01 60 04 11 89<\/span>)<\/p>\n<p> Site internet : [www.anguelos.fr->www.anguelos.fr]\n<\/p><\/div>\n","protected":false},"excerpt":{"rendered":"<p>En l&rsquo;\u00e9glise Sainte-Croix de Bassevelle, c\u00e9l\u00e8bre pour son orgue du XVIII\u00e8me class\u00e9 \u00ab\u00a0Monument historique\u00a0\u00bb dans sa partie instrumentale, sous la direction de Val\u00e9ry Aubertin, en compagnie de Corinne Guerin, soprano, Catherine LEHNERT-TANKOVIC et Val\u00e9ry&#46;&#46;&#46;<\/p>\n","protected":false},"author":2,"featured_media":0,"comment_status":"open","ping_status":"open","sticky":false,"template":"","format":"standard","meta":{"footnotes":""},"categories":[],"tags":[],"class_list":["post-551","post","type-post","status-publish","format-standard","hentry"],"_links":{"self":[{"href":"http:\/\/www.chapelle-crecy.com\/index.php?rest_route=\/wp\/v2\/posts\/551","targetHints":{"allow":["GET"]}}],"collection":[{"href":"http:\/\/www.chapelle-crecy.com\/index.php?rest_route=\/wp\/v2\/posts"}],"about":[{"href":"http:\/\/www.chapelle-crecy.com\/index.php?rest_route=\/wp\/v2\/types\/post"}],"author":[{"embeddable":true,"href":"http:\/\/www.chapelle-crecy.com\/index.php?rest_route=\/wp\/v2\/users\/2"}],"replies":[{"embeddable":true,"href":"http:\/\/www.chapelle-crecy.com\/index.php?rest_route=%2Fwp%2Fv2%2Fcomments&post=551"}],"version-history":[{"count":0,"href":"http:\/\/www.chapelle-crecy.com\/index.php?rest_route=\/wp\/v2\/posts\/551\/revisions"}],"wp:attachment":[{"href":"http:\/\/www.chapelle-crecy.com\/index.php?rest_route=%2Fwp%2Fv2%2Fmedia&parent=551"}],"wp:term":[{"taxonomy":"category","embeddable":true,"href":"http:\/\/www.chapelle-crecy.com\/index.php?rest_route=%2Fwp%2Fv2%2Fcategories&post=551"},{"taxonomy":"post_tag","embeddable":true,"href":"http:\/\/www.chapelle-crecy.com\/index.php?rest_route=%2Fwp%2Fv2%2Ftags&post=551"}],"curies":[{"name":"wp","href":"https:\/\/api.w.org\/{rel}","templated":true}]}}