{"id":552,"date":"2012-11-23T22:02:32","date_gmt":"2012-11-23T22:02:32","guid":{"rendered":""},"modified":"-0001-11-30T00:00:00","modified_gmt":"-0001-11-29T22:00:00","slug":"","status":"publish","type":"post","link":"http:\/\/www.chapelle-crecy.com\/?p=552","title":{"rendered":"Annonces de la semaine du 26 novembre au 2 d\u00e9cembre 2012"},"content":{"rendered":"<table bgcolor =\"F0FAFF\" border=0>\n<tbody>\n<tr>\n<td>\n<div align=\"justify\">\n<div \"488\">Voici les annonces de la semaine du lundi 26 novembre au dimanche 2 d\u00e9cembre 2012 pour la paroisse des 3 clochers Cr\u00e9cy-la-Chapelle, Villiers-sur-Morin, Voulangis.<br \/>\nSamedi 1er \u00e0\u00a0 18h30 : messe \u00e0\u00a0 Villiers &#8211; Dimanche 2 \u00e0\u00a0 10h30 messe \u00e0\u00a0 Cr\u00e9cy.<br \/> Tous les d\u00e9tails dans la suite &#8230; <\/div>\n<\/div>\n<\/td>\n<\/tr>\n<\/tbody>\n<\/table>\n<table bgcolor =\"F0FAFF\" border=0>\n<tbody>\n<tr>\n<td width=\"20%\"><font color=\"00CC00\">Lundi 26 novembre<\/font><\/td>\n<td><font color=\"00CC00\"><\/p>\n<div align=\"center\"><img decoding=\"async\" src=\"\/IMG\/jpg\/MR_Crecy.jpg\" width=150><\/div>\n<td><font color=\"00CC00\">17 h &#8211; Messe \u00e0 la Maison de Retraite pour les familles LEROY-LEFEBVRE.<br \/>\n<\/font><\/td>\n<\/tr>\n<tr>\n<td><font color=\"B02020\">Mardi 27 novembre<font><\/td>\n<td><font color=\"B02020\">9 h &#8211; Messe \u00e0 Cr\u00e9cy pour Estelle et Denis HUYGHE.<font><\/td>\n<td><font color=\"B02020\"><\/p>\n<div align=\"center\"><img decoding=\"async\" src=\"\/IMG\/gif\/cross.gif\"><\/div>\n<p><\/font><\/td>\n<\/tr>\n<tr>\n<td><font color=\"0020FF\">Mercredi 28 novembre<font><\/td>\n<td><font color=\"0020FF\"><\/p>\n<div align=\"center\"><img decoding=\"async\" src=\"\/IMG\/gif\/coupes002.gif\"><\/div>\n<p><font><\/td>\n<td><font color=\"0020FF\">18 h &#8211; Messe \u00e0 Cr\u00e9cy pour Michel et Serafina BORELLI.<\/font><\/td>\n<\/tr>\n<tr>\n<td><font color=\"B02020\">Vendredi 30 novembre<font><\/td>\n<td><font color=\"B02020\">18 h  Messe \u00e0 Cr\u00e9cy pour Claude DELABOUGLISE et Lionel GIRONDE.<\/font><\/td>\n<td><font color=\"B02020\"><\/p>\n<div align=\"center\"><img decoding=\"async\" src=\"\/IMG\/gif\/coupes004.gif\"><\/div>\n<p><font><\/td>\n<\/tr>\n<tr>\n<td><font color=\"0020FF\">Samedi 2er d\u00e9cembre<\/font><\/td>\n<td><font color=\"0020FF\"><\/p>\n<div align=\"center\"><img decoding=\"async\" src=\"\/IMG\/lieux\/villiers_eglise2.jpg\"  width=150><\/div>\n<p><\/font><\/td>\n<td><font color=\"0020FF\">18 h 30 &#8211; Messe \u00e0 Villiers pour Georges et Jacqueline VILLIER. Nous prierons \u00e9galement pour Ghislaine DEBRABANDER d\u00e9c\u00e9d\u00e9e r\u00e9cemment.<font><\/td>\n<\/tr>\n<tr>\n<td><font color=\"00CC00\">Dimanche 2 d\u00e9cembre<br \/>1er dimanche de l&rsquo;Avent<font><\/td>\n<td><font color=\"00CC00\">10 h 30 &#8211; Messe \u00e0 Cr\u00e9cy pour Marie-Madeleine LAMY et Thibaud CHRETIEN.<\/00CC00><\/td>\n<td><font color=\"00CC00\"><\/p>\n<div align=\"center\"><img decoding=\"async\" src=\"\/IMG\/lieux\/stgeorges06.jpg\" width=150><\/div>\n<p><\/font><\/td>\n<\/tr>\n<\/tbody>\n<\/table>\n","protected":false},"excerpt":{"rendered":"<p>Voici les annonces de la semaine du lundi 26 novembre au dimanche 2 d\u00e9cembre 2012 pour la paroisse des 3 clochers Cr\u00e9cy-la-Chapelle, Villiers-sur-Morin, Voulangis. Samedi 1er \u00e0\u00a0 18h30 : messe \u00e0\u00a0 Villiers &#8211; Dimanche&#46;&#46;&#46;<\/p>\n","protected":false},"author":2,"featured_media":0,"comment_status":"open","ping_status":"open","sticky":false,"template":"","format":"standard","meta":{"footnotes":""},"categories":[],"tags":[],"class_list":["post-552","post","type-post","status-publish","format-standard","hentry"],"_links":{"self":[{"href":"http:\/\/www.chapelle-crecy.com\/index.php?rest_route=\/wp\/v2\/posts\/552","targetHints":{"allow":["GET"]}}],"collection":[{"href":"http:\/\/www.chapelle-crecy.com\/index.php?rest_route=\/wp\/v2\/posts"}],"about":[{"href":"http:\/\/www.chapelle-crecy.com\/index.php?rest_route=\/wp\/v2\/types\/post"}],"author":[{"embeddable":true,"href":"http:\/\/www.chapelle-crecy.com\/index.php?rest_route=\/wp\/v2\/users\/2"}],"replies":[{"embeddable":true,"href":"http:\/\/www.chapelle-crecy.com\/index.php?rest_route=%2Fwp%2Fv2%2Fcomments&post=552"}],"version-history":[{"count":0,"href":"http:\/\/www.chapelle-crecy.com\/index.php?rest_route=\/wp\/v2\/posts\/552\/revisions"}],"wp:attachment":[{"href":"http:\/\/www.chapelle-crecy.com\/index.php?rest_route=%2Fwp%2Fv2%2Fmedia&parent=552"}],"wp:term":[{"taxonomy":"category","embeddable":true,"href":"http:\/\/www.chapelle-crecy.com\/index.php?rest_route=%2Fwp%2Fv2%2Fcategories&post=552"},{"taxonomy":"post_tag","embeddable":true,"href":"http:\/\/www.chapelle-crecy.com\/index.php?rest_route=%2Fwp%2Fv2%2Ftags&post=552"}],"curies":[{"name":"wp","href":"https:\/\/api.w.org\/{rel}","templated":true}]}}