{"id":553,"date":"2012-11-25T23:45:49","date_gmt":"2012-11-25T23:45:49","guid":{"rendered":""},"modified":"-0001-11-30T00:00:00","modified_gmt":"-0001-11-29T22:00:00","slug":"","status":"publish","type":"post","link":"http:\/\/www.chapelle-crecy.com\/?p=553","title":{"rendered":"Aujourd&rsquo;hui  25 novembre  solennit\u00e9 du Christ  Roi de l&rsquo;Univers"},"content":{"rendered":"<div align=\"justify\">Si vous \u00e9coutez Radio-Notre Dame [http:\/\/radionotredame.net<br \/>\n->http:\/\/radionotredame.net\/emission\/en-marche-vers-dimanche\/], alors vous connaissez tr\u00e8s certainement la c\u00e9l\u00e8bre bibliste Marie-No\u00f6lle Thabut. Avec sa voix si particuli\u00e8re et ses commentaires avis\u00e9s, les textes de la Bible ont une autre saveur. En ce dernier dimanche de l&rsquo;ann\u00e9e B, nous vous proposons le commentaire de l&rsquo;Evangile du jour, tir\u00e9 du blog de Thierry Jallas de Seine-et-Marne [http:\/\/thierry.jallas.over-blog.com->http:\/\/thierry.jallas.over-blog.com\/article-commentaires-de-marie-noelle-thabut-annee-liturgique-b-le-christ-roi-de-l-univers-25-novembre-201-112573293.html]<\/div>\n<p><body><\/p>\n<div class=\"content\">\n<h3> <span style=\"font-size: 10pt;\"><a\nhref=\"http:\/\/radionotredame.net\/wp-content\/uploads\/podcasts\/en-marche-vers-dimanche\/en-marche-vers-dimanche-23-11-2012.mp3\">EVANGILE<br \/>\n&#8211; Jean 18, 33b &#8211; 37<\/a><\/span> <\/h3>\n<\/div>\n<div class=\"content\"> <span style=\"font-size: 10pt;\">Lorsque J\u00e9sus<br \/>\ncomparut devant Pilate,<br \/>\ncelui-ci l&rsquo;interrogea :<br \/>\n<strong>33<\/strong> \u00ab Es-tu le roi des Juifs ? \u00bb<br \/>\n<strong>34<\/strong> J\u00e9sus lui demanda :<br \/>\n\u00ab Dis-tu cela de toi-m\u00eame,<br \/>\nou bien parce que d&rsquo;autres te l&rsquo;ont dit ? \u00bb<br \/>\n<strong>35<\/strong> Pilate r\u00e9pondit :<br \/>\n\u00ab Est-ce que je suis Juif, moi ?<br \/>\nTa nation et les chefs des <a class=\"overLexique\"\nhref=\"http:\/\/www.eglise.catholique.fr\/ressources-annuaires\/lexique\/definition.html?lexiqueID=94&#038;Expression=Pr%C3%AAtre\">pr\u00eatres<\/a><br \/>\nt&rsquo;ont livr\u00e9 \u00e0 moi :<br \/>\nqu&rsquo;as-tu donc fait ? \u00bb<br \/>\n<strong>36<\/strong> J\u00e9sus d\u00e9clara :<br \/>\n\u00ab Ma royaut\u00e9 ne vient pas de ce monde ;<br \/>\n<span style=\"color: rgb(255, 0, 0);\"><strong>si ma royaut\u00e9 venait de ce<br \/>\nmonde,<br \/>\nj&rsquo;aurais des gardes<br \/>\nqui se seraient battus pour que je ne sois pas livr\u00e9 aux Juifs<\/strong>.<\/span><br \/>\nNon, ma royaut\u00e9 ne vient pas d&rsquo;ici. \u00bb<br \/>\n<strong>37<\/strong> Pilate lui dit :<br \/>\n\u00ab Alors, tu es roi ? \u00bb<br \/>\nJ\u00e9sus r\u00e9pondit :<br \/>\n\u00ab C&rsquo;est toi qui dis que je suis roi.<br \/>\nJe suis n\u00e9, je suis venu dans le monde pour ceci :<br \/>\nrendre t\u00e9moignage \u00e0 la v\u00e9rit\u00e9.<br \/>\nTout homme qui appartient \u00e0 la v\u00e9rit\u00e9<br \/>\n\u00e9coute ma voix. \u00bb<\/span> <\/div>\n<div class=\"content\"> <span style=\"font-size: 10pt;\">&nbsp;<br \/>\n<\/span> <\/div>\n<p> <span style=\"font-size: 10pt;\">Voil\u00e0 un texte bien surprenant pour<br \/>\nla F\u00eate du Christ-ROI ! Dans les \u00e9vangiles on trouve tr\u00e8s peu<br \/>\nd&rsquo;affirmations de la royaut\u00e9 du Christ ! Il faut aller chercher dans le<br \/>\nr\u00e9cit de la Passion de J\u00e9sus la claire affirmation par lui-m\u00eame de sa<br \/>\nroyaut\u00e9. On peut se demander pourquoi J\u00e9sus n&rsquo;a pas dit plus t\u00f4t qu&rsquo;il<br \/>\n\u00e9tait roi. Cela aurait peut-\u00eatre tout chang\u00e9. Qui sait ? Chaque fois<br \/>\nqu&rsquo;on a voulu le faire roi, il s&rsquo;est d\u00e9rob\u00e9. Chaque fois qu&rsquo;on a voulu<br \/>\nlui faire de la publicit\u00e9, apr\u00e8s des miracles particuli\u00e8rement<br \/>\nimpressionnants, il donnait des consignes tr\u00e8s strictes de silence.<br \/>\nM\u00eame chose apr\u00e8s la <a class=\"overLexique\"\nhref=\"http:\/\/www.eglise.catholique.fr\/ressources-annuaires\/lexique\/definition.html?lexiqueID=122&#038;Expression=Transfiguration\">Transfiguration<\/a>.<br \/>\nEt maintenant, alors qu&rsquo;il est encha \u00een\u00e9, pauvre, condamn\u00e9, il se<br \/>\nreconna \u00eet roi ! C&rsquo;est-\u00e0-dire au moment pr\u00e9cis o\u00f9 il n&rsquo;en a vraiment pas<br \/>\nles apparences&#8230; au moins \u00e0 vues humaines.<\/p>\n<p>Cela veut peut-\u00eatre dire&#8230; Cela veut s\u00fbrement dire qu&rsquo;il faut que nous<br \/>\nr\u00e9visions nos conceptions de la royaut\u00e9 : rappelons-nous ce qu&rsquo;il<br \/>\ndisait \u00e0 ses <a class=\"overLexique\"\nhref=\"http:\/\/www.eglise.catholique.fr\/ressources-annuaires\/lexique\/definition.html?lexiqueID=38&#038;Expression=Disciple\">disciples<\/a><br \/>\n: <span style=\"background-color: rgb(255, 255, 0);\"><strong><span\nstyle=\"color: rgb(255, 0, 0);\">\u00ab Ceux qu&rsquo;on regarde comme les chefs<br \/>\ndes nations les tiennent sous leur pouvoir et les grands sous leur<br \/>\ndomination. Il n&rsquo;en sera pas ainsi parmi vous.<\/span><\/strong> Au<br \/>\ncontraire, si quelqu&rsquo;un veut \u00eatre grand parmi vous, qu&rsquo;il soit votre<br \/>\nserviteur. Et si quelqu&rsquo;un veut \u00eatre le premier parmi vous, qu&rsquo;il soit<br \/>\nl&rsquo;esclave de tous. Car le Fils de l&rsquo;homme est venu non pour \u00eatre servi,<br \/>\nmais pour servir et donner sa vie en ran\u00e7on pour la multitude. \u00bb (Mc<br \/>\n10, 42 &#8211; 45).<\/span><\/p>\n<p>Ce que veut nous dire Jean, quand il nous rapporte l&rsquo;interrogatoire de<br \/>\nJ\u00e9sus par Pilate, c&rsquo;est que J\u00e9sus est le roi de l&rsquo;humanit\u00e9 au moment<br \/>\nm\u00eame o\u00f9 il donne sa vie pour elle. Ce roi-l\u00e0 n&rsquo;a pas d&rsquo;autre ambition<br \/>\nque le service. En fait d&rsquo;interrogatoire, d&rsquo;ailleurs, ce face \u00e0 face<br \/>\nentre le repr\u00e9sentant de l&rsquo;immense Empire Romain et un condamn\u00e9 \u00e0 mort<br \/>\ncomme il y en avait des centaines devient un \u00ab dialogue \u00bb ; car c&rsquo;est<br \/>\nvraiment le monde \u00e0 l&rsquo;envers : tout au long de la Passion, Jean<br \/>\nsouligne comme \u00e0 plaisir le renversement de la situation ; ici, c&rsquo;est<br \/>\nle pouvoir romain qui va reconna \u00eetre que le v\u00e9ritable roi c&rsquo;est<br \/>\nJ\u00e9sus-Christ : quand Pilate dit \u00e0 J\u00e9sus \u00ab Alors, tu es roi ? \u00bb, <span\nstyle=\"background-color: rgb(255, 255, 0);\">J\u00e9sus r\u00e9pond \u00ab C&rsquo;est toi<br \/>\nqui dis que je suis roi \u00bb (\u00ab su legeis \u00bb) dans le sens \u00ab tu as tout<br \/>\ncompris, tu le dis toi-m\u00eame \u00bb.<\/span><br \/>\n<\/span> <\/p>\n<p> &nbsp; <\/p>\n<p> <span style=\"font-size: 10pt;\">Mais ce royaume n&rsquo;a rien \u00e0 voir<br \/>\navec nos royaumes de la terre, d\u00e9fendus par des gardes : \u00ab si ma<br \/>\nroyaut\u00e9 venait de ce monde, j&rsquo;aurais des gardes qui se seraient battus<br \/>\npour que je ne sois pas livr\u00e9 aux Juifs \u00bb. <span\nstyle=\"background-color: rgb(255, 255, 0);\">Son royaume, c&rsquo;est celui<br \/>\nde la v\u00e9rit\u00e9 : pas d&rsquo;autre d\u00e9fense que la v\u00e9rit\u00e9. \u00ab Je suis n\u00e9, je suis<br \/>\nvenu dans le monde pour ceci : rendre t\u00e9moignage \u00e0 la v\u00e9rit\u00e9.<\/span><br \/>\nTout homme qui appartient \u00e0 la v\u00e9rit\u00e9 \u00e9coute ma voix. \u00bb Dans la<br \/>\ndeuxi\u00e8me lecture de ce dimanche, tir\u00e9e de l&rsquo;Apocalypse, nous avons<br \/>\nentendu Jean dire que J\u00e9sus est le \u00ab t\u00e9moin fid\u00e8le \u00bb. Il est le \u00ab Fils<br \/>\nunique plein de <a class=\"overLexique\"\nhref=\"http:\/\/www.eglise.catholique.fr\/ressources-annuaires\/lexique\/definition.html?lexiqueID=57&#038;Expression=Gr%C3%A2ce\">gr\u00e2ce<\/a><br \/>\net de v\u00e9rit\u00e9 \u00bb que nous annon\u00e7ait d\u00e9j\u00e0 le prologue de son \u00e9vangile.<\/p>\n<p>Pilate qui vit dans le monde gr\u00e9co-romain ne peut que poser la question<br \/>\n\u00ab <span style=\"background-color: rgb(0, 255, 0);\"><span\nstyle=\"background-color: rgb(255, 255, 255);\">Qu&rsquo;est-ce que la<\/span><br \/>\nv\u00e9rit\u00e9 <span style=\"background-color: rgb(255, 255, 255);\">? \u00bb<\/span><\/span><br \/>\n<span style=\"background-color: rgb(255, 255, 0);\"><span\nstyle=\"background-color: rgb(255, 255, 255);\">Les Juifs, eux, savent<br \/>\ndepuis le d\u00e9but de leur Alliance avec Dieu, que la v\u00e9rit\u00e9 c&rsquo;est Dieu<br \/>\nlui-m\u00eame. Le mot \u00ab v\u00e9rit\u00e9 \u00bb au sens biblique veut dire \u00ab fid\u00e9lit\u00e9<br \/>\nsolide \u00bb de Dieu ; en h\u00e9breu, il est de la m\u00eame racine que le mot \u00ab<br \/>\nAMEN \u00bb qui signifie ferme, stable, fid\u00e8le, vrai (nous l&rsquo;avons vu dans<br \/>\nle psaume 92 &#8211; 93 de cette f\u00eate). <span\nstyle=\"background-color: rgb(255, 255, 0);\">Pr\u00e9cis\u00e9ment parce que la<br \/>\nV\u00e9rit\u00e9 est une Personne, Dieu lui-m\u00eame, personne ne peut pr\u00e9tendre<br \/>\nd\u00e9tenir la v\u00e9rit\u00e9 ! On appartient \u00e0 la v\u00e9rit\u00e9, elle ne nous appartient<br \/>\npas ; que de querelles inutiles, et m\u00eame de guerres meurtri\u00e8res nous<br \/>\naurions pu et pourrions encore \u00e9viter si nous n&rsquo;avions jamais perdu de<br \/>\nvue que nous ne poss\u00e9dons pas la v\u00e9rit\u00e9 !<\/span><\/span>&#8230; La seule<br \/>\nchose importante est d&rsquo;\u00e9couter et de se laisser instruire par elle<\/span>.<\/p>\n<p>\u00ab Tout homme qui appartient \u00e0 la v\u00e9rit\u00e9 \u00e9coute ma voix \u00bb affirme J\u00e9sus<br \/>\n\u00e0 Pilate, tout comme il avait dit plus t\u00f4t aux Juifs : \u00ab Celui qui est<br \/>\nde Dieu \u00e9coute les paroles de Dieu ; et c&rsquo;est parce que vous n&rsquo;\u00eates pas<br \/>\nde Dieu que vous ne m&rsquo;\u00e9coutez pas. \u00bb (Jn 8, 47). Seul Dieu peut nous<br \/>\ndire \u00ab Ecoute \u00bb. Chaque jour J\u00e9sus et ses <a class=\"overLexique\"\nhref=\"http:\/\/www.eglise.catholique.fr\/ressources-annuaires\/lexique\/definition.html?lexiqueID=38&#038;Expression=Disciple\">disciples<\/a><br \/>\nr\u00e9p\u00e9taient la profession de foi juive enseign\u00e9e par la Torah : \u00ab Shema<br \/>\nIsra\u00ebl \u00bb (\u00ab \u00e9coute Isra\u00ebl ! \u00bb&#8230;) ; ce mot dans la bouche de J\u00e9sus,<br \/>\nc&rsquo;est donc une autre mani\u00e8re de se r\u00e9v\u00e9ler comme Dieu. (Au <a\nclass=\"overLexique\"\nhref=\"http:\/\/www.eglise.catholique.fr\/ressources-annuaires\/lexique\/definition.html?lexiqueID=11&#038;Expression=Bapt%C3%AAme\">Bapt\u00eame<\/a><br \/>\net \u00e0 la <a class=\"overLexique\"\nhref=\"http:\/\/www.eglise.catholique.fr\/ressources-annuaires\/lexique\/definition.html?lexiqueID=122&#038;Expression=Transfiguration\">Transfiguration<\/a>,<br \/>\nla voix du ciel disant \u00e0 propos de J\u00e9sus \u00ab Ecoutez-le \u00bb dit aussi qu&rsquo;il<br \/>\nest Dieu). Pilate n&rsquo;aura pas senti toutes ces r\u00e9sonances, mais quand<br \/>\nJean rapporte tout cela aux premiers Chr\u00e9tiens, ceux-ci savent lire<br \/>\nentre les lignes. Pilate est rest\u00e9 avec sa question et, visiblement, il<br \/>\na manqu\u00e9 sa chance de d\u00e9couvrir Dieu : il raisonne sur la v\u00e9rit\u00e9 au<br \/>\nlieu de s&rsquo;abandonner \u00e0 elle et de croire tout simplement. <span\nstyle=\"background-color: rgb(255, 255, 0);\">Tout l&rsquo;\u00e9vangile de Jean<br \/>\nd\u00e9crit le dilemme qui se pose \u00e0 tout homme \u00ab croire ou ne pas croire \u00bb<\/span>.<br \/>\nMarthe de B\u00e9thanie a fait le bon choix, celui de l&rsquo;humilit\u00e9 et de la<br \/>\nconfiance : \u00ab Je crois que tu es le <a class=\"overLexique\"\nhref=\"http:\/\/www.eglise.catholique.fr\/ressources-annuaires\/lexique\/definition.html?lexiqueID=73&#038;Expression=Messie\">Messie<\/a>,<br \/>\nle Fils de Dieu, Celui qui devait venir en ce monde \u00bb. Pourquoi Marthe,<br \/>\nla femme obscure de Palestine, a-t-elle acc\u00e8s \u00e0 cette v\u00e9rit\u00e9, elle ? Et<br \/>\npourquoi pas Pilate ? Pourtant il n&rsquo;en est pas loin : puisque J\u00e9sus lui<br \/>\nfait remarquer qu&rsquo;il y est presque : \u00ab tu reconnais toi-m\u00eame que je<br \/>\nsuis roi \u00bb (v.37). <span style=\"background-color: rgb(255, 255, 0);\">Que<br \/>\nlui manque-t-il donc \u00e0 Pilate ?<\/p>\n<p>Peut-\u00eatre d&rsquo;accepter de ne pas chercher \u00e0 d\u00e9tenir la v\u00e9rit\u00e9, mais<br \/>\nd&rsquo;\u00eatre pris par elle, de lui appartenir. Apparemment, c&rsquo;est la seule<br \/>\nchose qui nous est demand\u00e9e pour participer \u00e0 la royaut\u00e9 du Christ : \u00ab<br \/>\nHeureux les pauvres de coeur, le royaume des cieux est \u00e0 eux ! \u00bb<br \/>\nAutrement dit, ce sont les pauvres de coeur qui sont les vrais rois, \u00e0<br \/>\ncommencer par J\u00e9sus lui-m\u00eame.<\/span><\/span> <\/p>\n<p><\/body><\/p>\n<p> Message de Thierry Jallas concernant son blog:<\/p>\n<p>Voici 2 liens susceptibles de vous int\u00e9resser :<br \/>\n&#8211;          Le premier vers une [page de mon blog relative \u00e0 un voyage biblique->http:\/\/thierry.jallas.over-blog.com\/pages\/Voyage_biblique_en_Terre_Sainte_avec_MarieNoelle_Thabut_du_25_mars_au_4_avril_2012-8432330.html] effectu\u00e9 du 25 mars au 4 avril 2012 et accompagn\u00e9 par la bibliste Marie-No\u00eblle Thabut. Vous verrez sur cette page un reportage vid\u00e9o de Fran\u00e7ois Lesp\u00e9s (KTO) et 2 autres vid\u00e9os de s\u00e9ances de questions \/ r\u00e9ponses avec Marie-No\u00eblle Thabut, le tout r\u00e9alis\u00e9 \u00e0 l&rsquo;occasion dudit voyage ;<\/p>\n<p>&#8211;          Un article de pr\u00e9sentation des [d\u00e9couvertes passionnantes effectu\u00e9es par Daniel Tardy \u00e0 propos de l&rsquo;\u00e9glise de Saint-Nectaire->http:\/\/thierry.jallas.over-blog.com\/article-les-decouvertes-de-daniel-tardy-dans-l-eglise-de-saint-nectaire-110989106.html]<br \/>\n, d\u00e9couvertes narr\u00e9es et illustr\u00e9es dans un livre qui ferait un tr\u00e8s beau cadeau de No\u00ebl.<\/p>\n<p>Enfin, je signale que mon blog pr\u00e9sente, pour chaque dimanche des 3 ann\u00e9es liturgiques, les remarquables commentaires de Marie-No\u00eblle Thabut, tr\u00e8s pris\u00e9s par de nombreux internautes.<\/p>\n","protected":false},"excerpt":{"rendered":"<p>Si vous \u00e9coutez Radio-Notre Dame [http:\/\/radionotredame.net ->http:\/\/radionotredame.net\/emission\/en-marche-vers-dimanche\/], alors vous connaissez tr\u00e8s certainement la c\u00e9l\u00e8bre bibliste Marie-No\u00f6lle Thabut. Avec sa voix si particuli\u00e8re et ses commentaires avis\u00e9s, les textes de la Bible ont une autre&#46;&#46;&#46;<\/p>\n","protected":false},"author":2,"featured_media":0,"comment_status":"open","ping_status":"open","sticky":false,"template":"","format":"standard","meta":{"footnotes":""},"categories":[],"tags":[],"class_list":["post-553","post","type-post","status-publish","format-standard","hentry"],"_links":{"self":[{"href":"http:\/\/www.chapelle-crecy.com\/index.php?rest_route=\/wp\/v2\/posts\/553","targetHints":{"allow":["GET"]}}],"collection":[{"href":"http:\/\/www.chapelle-crecy.com\/index.php?rest_route=\/wp\/v2\/posts"}],"about":[{"href":"http:\/\/www.chapelle-crecy.com\/index.php?rest_route=\/wp\/v2\/types\/post"}],"author":[{"embeddable":true,"href":"http:\/\/www.chapelle-crecy.com\/index.php?rest_route=\/wp\/v2\/users\/2"}],"replies":[{"embeddable":true,"href":"http:\/\/www.chapelle-crecy.com\/index.php?rest_route=%2Fwp%2Fv2%2Fcomments&post=553"}],"version-history":[{"count":0,"href":"http:\/\/www.chapelle-crecy.com\/index.php?rest_route=\/wp\/v2\/posts\/553\/revisions"}],"wp:attachment":[{"href":"http:\/\/www.chapelle-crecy.com\/index.php?rest_route=%2Fwp%2Fv2%2Fmedia&parent=553"}],"wp:term":[{"taxonomy":"category","embeddable":true,"href":"http:\/\/www.chapelle-crecy.com\/index.php?rest_route=%2Fwp%2Fv2%2Fcategories&post=553"},{"taxonomy":"post_tag","embeddable":true,"href":"http:\/\/www.chapelle-crecy.com\/index.php?rest_route=%2Fwp%2Fv2%2Ftags&post=553"}],"curies":[{"name":"wp","href":"https:\/\/api.w.org\/{rel}","templated":true}]}}