{"id":555,"date":"2012-12-02T17:01:26","date_gmt":"2012-12-02T17:01:26","guid":{"rendered":""},"modified":"-0001-11-30T00:00:00","modified_gmt":"-0001-11-29T22:00:00","slug":"","status":"publish","type":"post","link":"http:\/\/www.chapelle-crecy.com\/?p=555","title":{"rendered":"Vive le temps de l&rsquo;Avent !"},"content":{"rendered":"<div align=justify\">Aujourd&rsquo;hui, je laisse la parole au  P\u00e8re Jacques Nieuviarts,<br \/>\nAssomptionniste.<br \/>\nChers amis,<\/p>\n<p>Aujourd&rsquo;hui, nous entrons dans le temps de l&rsquo;Avent.<\/p>\n<p>Pour se pr\u00e9parer \u00e0\u00a0 c\u00e9l\u00e9brer No\u00f6l, nous (l&rsquo;\u00e9quipe de <span style=\"color: rgb(212, 0, 0);\">Prions en Eglise<\/span>) vous proposons un parcours spirituel quotidien avec soeur B\u00e9n\u00e9dicte de la Croix.<\/p>\n<p>Vous connaissez d\u00e9j\u00e0\u00a0 cette soeur par ses commentaires dans <span style=\"color: rgb(212, 0, 0);\">Prions en \u00e9glise.<\/span><br \/>\nMoniale cistercienne en Provence \u00e0\u00a0 l&rsquo;abbaye Notre-Dame-de-Bon-Secours, soeur B\u00e9n\u00e9dicte de la Croix aime la nature proven\u00e7ale et les grandes marches. C&rsquo;est dans cette dynamique et avec la l\u00e9g\u00e8ret\u00e9 des paysages qui l&rsquo;entourent qu&rsquo;elle propose d&rsquo;accompagner les pas de ceux qui chemineront avec elle tout au long de l&rsquo;Avent.<\/p>\n<p>Inscrivez-vous d\u00e8s aujourd&rsquo;hui sur le site <span style=\"color: rgb(212, 0, 0);\">Prions en \u00e9glise<\/span> [www.prionseneglise.fr->www.prionseneglise.fr] pour recevoir par mail, du 2 au 25 d\u00e9cembre, sa pri\u00e8re ou retrouvez-la chaque jour sur Facebook ou Twitter.<\/p>\n<p>N&rsquo;h\u00e9sitez pas \u00e0\u00a0 partager ce mail avec vos proches, m\u00eame s&rsquo;ils ne connaissent pas <span style=\"color: rgb(212, 0, 0);\">Prions en \u00e9glise<\/span>. Cr\u00e9ons ainsi, ensemble et avec soeur B\u00e9n\u00e9dicte de la Croix, une communaut\u00e9 vivante qui se retrouvera jour apr\u00e8s jour en marche vers No\u00f6l.<br \/>\nRetrouvez dans la suite de cet article, un edito du P\u00e8re Philippe Legrand, la belle image \u00ab\u00a0veillez\u00a0\u00bb r\u00e9alis\u00e9e par Ren\u00e9 Morvan du secteur de Beauval, les programmes de l&rsquo;Avent des secteurs pastoraux de Meaux-Beauval et Esbly, et d&rsquo;autres id\u00e9es pour bien se pr\u00e9parer \u00e0\u00a0 f\u00eater No\u00f6l propos\u00e9es par le Service Dioc\u00e9sain de la Cat\u00e9ch\u00e8se. Tous ensemble et en communion les uns avec les autres, soud\u00e9s par la pri\u00e8re, pr\u00e9parons la route \u00e0\u00a0 notre Dieu Tout-Puissant d&rsquo;Amour qui vient \u00e0\u00a0 notre rencontre&#8230; dans une cr\u00e8che !<\/div>\n<p>Bonne ann\u00e9e avec Saint Luc <\/p>\n<p>En ce premier dimanche de l&rsquo;Avent s&rsquo;ouvre une nouvelle ann\u00e9e liturgique o\u00f9 nous lirons en continu chaque semaine, l&rsquo;\u00e9vangile Saint Luc que je vous invite \u00e0 red\u00e9couvrir. <\/p>\n<p>Qui est Saint Luc ?<br \/>\n C&rsquo;est un m\u00e9decin originaire d&rsquo;Antioche, il rejoint l&rsquo;\u00e9quipe missionnaire de Saint Paul qu&rsquo;il accompagne dans ses voyages apostoliques. C&rsquo;est Saint Luc qui a \u00e9crit les Actes des Ap\u00f4tres.<br \/>\nDans son introduction \u00e0 l&rsquo;Evangile, Saint Luc nous dit avoir recueilli soigneusement les t\u00e9moignages sur J\u00e9sus pour servir \u00e0 l&rsquo;annonce de la foi qui ne repose pas sur des fables mais sur la personne vivante de J\u00e9sus-Christ. <\/p>\n<p> Il fait oeuvre d&rsquo;historien pour montrer la solidarit\u00e9 de la foi re\u00e7ue des Ap\u00f4tres au lecteur auquel il s&rsquo;adresse, appel\u00e9 Th\u00e9ophile (ce qui veut dire ami de Dieu).<\/p>\n<p> En ce premier dimanche de l&rsquo;Avent s&rsquo;ouvre une nouvelle ann\u00e9e liturgique o\u00f9 nous lirons en continu chaque semaine, l&rsquo;\u00e9vangile Saint Luc que je vous invite \u00e0 red\u00e9couvrir. <\/p>\n<p> Quel est le visage de J\u00e9sus chez Saint Luc ?<br \/>\n Il insiste sur la joie du salut apport\u00e9 par J\u00e9sus d\u00e8s sa naissance et ensuite pour les pauvres et les p\u00e9cheurs en priorit\u00e9. C&rsquo;est aussi l&rsquo;\u00e9vangile de la mis\u00e9ricorde (parole du Fils Prodigue, rencontre de Zach\u00e9e et du bon Larron) et de la charit\u00e9 active (le Bon Samaritain). Par le don de l&rsquo;Esprit Saint tr\u00e8s pr\u00e9sent dans l&rsquo;oeuvre de Luc, J\u00e9sus promet que la bonne nouvelle est adress\u00e9e \u00e0 tous les peuples de la terre, cette dimension universelle se retrouve au jour de la Pentec\u00f4te. <\/p>\n<p>Enfin, Saint Luc nous pr\u00e9sente au d\u00e9but de son Evangile la foi de la Vierge Marie qui nous accompagne dans notre Avent, puissions-nous \u00eatre des Th\u00e9ophile attentifs, comme Marie, \u00e0 garder la Parole de Dieu et, \u00e0 la mettre en pratique dans nos vies. <\/p>\n<p>Bonne suite de J\u00e9sus avec Saint Luc ! <\/p>\n<div align=\"center\"><img decoding=\"async\" src=\"\/IMG\/jpg\/veillez.jpg\" width=200><\/div>\n<p>\n Pour bien nous pr\u00e9parer \u00e0 ce temps de l&rsquo;Avent, le Service Dioc\u00e9sain de la Cat\u00e9ch\u00e8se (SDC), nous propose plusieurs pistes tr\u00e8s int\u00e9ressantes. <\/p>\n<p> 1\u00c2\u00b0)  Pour les adultes :<\/p>\n<p>             *  Retraites en ligne, avec :<\/p>\n<p>                   &#8211;  les dominicains : [www.retraitedanslaville.org->www.retraitedanslaville.org ] <\/p>\n<p>                  &#8211; les carmes : [http:\/\/www.carmes-paris.org\/inscription-avent2012\/->http:\/\/www.carmes-paris.org\/inscription-avent2012\/]<\/p>\n<p>            * Retraites dans notre dioc\u00e8se :<\/p>\n<p>                      &#8211; au Carmel d&rsquo;Avon<\/p>\n<p>                      &#8211; au foyer de charit\u00e9 de Combs-la-Ville<\/p>\n<p>                      &#8211; \u00e0 l&rsquo;abbaye de Jouarre<\/p>\n<p> 2\u00c2\u00b0)  Pour les enfants :<\/p>\n<p>         *  Chemin vers No\u00ebl en ligne, avec :<\/p>\n<p>                      &#8211; [http:\/\/noel.croire.com->http:\/\/noel.croire.com]   (Avec les revues \u00e2\u20ac\u02dcFilot\u00e9o&rsquo; et \u00e2\u20ac\u02dcCroire&rsquo;)<\/p>\n<p>                &#8211; [http:\/\/www.lejourduseigneur.com\/Web-TV\/Evenements\/Calendrier-de-l-Avent->http:\/\/www.lejourduseigneur.com\/Web-TV\/Evenements\/Calendrier-de-l-Avent]<\/p>\n<p> 3\u00c2\u00b0)  Pour ceux qui pr\u00e9f\u00e8rent le &lsquo;papier&rsquo; :<\/p>\n<p>             * Les publications habituelles (Magnificat et Magnificat Junior, Prions en Eglise Junior, &#8230;)<\/p>\n<p>             * et le livret  &lsquo;l&rsquo;Avent 2012 &lsquo;Notre P\u00e8re &#8230; pour les cancres&rsquo; &#8211; aux \u00e9ditions Paroisse et Famille      <\/p>\n<p>                [www.paroisseetfamille.com->www.paroisseetfamille.com]<\/p>\n<p> Pour plus de d\u00e9tails, voir la pi\u00e8ce jointe ou consulter les sites !<\/p>\n<p> BON TEMPS de l&rsquo;AVENT !<\/p>\n<p> l&rsquo;\u00e9quipe du S.D.C.<\/p>\n","protected":false},"excerpt":{"rendered":"","protected":false},"author":2,"featured_media":0,"comment_status":"open","ping_status":"open","sticky":false,"template":"","format":"standard","meta":{"footnotes":""},"categories":[],"tags":[],"class_list":["post-555","post","type-post","status-publish","format-standard","hentry"],"_links":{"self":[{"href":"http:\/\/www.chapelle-crecy.com\/index.php?rest_route=\/wp\/v2\/posts\/555","targetHints":{"allow":["GET"]}}],"collection":[{"href":"http:\/\/www.chapelle-crecy.com\/index.php?rest_route=\/wp\/v2\/posts"}],"about":[{"href":"http:\/\/www.chapelle-crecy.com\/index.php?rest_route=\/wp\/v2\/types\/post"}],"author":[{"embeddable":true,"href":"http:\/\/www.chapelle-crecy.com\/index.php?rest_route=\/wp\/v2\/users\/2"}],"replies":[{"embeddable":true,"href":"http:\/\/www.chapelle-crecy.com\/index.php?rest_route=%2Fwp%2Fv2%2Fcomments&post=555"}],"version-history":[{"count":0,"href":"http:\/\/www.chapelle-crecy.com\/index.php?rest_route=\/wp\/v2\/posts\/555\/revisions"}],"wp:attachment":[{"href":"http:\/\/www.chapelle-crecy.com\/index.php?rest_route=%2Fwp%2Fv2%2Fmedia&parent=555"}],"wp:term":[{"taxonomy":"category","embeddable":true,"href":"http:\/\/www.chapelle-crecy.com\/index.php?rest_route=%2Fwp%2Fv2%2Fcategories&post=555"},{"taxonomy":"post_tag","embeddable":true,"href":"http:\/\/www.chapelle-crecy.com\/index.php?rest_route=%2Fwp%2Fv2%2Ftags&post=555"}],"curies":[{"name":"wp","href":"https:\/\/api.w.org\/{rel}","templated":true}]}}