{"id":560,"date":"2012-12-21T07:29:00","date_gmt":"2012-12-21T07:29:00","guid":{"rendered":""},"modified":"-0001-11-30T00:00:00","modified_gmt":"-0001-11-29T22:00:00","slug":"","status":"publish","type":"post","link":"http:\/\/www.chapelle-crecy.com\/?p=560","title":{"rendered":"No\u00ebl 2012 : F\u00eates et c\u00e9r\u00e9monies dans le P\u00f4le de Meaux"},"content":{"rendered":"<div align=\"justify\">Afin de mieux vous aider \u00e0\u00a0 f\u00eater no\u00f6l dans le secteur, nous publions ici la liste de toutes les c\u00e9l\u00e9brations, confessions et messes dans le P\u00f4le de Meaux \u00e0\u00a0 l&rsquo;occasion des f\u00eates de la nativit\u00e9.<br \/>\nJoyeux no\u00f6l \u00e0\u00a0 tous !<\/div>\n<p>Secteur de Chauconin- Neufmontiers-Cr\u00e9gy-Chambry-Penchard<br \/>\nConfessions: Vendredi 21 d\u00e9cembre \u00e0 Cr\u00e9gy, de 19h \u00e0 20h30<br \/>\n<font color=\"0000FF\">Messes :<\/font><br \/>\n&#8211; Lundi 24 d\u00e9cembre: \u00e0 19h Eglise de Neufmontiers<br \/>\n&#8211; Mardi 25 d\u00e9cembre: 10h30 Eglise de Penchard<br \/>\n<\/p>\n<div align=\"center\"><img decoding=\"async\" src=\"\/IMG\/gif\/noel_nativite035.gif\" width=200><\/div>\n<p>\nSecteur des 8 Clochers (ESBLY)<br \/>\nC\u00e9l\u00e9brations du Pardon communautaires, avec confession individuelle<br \/>\nMardi 18 d\u00e9cembre \u00e0 17h et \u00e0 20h Eglise d&rsquo;Esbly<br \/>\nConfessions individuelles:<br \/>\n&#8211; Vendredi 22 d\u00e9cembre de 17h \u00e0 18h, \u00e9glise d&rsquo;Esbly (messe \u00e0 18h)<br \/>\n&#8211; Samedi 22 d\u00e9cembre de 17h \u00e0 18h, \u00e9glise de Montry (messe \u00e0 18h)<br \/>\n&#8211; Lundi 24 d\u00e9cembre de 10h \u00e0 12h, \u00e9glise d&rsquo;Esbly<br \/>\n<font color=\"0000FF\">Messes :<\/font><br \/>\nLundi 24 d\u00e9cembre :<br \/>\n&#8211; 19h Veill\u00e9e et Messe des familles \u00e0 Cond\u00e9 ( sous r\u00e9serve que les travaux soient termin\u00e9s)<br \/>\n&#8211; 22h Messe de la Nuit de No\u00ebl \u00e0 Esbly<br \/>\nMardi 25 d\u00e9cembre \u00e0 10h30 : Messe du Jour de No\u00ebl \u00e0 Esbly<br \/>\n<\/p>\n<div align=\"center\"><img decoding=\"async\" src=\"\/IMG\/gif\/noel_nativite030.gif\" width=200><\/div>\n<p>\nSecteurs de Meaux Centre, Varreddes, Villenoy et Meaux Beauval (St Jean Bosco et St Damien de Veuster)<br \/>\n&#8211; C\u00e9l\u00e9bration p\u00e9nitentielle : Lundi 17 d\u00e9cembre \u00e0 20h au Vieux Chapitre<br \/>\n&#8211; Confessions : Tous les samedis de 16h30 \u00e0 17h30 au Vieux Chapitre. Lundi 24 d\u00e9cembre de 15h \u00e0 17h au Vieux Chapitre.<br \/>\n<font color=\"0000FF\">Messes :<\/font><br \/>\nNuit de No\u00ebl: Lundi 24 d\u00e9cembre<br \/>\n&#8211; 17h Chapelle des Augustines<br \/>\n&#8211; 19h Eglise de Varreddes et 19h Eglise de Villenoy;<br \/>\n&#8211; 19h30 Eglise Saint Nicolas \u00e0 Meaux;<br \/>\n&#8211; 21h Chapelle du Carmel, 112 rue de Chaage \u00e0 Meaux;<br \/>\n&#8211; 21h Eglise Saint Jean Bosco, 29A rue Henri Dunant \u00e0 Meaux Beauval;<br \/>\n&#8211; 22h30 Cath\u00e9drale Saint Etienne (messe pr\u00e9sid\u00e9e par Monseigneur NAHMIAS)<br \/>\nJour de No\u00ebl: Mardi 25 D\u00e9cembre :<br \/>\n&#8211; 9h Chapelle du Carmel<br \/>\n&#8211; 10h30 Cath\u00e9drale Saint-Etienne<br \/>\n&#8211; 10h45 Chapelle des Augustines<br \/>\n&#8211; 11h Eglise Saint-Damien, 24 rue Beaumarchais \u00e0 Meaux Beauval<br \/>\n&#8211; 17h45 V\u00eapres au Vieux Chapitre suivies de la messe \u00e0 18h30<br \/>\nLendemain de No\u00ebl Mercredi 26 d\u00e9cembre \u00e0 11h30 : F\u00eate de Saint Etienne, patron du Dioc\u00e8se et de la Cath\u00e9drale de Meaux.<br \/>\n <\/p>\n<div align=\"center\"><img decoding=\"async\" src=\"\/IMG\/gif\/noel_nativite027.gif\"><\/div>\n<p> <br \/>\nSECTEUR NANTEUIL-MAREUIL-BOUTIGNY<br \/>\n&#8211; Lundi 24 d\u00e9cembre \u00e0 20h30 Eglise de Nanteuil<br \/>\n&#8211; Mardi 25 d\u00e9cembre \u00e0 10h30 Eglise de Nanteuil<\/p>\n<div align=\"center\"><img decoding=\"async\" src=\"\/IMG\/gif\/noel_nativite008.gif\"><\/div>\n<p> <\/p>\n<p>SECTEUR QUINCY-COUILLY-SAINT-GERMAIN-sur-MORIN<br \/>\n&#8211; Dimanche 23 d\u00e9cembre : 11h Messe \u00e0 Couilly<br \/>\n&#8211; Lundi 24 d\u00e9cembre : 19h Messe de la Nuit \u00e0 Couilly<br \/>\n&#8211; Mardi 25 d\u00e9cembre : 11h Messe de No\u00ebl \u00e0 Quincy<\/p>\n<div align=\"center\"><img decoding=\"async\" src=\"\/IMG\/gif\/creche13.gif\"><\/div>\n<p>\nSECTEUR CRECY-VILLIERS-VOULANGIS<br \/>\n&#8211; Vendredi 21 d\u00e9cembre \u00e0 20h30 : Veill\u00e9e p\u00e9nitentielle \u00e0 Cr\u00e9cy<br \/>\n&#8211; Lundi 24 d\u00e9cembre : Messe de la nuit de No\u00ebl \u00e0 20 h 30 \u00e0 Cr\u00e9cy<br \/>\n&#8211; Mardi 25 d\u00e9cembre : Messe du jour de No\u00ebl \u00e0 10 h 30 \u00e0 Villiers.<\/p>\n<div align=\"center\"><img decoding=\"async\" src=\"\/IMG\/gif\/noel_nativite009.gif\"><\/div>\n","protected":false},"excerpt":{"rendered":"<p>Afin de mieux vous aider \u00e0\u00a0 f\u00eater no\u00f6l dans le secteur, nous publions ici la liste de toutes les c\u00e9l\u00e9brations, confessions et messes dans le P\u00f4le de Meaux \u00e0\u00a0 l&rsquo;occasion des f\u00eates de la&#46;&#46;&#46;<\/p>\n","protected":false},"author":2,"featured_media":0,"comment_status":"open","ping_status":"open","sticky":false,"template":"","format":"standard","meta":{"footnotes":""},"categories":[],"tags":[],"class_list":["post-560","post","type-post","status-publish","format-standard","hentry"],"_links":{"self":[{"href":"http:\/\/www.chapelle-crecy.com\/index.php?rest_route=\/wp\/v2\/posts\/560","targetHints":{"allow":["GET"]}}],"collection":[{"href":"http:\/\/www.chapelle-crecy.com\/index.php?rest_route=\/wp\/v2\/posts"}],"about":[{"href":"http:\/\/www.chapelle-crecy.com\/index.php?rest_route=\/wp\/v2\/types\/post"}],"author":[{"embeddable":true,"href":"http:\/\/www.chapelle-crecy.com\/index.php?rest_route=\/wp\/v2\/users\/2"}],"replies":[{"embeddable":true,"href":"http:\/\/www.chapelle-crecy.com\/index.php?rest_route=%2Fwp%2Fv2%2Fcomments&post=560"}],"version-history":[{"count":0,"href":"http:\/\/www.chapelle-crecy.com\/index.php?rest_route=\/wp\/v2\/posts\/560\/revisions"}],"wp:attachment":[{"href":"http:\/\/www.chapelle-crecy.com\/index.php?rest_route=%2Fwp%2Fv2%2Fmedia&parent=560"}],"wp:term":[{"taxonomy":"category","embeddable":true,"href":"http:\/\/www.chapelle-crecy.com\/index.php?rest_route=%2Fwp%2Fv2%2Fcategories&post=560"},{"taxonomy":"post_tag","embeddable":true,"href":"http:\/\/www.chapelle-crecy.com\/index.php?rest_route=%2Fwp%2Fv2%2Ftags&post=560"}],"curies":[{"name":"wp","href":"https:\/\/api.w.org\/{rel}","templated":true}]}}