{"id":561,"date":"2012-12-21T08:40:00","date_gmt":"2012-12-21T08:40:00","guid":{"rendered":""},"modified":"-0001-11-30T00:00:00","modified_gmt":"-0001-11-29T22:00:00","slug":"","status":"publish","type":"post","link":"http:\/\/www.chapelle-crecy.com\/?p=561","title":{"rendered":"Mobilisation g\u00e9n\u00e9rale pour la Manif Pour Tous du 13 janvier 2013 \u00e0\u00a0 13h dans le 13\u00e8me \u00e0\u00a0 Paris"},"content":{"rendered":"<div \"align=\"justify\">Face \u00e0\u00a0 l&rsquo;\u00e9galit\u00e9 des droits r\u00e9clam\u00e9e par les partisans du \u00ab\u00a0Mariage pour Tous\u00a0\u00bb, l&rsquo;humoriste Frigide Barjot et Tugdual Derville, d\u00e9l\u00e9gu\u00e9 g\u00e9n\u00e9ral d&rsquo;Alliance VITA, (association fond\u00e9e en France fin 1993 au moment des premi\u00e8res lois bio\u00e9thiques), tous les deux oppos\u00e9s au projet de loi, argumentent sur les probl\u00e8mes de filiations que la loi Taubira va engendrer. Retrouvez dans la revue de presse que nous vous avons concoct\u00e9e, une large s\u00e9lection d&rsquo;articles traitant des divisions caus\u00e9es dans les bancs de l&rsquo;assembl\u00e9e au sujet la Procr\u00e9ation M\u00e9dicalement Assist\u00e9e. La parole est ici donn\u00e9e \u00e0\u00a0 des d\u00e9put\u00e9s, au pape qui s&rsquo;inqui\u00e8te de la juridiction, \u00e0\u00a0 un philosophe (vid\u00e9o) ou \u00e0\u00a0 un jeune \u00e9lu trentenaire. En pi\u00e8ces jointes, vous trouverez les communiqu\u00e9s de presse de la \u00ab\u00a0Manif pour Tous\u00a0\u00bb, de l&rsquo;Enseignement Catholique, et l&rsquo;invitation \u00e0\u00a0 participer au d\u00e9bat sur le sujet \u00e0\u00a0 l&rsquo;initiative de Madame la Maire de Nemours,  le 8 janvier prochain \u00e0\u00a0 Fontainebleau. Bonne lecture.<br \/>\n[http:\/\/melunresistance.wordpress.com\/->http:\/\/melunresistance.wordpress.com\/]<\/div>\n<div align=\"center\"><img decoding=\"async\" src=\"\/IMG\/jpg\/communique-2.jpg\" width=500><\/div>\n<p>&#8211; <\/p>\n<div align=\"center\"><img decoding=\"async\" src=\"\/IMG\/jpg\/Manif-04-10-2014.jpg\" width=500><\/div>\n<p> et voici le teaser de La Manif Pour Tous du 5 octobre que vous pouvez diffuser largement autour de vous:<br \/>\n <iframe loading=\"lazy\" width=\"560\" height=\"315\" src=\"\/\/www.youtube.com\/embed\/1pwMKVynLWs\" frameborder=\"0\" allowfullscreen><\/iframe><\/p>\n<h1\nstyle=\"margin: 10px 0px 15px; color: rgb(213, 32, 106); font-size: 1.4em; width: 505px; font-family: 'Droid Sans','Trebuchet MS',sans-serif; float: left;\">Horaires<br \/>\net parcours<\/h1>\n<p>[http:\/\/www.lamanifpourtous.fr\/fr\/->http:\/\/www.lamanifpourtous.fr\/fr\/]<\/p>\n<div\nstyle=\"color: rgb(51, 51, 51); font-size: 0.85em; width: 505px; font-family: 'Droid Sans','Trebuchet MS',sans-serif; float: left;\"><\/div>\n<p style=\"margin: 0px 0px 15px; float: left; width: 505px;\">\n<b>Trois cort\u00e8ges sont organis\u00e9es en direction du Champ-de-Mars&nbsp;!<br \/>\nRendez-vous \u00e0<span> 13h<\/span>&nbsp;le 13 janvier 2013&nbsp;!<\/b><\/p>\n<p style=\"margin: 0px 0px 15px; float: left; width: 505px;\">\n<strong><span style=\"color: rgb(55, 112, 198);\"><img alt=\"\"\nsrc=\"http:\/\/87.98.142.154\/mediatheque\/manif_pour_tous\/kit\/marcheur-bleu.png\"\nstyle=\"border: 0px none ; width: 50px; min-height: 52px;\">&nbsp;Cort\u00e8ge<br \/>\nbleu&nbsp;: Porte Maillot<\/span><\/strong><\/p>\n<p style=\"margin: 0px 0px 15px; float: left; width: 505px;\">\n<strong><img alt=\"\"\nsrc=\"http:\/\/87.98.142.154\/mediatheque\/manif_pour_tous\/kit\/marcheur-blanc.png\"\nstyle=\"border: 0px none ; width: 50px; min-height: 52px;\">&nbsp;Cort\u00e8ge<\/strong><strong>&nbsp;blanc&nbsp;:<br \/>\nPlace d&rsquo;Italie<\/strong><\/p>\n<p style=\"margin: 0px 0px 15px; float: left; width: 505px;\">\n<strong><span style=\"color: rgb(213, 32, 106);\"><img alt=\"\"\nsrc=\"http:\/\/87.98.142.154\/mediatheque\/manif_pour_tous\/kit\/marcheur-rose.png\"\nstyle=\"border: 0px none ; width: 50px; min-height: 52px;\">&nbsp;Cort\u00e8ge<br \/>\nrose&nbsp;: Place&nbsp;<span>Denfert-Rochereau<\/span><\/span><\/strong><\/p>\n<p>Avant de lire ce que dit la presse \u00e9crite sur le \u00ab\u00a0Mariage pour Tous\u00a0\u00bb, nous vous invitons \u00e0 visionner ces quelques vid\u00e9os int\u00e9ressantes:<\/p>\n<p>&#8211; Vid\u00e9o propos\u00e9e par la Protection de l&rsquo;Enfance: comment fait-on des enfants?<br \/>\n[http:\/\/www.dailymotion.com\/video\/xvwgzd_anatole-se-demande-comment-on-fait-les-bebes_news#.UM2vH6w2gcY->http:\/\/www.dailymotion.com\/video\/xvwgzd_anatole-se-demande-comment-on-fait-les-bebes_news#.UM2vH6w2gcY]<\/p>\n<p>&#8211; Vid\u00e9o de Tugdual Derville \u00ab\u00a0mis sur le gril\u00a0\u00bb dans la nouvelle \u00e9mission d&rsquo;Hondelatte, Hondetatte-Dimanche HD:<br \/>\n [http:\/\/www.alliancevita.org\/2012\/12\/tugdual-derville-sur-le-plateau-de-hondelatte-dimanche\/<br \/>\n->http:\/\/www.alliancevita.org\/2012\/12\/tugdual-derville-sur-le-plateau-de-hondelatte-dimanche\/]<\/p>\n<p>&#8211; Vid\u00e9o du 14 d\u00e9cembre dernier, dans laquelle Frigide Barjot argumente sur I-TELE son oppsition au mariage Gay:<br \/>\n [http:\/\/www.ndf.fr\/poing-de-vue\/14-12-2012\/frigide-barjot-denonce-la-violence-et-la-haine-du-lobby-homosexuel#.UNTuvqyoGSo->http:\/\/www.ndf.fr\/poing-de-vue\/14-12-2012\/frigide-barjot-denonce-la-violence-et-la-haine-du-lobby-homosexuel#.UNTuvqyoGSo]<\/p>\n<p>&#8211; Vid\u00e9o diffus\u00e9e par le c\u00e9l\u00e8bre site Rue89, qui donne la parole aux manifestants pro \u00ab\u00a0Mariage pour Tous\u00a0\u00bb qui r\u00e9pondent \u00e0 la question:<br \/>\n Le mariage, c&rsquo;est pas ringard et bourgeois ? Voici la r\u00e9ponse des personnes qui soutiennent le \u00ab\u00a0Mariage pour Tous\u00a0\u00bb:<br \/>\n [http:\/\/www.dailymotion.com\/video\/xvzosg_le-mariage-c-est-pas-ringard-et-bourgeois_news#.UNcqBqyoGSp->http:\/\/www.dailymotion.com\/video\/xvzosg_le-mariage-c-est-pas-ringard-et-bourgeois_news#.UNcqBqyoGSp]<\/p>\n<p> &#8211; Un powerpoint instructif sur ce qu&rsquo;est le [gender->http:\/\/www.vigi-gender.fr\/wp-content\/uploads\/2014\/05\/Pr%C3%A9sentation-sur-le-Gender-et-sa-diffusion-%C3%A0-lEcole.pdf] et la pr\u00e9sentation de cette th\u00e9orie totalitaire qui consiste en <span style=\"color: rgb(212, 0, 0);\">la destruction des st\u00e9r\u00e9otypes <\/span>ch\u00e8re \u00e0 Vincent Peillon et Najat Vallaud-Belkacem.<\/p>\n<div align=\"center\"><span style=\"color: rgb(212, 0, 0);\">* * * * * * * * * *<\/div>\n<p><\/span><br \/>\n&#8211; <\/p>\n<div align=\"center\"><img decoding=\"async\" src=\"\/IMG\/jpg\/lab.jpg\" width=200><\/div>\n<div align=\"center\"><img decoding=\"async\" src=\"\/IMG\/jpg\/procreation.jpg\" width=500><\/div>\n<div align=\"center\"><img decoding=\"async\" src=\"\/IMG\/jpg\/ayrault.jpg\" width=300><\/div>\n<p> Voici la suite de l&rsquo;article:<br \/>\n [http:\/\/lelab.europe1.fr\/t\/la-procreation-medicalement-assistee-pourrait-revenir-en-mars-dans-une-loi-famille-6789->http:\/\/lelab.europe1.fr\/t\/la-procreation-medicalement-assistee-pourrait-revenir-en-mars-dans-une-loi-famille-6789]<\/p>\n<div align=\"center\"><span style=\"color: rgb(212, 0, 0);\">* * * * * * * * * *<\/div>\n<p><\/span><br \/>\n&#8211; <\/p>\n<div align=\"center\"><img decoding=\"async\" src=\"\/IMG\/jpg\/actu.jpg\" width=300><\/div>\n<p> <body><\/p>\n<h1 class=\"posttitle\">Les m\u00e9dias LGBT n&rsquo;int\u00e9ressent&nbsp;personne\u00e2\u20ac\u00a6 <\/h1>\n<p><\/body><\/p>\n<p> Voici la suite de l&rsquo;article:<br \/>\n [https:\/\/actualitechretienne.wordpress.com\/2013\/01\/04\/les-medias-lgbt-ninteressent-personne\/->https:\/\/actualitechretienne.wordpress.com\/2013\/01\/04\/les-medias-lgbt-ninteressent-personne\/]<\/p>\n<div align=\"center\"><span style=\"color: rgb(212, 0, 0);\">* * * * * * * * * *<\/div>\n<p><\/span><\/p>\n<p>&#8211; <\/p>\n<div align=\"center\"><img decoding=\"async\" src=\"\/IMG\/jpg\/Nouvelles.jpg\" width=300><\/div>\n<p><body><\/p>\n<h1 class=\"entry-title\">Sacha, le b\u00e9b\u00e9 aux deux \u00ab mamans \u00bb : la<br \/>\npremi\u00e8re arnaque m\u00e9diatique de l&rsquo;ann\u00e9e<\/h1>\n<p><\/body><\/p>\n<div align=\"center\"><img decoding=\"async\" src=\"\/IMG\/jpg\/sacha.jpg\" width=400><\/div>\n<p> Voici la suite de l&rsquo;article:<br \/>\n [http:\/\/www.ndf.fr\/poing-de-vue\/02-01-2013\/sacha-le-bebe-aux-deux-mamans-la-premiere-arnaque-mediatique-de-lannee#.UOSgU6yoGSr->http:\/\/www.ndf.fr\/poing-de-vue\/02-01-2013\/sacha-le-bebe-aux-deux-mamans-la-premiere-arnaque-mediatique-de-lannee#.UOSgU6yoGSr]<\/p>\n<div align=\"center\"><span style=\"color: rgb(212, 0, 0);\">* * * * * * * * * *<\/div>\n<p><\/span><\/p>\n<p>&#8211; <\/p>\n<div align=\"center\"><img decoding=\"async\" src=\"\/IMG\/jpg\/knowkers.org.jpg\" width=400><\/div>\n<h1>Guerre de l&rsquo;information autour du mariage homosexuel<\/h1>\n<div class=\"date\">\n<p>26 d\u00e9cembre, 2012 <\/p>\n<\/div>\n<p> Voici la suite de l&rsquo;article:<br \/>\n [http:\/\/www.knowckers.org\/2012\/12\/guerre-de-l%E2%80%99information-autour-du-mariage-homosexuel\/->http:\/\/www.knowckers.org\/2012\/12\/guerre-de-l%E2%80%99information-autour-du-mariage-homosexuel\/]<\/p>\n<div align=\"center\"><span style=\"color: rgb(212, 0, 0);\">* * * * * * * * * *<\/div>\n<p><\/span><\/p>\n<p>&#8211; <\/p>\n<div align=\"center\"><img decoding=\"async\" src=\"\/IMG\/jpg\/slate.jpg\" width=200><\/div>\n<p> <body><br \/>\n<big style=\"color: red;\"><big>Le tabou de la violence conjugale chez<br \/>\nles couples homosexuels<\/big><\/big><br \/>\n La question est pos\u00e9e: Deux fois plus de violences conjugales chez les homosexuels?<br \/>\n<\/p>\n<p> Voici la suite de l&rsquo;article:<br \/>\n [http:\/\/m.slate.fr\/story\/65941\/violence-conjugale-couples-homosexuels->http:\/\/m.slate.fr\/story\/65941\/violence-conjugale-couples-homosexuels]<\/p>\n<div align=\"center\"><span style=\"color: rgb(212, 0, 0);\">* * * * * * * * * *<\/div>\n<p><\/span><\/p>\n<h1 class=\"title-news\"> Mariage gay : le pape Beno \u00eet XVI appelle les<br \/>\ncatholiques \u00e0 \u00ab\u00a0la lutte\u00a0\u00bb <\/h1>\n<div class=\"comments_datetime_new border_none relative v05\">\n<p> <b>Le HuffPost Qu\u00e9bec avec AFP<\/b> &nbsp;|&nbsp; <span\nclass=\"posted-and-updated\"> Publication: <span\nitemprop=\"datePublished\">22\/12\/2012 11:51 CET<\/span>&nbsp;&nbsp;|&nbsp;&nbsp;Mis<br \/>\n\u00e0 jour: <span itemprop=\"dateModified\">22\/12\/2012 11:53 CET<\/span> <\/span>\n<\/p>\n<\/div>\n<div align=\"center\"><img decoding=\"async\" src=\"\/IMG\/jpg\/papeBXVI.jpg\" width=300><\/div>\n<p> Voici la suite de l&rsquo;article:<br \/>\n [http:\/\/www.huffingtonpost.fr\/2012\/12\/21\/mariage-gay-benoit-xvi-catholiques-lutte_n_2350859.html->http:\/\/www.huffingtonpost.fr\/2012\/12\/21\/mariage-gay-benoit-xvi-catholiques-lutte_n_2350859.html]<\/p>\n<div align=\"center\"><span style=\"color: rgb(212, 0, 0);\">* * * * * * * * * *<\/div>\n<p><\/span><\/p>\n<p>&#8211; <\/p>\n<div align=\"center\"><img decoding=\"async\" src=\"\/IMG\/jpg\/hollande.jpg\" width=400><\/div>\n<p> Voici la suite de l&rsquo;article:<br \/>\n [http:\/\/www.lescandaleuxmag.fr\/index.php\/actualite\/politique\/1465-du-mariage-pour-tousn-imposture-politique-a-lusage-des-non-avertis->http:\/\/www.lescandaleuxmag.fr\/index.php\/actualite\/politique\/1465-du-mariage-pour-tousn-imposture-politique-a-lusage-des-non-avertis]<\/p>\n<div align=\"center\"><span style=\"color: rgb(212, 0, 0);\">* * * * * * * * * *<\/div>\n<p><\/span><\/p>\n<p>&#8211; <\/p>\n<div align=\"center\"><img decoding=\"async\" src=\"\/IMG\/jpg\/parisien.jpg\" width=300><\/div>\n<div class=\"titre\">\n<h1> Mariage gay&nbsp;: l&rsquo;\u00e9cole catho mobilise<\/h1>\n<h2>Le patron de l&rsquo;enseignement catholique a adress\u00e9 une lettre \u00e0 ses 8<br \/>\n300 chefs d&rsquo;\u00e9tablissement pour les inviter, du primaire au lyc\u00e9e, \u00e0 \u00ab<br \/>\nprendre des initiatives \u00bb dans le d\u00e9bat sur le mariage gay.<\/h2>\n<p class=\"auteurPubli\"> Florence Deguen | Publi\u00e9 le 28.12.2012, 09h20 <\/p>\n<\/div>\n<div align=\"center\"><img decoding=\"async\" src=\"\/IMG\/jpg\/ecolecatho.jpg\" width=450><\/div>\n<p> Voici la suite de l&rsquo;article:<br \/>\n [http:\/\/www.leparisien.fr\/societe\/mariage-gay-l-ecole-catho-mobilise-28-12-2012-2439465.php->http:\/\/www.leparisien.fr\/societe\/mariage-gay-l-ecole-catho-mobilise-28-12-2012-2439465.php]<\/p>\n<div align=\"center\"><span style=\"color: rgb(212, 0, 0);\">* * * * * * * * * *<\/div>\n<p><\/span><\/p>\n<p>&#8211; <\/p>\n<div align=\"center\"><img decoding=\"async\" src=\"\/IMG\/jpg\/atlantico.jpg\" width=300><\/div>\n<div class=\"titre\">\n<h1 class=\"s0\">Mariage Gay : l&rsquo;\u00e9cole catholique veut s&#8217;emparer du d\u00e9bat<\/h1>\n<p class=\"chapo size-11\"><strong>Le patron de l&rsquo;enseignement catholique<br \/>\ninvite les \u00e9tablissements \u00e0 \u00ab\u00a0prendre des initiatives\u00a0\u00bb dans le d\u00e9bat sur<br \/>\nle mariage homosexuel.<\/strong><\/p>\n<\/div>\n<p> Voici la suite de l&rsquo;article:<br \/>\n [http:\/\/www.atlantico.fr\/pepites\/mariage-gay-ecole-catholique-veut-emparer-debat-590554.html<br \/>\n->http:\/\/www.atlantico.fr\/pepites\/mariage-gay-ecole-catholique-veut-emparer-debat-590554.html ]<\/p>\n<div align=\"center\"><span style=\"color: rgb(212, 0, 0);\">* * * * * * * * * *<\/div>\n<p><\/span><\/p>\n<p>&#8211; <\/p>\n<div align=\"center\"><img decoding=\"async\" src=\"\/IMG\/jpg\/oumma.jpg\" width=300><\/div>\n<h1 property=\"dc:title\" class=\"article-title\"\nstyle=\"margin-bottom: 0px;\">Mariage pour les homosexuels: ce n&rsquo;est pas<br \/>\nune question d&rsquo;\u00e9galit\u00e9&#8230;<\/h1>\n<div id=\"op-over-content\"> <\/div>\n<div class=\"section-date-author\"> Par <a\nhref=\"http:\/\/oumma.com\/Hassan-Safoui\" property=\"dc:creator\"\nrel=\"foaf:publications\" typeof=\"foaf:person\" content=\"Hassan Safoui\">Hassan<br \/>\nSafoui<\/a> | le <time property=\"dc:issued\" datatype=\"xsd:dateTime\"\ndatetime=\"2012-12-24\" content=\"2012-12-24T10:03:00+01:00\">24 d\u00e9cembre,<br \/>\n2012 &#8211; 10:03<\/time> <\/div>\n<p style=\"margin-bottom: 5px;\" itemprop=\"description\"><strong> En son<br \/>\nnom, le mariage dit \u00abpour tous \u00bb viendra donc, nous dit-on, lever une<br \/>\ninjustice qui p\u00e8se sur l&rsquo;humanit\u00e9 depuis des si\u00e8cles, et qui prive des<br \/>\ncouples homosexuels de se marier\u00e2\u20ac\u00a6 <\/strong><\/p>\n<p> Voici la suite de l&rsquo;article:<br \/>\n [http:\/\/oumma.com\/15212\/mariage-homosexuels-nest-une-question-degalite<br \/>\n->http:\/\/oumma.com\/15212\/mariage-homosexuels-nest-une-question-degalite]<\/p>\n<div align=\"center\"><span style=\"color: rgb(212, 0, 0);\">* * * * * * * * * *<\/div>\n<p><\/span><\/p>\n<p>&#8211; <\/p>\n<div align=\"center\"><img decoding=\"async\" src=\"\/IMG\/jpg\/economie.jpg\" width=200><\/div>\n<h1 class=\"itemTitle\">Mariage pour tous : une aberration \u00e9conomique ? <\/h1>\n<p><strong>Avec les nombreuses r\u00e9flexions lanc\u00e9es par la reforme du<br \/>\nmariage (PMA, ouverture du mariage aux personnes de m\u00eame sexe,<br \/>\nadoption, union civile), je souhaite mener le d\u00e9bat loin des questions<br \/>\nreligieuses ou sociales, o\u00f9 la posture de chacun est bien connue. Il me<br \/>\nsemble en effet que les implications \u00e9conomiques d&rsquo;un tel changement<br \/>\nsont loin d&rsquo;\u00eatre assez connues et d\u00e9battues. Pour le dire simplement,<br \/>\nje m&rsquo;interroge&nbsp;: y a-t-il jamais eu un sens \u00e9conomique au<br \/>\nmariage\u00e2\u20ac\u2030? Ce sens survivra-t-il a la r\u00e9forme\u00e2\u20ac\u2030?<\/strong><\/p>\n<p><\/p>\n<div align=\"center\"><img decoding=\"async\" src=\"\/IMG\/jpg\/1793.jpg\" width=300><\/div>\n<p><body><br \/>\n<span class=\"itemImageCaption\">En 1793, la Convention nationale d\u00e9finit<br \/>\nle mariage comme \u00ab\u00a0une convention, par laquelle l&rsquo;homme et la femme<br \/>\ns&rsquo;engagent, sous l&rsquo;autorit\u00e9 de la loi, \u00e0 vivre ensemble, \u00e0 nourrir et<br \/>\n\u00e9lever les enfants qui peuvent na \u00eetre de leur union\u00a0\u00bb &#8230; Cette<br \/>\nd\u00e9finition exclut d\u00e9j\u00e0 d&#8217;embl\u00e9e le mariage pour tous.<\/span> <span\nclass=\"itemImageCredits\">cc\/Flickr\/Pierre-Selim<\/span><\/p>\n<p><\/p>\n<p> Voici la suite de l&rsquo;article:<br \/>\n [http:\/\/www.economiematin.fr\/les-experts\/item\/2978-mariage-pour-tous-homosexuel-gay-debat-societe-2012<br \/>\n->http:\/\/www.economiematin.fr\/les-experts\/item\/2978-mariage-pour-tous-homosexuel-gay-debat-societe-2012]<\/p>\n<div align=\"center\"><span style=\"color: rgb(212, 0, 0);\">* * * * * * * * * *<\/div>\n<p><\/span><\/p>\n<p>&#8211; <\/p>\n<div align=\"center\"><img decoding=\"async\" src=\"\/IMG\/jpg\/E_R.jpg\" width=300><\/div>\n<p> Voici un article propos\u00e9e par Egalit\u00e9 et R\u00e9conciliation (E&#038;R) qui est une association politique \u00ab trans-courants \u00bb cr\u00e9\u00e9e en juin 2007.<\/p>\n<p>Son objectif est de rassembler les citoyens qui font de la Nation le cadre d\u00e9terminant de l&rsquo;action politique et de la politique sociale un fondement de la Fraternit\u00e9, composante essentielle de l&rsquo;unit\u00e9 nationale. Cette association  se r\u00e9clame de \u00ab la gauche du travail et de la droite des valeurs \u00bb contre le syst\u00e8me compos\u00e9 de la gauche bobo-libertaire et de la droite lib\u00e9rale.<br \/>\n Elle nous propose aujourd&rsquo;hui un article sur l&rsquo;ancienne ministre Elisabeth Guigou qui a chang\u00e9 d&rsquo;avis sur le mariage des homosexuels en l&rsquo;espace de 14 ans, succombant aujourd&rsquo;hui \u00e0 la pens\u00e9e dominante&#8230; <\/p>\n<div align=\"center\"><img decoding=\"async\" src=\"\/IMG\/jpg\/guigou.jpg\" width=200><\/div>\n<div class=\"surlignable\">\n<h1 class=\"crayon article-titre-15476 entry-title\">Mariage des<br \/>\nhomosexuels&nbsp;: la girouette Guigou<\/h1>\n<h2 class=\"crayon article-soustitre-15476 soustitre\">Par la r\u00e9daction<br \/>\nd&rsquo;E&#038;R<\/h2>\n<\/div>\n<ul id=\"infosarticle\">\n<li>Publi\u00e9 le : <abbr class=\"published\" title=\"2012-12-19T07:00:00Z\">mercredi<br \/>\n19 d\u00e9cembre<\/abbr><\/li>\n<\/ul>\n<p><span class=\"auteur\"><strong><a\nhref=\"http:\/\/www.lesechos.fr\/journalistes\/index.php?id=9477\"><\/a><\/strong><\/span><\/p>\n<p> Voici la suite de l&rsquo;article:<br \/>\n [http:\/\/www.egaliteetreconciliation.fr\/Mariage-des-homosexuels-la-girouette-Guigou-15476#ooid=5nMHVhNjpWjCwzTttGQkubVEOI7I5IfO->http:\/\/www.egaliteetreconciliation.fr\/Mariage-des-homosexuels-la-girouette-Guigou-15476#ooid=5nMHVhNjpWjCwzTttGQkubVEOI7I5IfO]<\/p>\n<div align=\"center\"><span style=\"color: rgb(212, 0, 0);\">* * * * * * * * * *<\/div>\n<p><\/span><\/p>\n<p>&#8211; <\/p>\n<div align=\"center\"><img decoding=\"async\" src=\"\/IMG\/jpg\/BV.jpg\" width=400><\/div>\n<div align=\"center\"><img decoding=\"async\" src=\"\/IMG\/jpg\/troncFrance.jpg\" width=400><\/div>\n<p> Voici la suite de l&rsquo;article:<br \/>\n [http:\/\/www.bvoltaire.fr\/camelbechikh\/le-tronc-de-la-france-est-catholique,3742->http:\/\/www.bvoltaire.fr\/camelbechikh\/le-tronc-de-la-france-est-catholique,3742]<\/p>\n<div align=\"center\"><span style=\"color: rgb(212, 0, 0);\">* * * * * * * * * *<\/div>\n<p><\/span><\/p>\n<p>&#8211; <\/p>\n<div align=\"center\"><img decoding=\"async\" src=\"\/IMG\/jpg\/Echos.jpg\" width=200><\/div>\n<div class=\"ariane\">POLITIQUE ET SOCIETE<\/div>\n<div id=\"ariane\"> <a\nhref=\"http:\/\/www.lesechos.fr\/economie-politique\/france\/\"\nclass=\"accueil\">France<\/a> <span class=\"sep\">&nbsp;<\/span> <a\nhref=\"http:\/\/www.lesechos.fr\/economie-politique\/politique\">Politique<br \/>\net soci\u00e9t\u00e9<\/a> <span class=\"sep\">&nbsp;<\/span> <a class=\"ariane\"\nhref=\"http:\/\/www.lesechos.fr\/economie-politique\/politique\/actu\">Actualit\u00e9s<\/a>\n<\/div>\n<p><a\nhref=\"http:\/\/realmedia.lesechos.fr\/5c\/info.lesechos.fr\/eco\/politique.htm\/1429908649\/Middle3\/default\/empty.gif\/574b2f65476c44584a623041424c6337\"\ntarget=\"_top\"><img\nsrc=\"http:\/\/realmedia.lesechos.fr\/0\/default\/empty.gif\" alt=\"\"\nborder=\"0\" height=\"1\" width=\"1\"><\/a> <btn_impr> <\/btn_impr><br \/>\n<btn_impr> <\/btn_impr><\/p>\n<h4>Guillaume Tabard<\/h4>\n<h1>Mariage, fin de vie&nbsp;: un long tunnel soci\u00e9tal<\/h1>\n<p>Par <span class=\"auteur\"><strong><a\nhref=\"http:\/\/www.lesechos.fr\/journalistes\/index.php?id=9477\">Guillaume<br \/>\nTabard<\/a><\/strong><\/span><\/p>\n<p> Voici la suite de l&rsquo;article:<br \/>\n [http:\/\/www.lesechos.fr\/economie-politique\/politique\/actu\/0202457135674-mariage-fin-de-vie-un-long-tunnel-societal-522032.php->http:\/\/www.lesechos.fr\/economie-politique\/politique\/actu\/0202457135674-mariage-fin-de-vie-un-long-tunnel-societal-522032.php]<\/p>\n<div align=\"center\"><span style=\"color: rgb(212, 0, 0);\">* * * * * * * * * *<\/div>\n<p><\/span><\/p>\n<p>&#8211; Dans cet article, publi\u00e9 en fin d&rsquo;apr\u00e8s midi du 21 d\u00e9cembre 2012 sur le site de Famille Chr\u00e9tienne, Tugdual Derville fait le point sur l&rsquo;organisation de la Manif du 13 janvier 2013,<br \/>\n&nbsp;&nbsp; <\/p>\n<h1>Tugdual Derville : la Manif pour tous peut \u00ab d\u00e9raciner un projet<br \/>\nqui passe pour acquis \u00bb (1\/2)<\/h1>\n<div class=\"chapeau\">\n<h2>Le collectif de La Manif pour tous est en passe de r\u00e9ussir son pari<br \/>\nd&rsquo;une manifestation de masse. Malgr\u00e9 les pressions sur les<br \/>\norganisateurs, la mauvaise foi m\u00e9diatique et l&rsquo;autisme prolong\u00e9 du<br \/>\ngouvernement. Le point avec Tugdual Derville, d&rsquo;Alliance VITA, qui<br \/>\ncoordonne la mobilisation dans les r\u00e9gions et les associations.<\/h2>\n<\/div>\n<p> Voici la suite de l&rsquo;article:<br \/>\n [http:\/\/www.famillechretienne.fr\/societe\/politique\/tugdual-derville-la-manif-pour-tous-peut-deraciner-un-projet-qui-passe-pour-acquis-12_t7_s37_d68046.html->http:\/\/www.famillechretienne.fr\/societe\/politique\/tugdual-derville-la-manif-pour-tous-peut-deraciner-un-projet-qui-passe-pour-acquis-12_t7_s37_d68046.html]<\/p>\n<div align=\"center\"><span style=\"color: rgb(212, 0, 0);\">* * * * * * * * * *<\/div>\n<p><\/span><br \/>\n&#8211; Le cong\u00e9 de paternit\u00e9 a \u00e9t\u00e9 modifi\u00e9. C&rsquo;est ce que l&rsquo;on apprend dans l&rsquo;article paru sur le site d&rsquo;Alliance VITA, ce 20 d\u00e9cembre 2012:<br \/>\n<body><\/p>\n<h2 class=\"\">PLFSS : Cong\u00e9 de paternit\u00e9 d\u00e9tourn\u00e9<\/h2>\n<div class=\"auteur\"> <\/div>\n<p>La loi de financement de la s\u00e9curit\u00e9 sociale (PLFSS) pour 2013,<br \/>\nparue au journal Officiel du 18 d\u00e9cembre 2012, transforme le cong\u00e9 de<br \/>\npaternit\u00e9 en \u00ab&nbsp;cong\u00e9 de paternit\u00e9 et d&rsquo;accueil de l&rsquo;enfant&nbsp;\u00bb.<br \/>\nD\u00e9sormais, pourront b\u00e9n\u00e9ficier de ce cong\u00e9, non seulement le p\u00e8re<br \/>\nbiologique, mais aussi le conjoint salari\u00e9 de la m\u00e8re, ou la personne<br \/>\nli\u00e9e \u00e0 elle par un pacte civil de solidarit\u00e9 ou vivant maritalement<br \/>\navec elle, que ce soit un homme ou une femme. Cette disposition<br \/>\ns&rsquo;applique \u00e9galement aux indemnit\u00e9s journali\u00e8res de s\u00e9curit\u00e9 sociale<br \/>\nvers\u00e9es pendant la dur\u00e9e de ce cong\u00e9.<\/p>\n<p> Voici la suite de l&rsquo;article:<br \/>\n [http:\/\/www.alliancevita.org\/2012\/12\/plfss-conge-de-paternite-detourne\/->http:\/\/www.alliancevita.org\/2012\/12\/plfss-conge-de-paternite-detourne\/]<\/p>\n<div align=\"center\"><span style=\"color: rgb(212, 0, 0);\">* * * * * * * * * *<\/div>\n<p><\/span><\/p>\n<p>&#8211; La Procr\u00e9ation M\u00e9dicalement Assist\u00e9e qu n&rsquo;\u00e9tait pas initialement pr\u00e9vue dans le projet de loi est une question qui divise la majorit\u00e9 parlementaire nous fait remarquer l&rsquo;Express dans un article dat\u00e9 du 20 d\u00e9cembre 2012: <\/p>\n<header class=\"main_header\"> <\/header>\n<h1 class=\"main_title\"><a href=\"http:\/\/m.lexpress.fr\/\"><img\nsrc=\"http:\/\/static.lexpress.fr\/imgstat\/site_mobile\/logo.png\"\nalt=\"L'EXPRESS\" height=\"31\" width=\"135\"><\/a><\/h1>\n<h2>Politique<\/h2>\n<h1 itemprop=\"headline\">Mariage homo : 27 d\u00e9put\u00e9s PS refusent de signer<br \/>\nl&rsquo;amendement PMA<\/h1>\n<p class=\"author\"><span itemprop=\"author\">LEXPRESS.fr avec AFP<\/span>,<br \/>\npubli\u00e9 le <time itemprop=\"dateCreated\"\ndatetime=\"2012-12-20T19:07:02+01:00\">20&nbsp;D\u00e9cembre&nbsp;2012 \u00e0 19:07<\/time><\/p>\n<h3>A la suite du vote par les parlementaires en faveur d&rsquo;un amendement<br \/>\n\u00ab\u00a0PMA\u00a0\u00bb qui devrait \u00eatre d\u00e9pos\u00e9 le 29 janvier, 27 d\u00e9put\u00e9s PS demandent \u00e0<br \/>\nBruno le Roux de ne pas figurer parmi les co-signataires.<\/h3>\n<p> Voici la suite de l&rsquo;article:<br \/>\n [http:\/\/m.lexpress.fr\/actualite\/politique\/mariage-homo-27-deputes-ps-refusent-de-signer-l-amendement-pma_1201814.html<br \/>\n->http:\/\/m.lexpress.fr\/actualite\/politique\/mariage-homo-27-deputes-ps-refusent-de-signer-l-amendement-pma_1201814.html  ] <\/p>\n<div align=\"center\"><span style=\"color: rgb(212, 0, 0);\">* * * * * * * * * *<\/div>\n<p><\/span><\/p>\n<p>&#8211; Dans les colonnes du Figaro du 21 d\u00e9cembre 2012, le pape s&rsquo;inqui\u00e8te du statut de l&rsquo;enfant si le nouveau projet de loi du \u00ab\u00a0Mariage pour Tous\u00a0\u00bb est adopt\u00e9, avec \u00e0 l&rsquo;appui le texte du grand rabbin Gilles Bernheim que vous trouverez en pi\u00e8ce jointe.<\/p>\n<h1>Mariage gay : Beno \u00eet XVI cite le grand rabbin Bernheim<\/h1>\n<p><\/p>\n<div align=\"center\"><img decoding=\"async\" src=\"\/IMG\/jpg\/pape.jpg\" width=300><\/div>\n<h2>Pour le pape Beno \u00eet XVI, le grand rabbin Gilles Bernheim a bien<br \/>\npos\u00e9 le probl\u00e8me du mariage gay qui risque de r\u00e9duire l&rsquo;enfant au<br \/>\nstatut d&rsquo;\u00ab&nbsp;objet&nbsp;\u00bb.<\/h2>\n<p><img decoding=\"async\" src=\"http:\/\/www.lefigaro.fr\/icones\/coeur-.gif\" border=\"0\"><\/p>\n<p> Voici la suite de l&rsquo;article:<br \/>\n [http:\/\/www.lefigaro.fr\/actualite-france\/2012\/12\/21\/01016-20121221ARTFIG00401-mariage-gay-benoit-xvi-cite-le-grand-rabbin-bernheim.php->http:\/\/www.lefigaro.fr\/actualite-france\/2012\/12\/21\/01016-20121221ARTFIG00401-mariage-gay-benoit-xvi-cite-le-grand-rabbin-bernheim.php]<\/p>\n<div align=\"center\"><span style=\"color: rgb(212, 0, 0);\">* * * * * * * * * *<\/div>\n<p><\/span><\/p>\n<p>&#8211; <\/p>\n<div align=\"center\"><img decoding=\"async\" src=\"\/IMG\/jpg\/beige.jpg\" width=300><\/div>\n<p> Le Salon Beige &#8211; blog quotidien d&rsquo;actualit\u00e9 par des la\u00efcs catholiques<\/p>\n<h2>21 d\u00e9cembre 2012<\/h2>\n<h3>Campagne du lobby LGBT contre le d\u00e9put\u00e9 PS Gagnaire<\/h3>\n<p>Le lobby LGBT tient \u00e0 ce que le caporalisme r\u00e8gne \u00e0 gauche. Or, le<br \/>\nd\u00e9put\u00e9 Jean-Louis Gagnaire<strong> <\/strong>est vent debout contre<br \/>\nl&rsquo;amendement socialiste&nbsp;pour <strong>\u00e9tendre la Procr\u00e9ation<br \/>\nM\u00e9dicalement Assist\u00e9e (PMA) aux femmes<\/strong>. Pire, <strong>Jean-Louis<br \/>\nGagnaire m\u00e8ne la fronde<\/strong> contre Bruno <strong>Le Roux<\/strong>,<br \/>\nPr\u00e9sident du groupe Socialiste, R\u00e9publicain et Citoyen \u00e0 l&rsquo;assembl\u00e9e<br \/>\nnationale. Alors le lobby LGBT de Nicolas Gougain tente de l&rsquo;intimider.<br \/>\nVoil\u00e0 comment cela se passe \u00e0 gauche. Voici des extraits de ce courrier<br \/>\nplein de mensonges :<\/p>\n<p> [http:\/\/lesalonbeige.blogs.com\/my_weblog\/2012\/12\/campagne-du-lobby-lgbt-contre-le-d%C3%A9put%C3%A9-ps-gagnaire.html->http:\/\/lesalonbeige.blogs.com\/my_weblog\/2012\/12\/campagne-du-lobby-lgbt-contre-le-d%C3%A9put%C3%A9-ps-gagnaire.html]<\/p>\n<div align=\"center\"><span style=\"color: rgb(212, 0, 0);\">* * * * * * * * * *<\/div>\n<p><\/span><\/p>\n<p>&#8211; Qu&rsquo;en est-il de la position des \u00e9cologistes?<\/p>\n<div align=\"center\"><img decoding=\"async\" src=\"\/IMG\/jpg\/bio.jpg\" width=200><\/div>\n<p> [http:\/\/blog.touspourlemariage.fr\/le-mariage-homosexuel-est-il-soluble-dans-lecologie\/->http:\/\/blog.touspourlemariage.fr\/le-mariage-homosexuel-est-il-soluble-dans-lecologie\/]<\/p>\n<div align=\"center\"><span style=\"color: rgb(212, 0, 0);\">* * * * * * * * * *<\/div>\n<p><\/span><\/p>\n<p>&#8211; Deux d\u00e9put\u00e9s remettent en cause \u00abla th\u00e9orie du genre\u00bb<\/p>\n<div align=\"center\"><img decoding=\"async\" src=\"\/IMG\/jpg\/le_figaro.jpg\" width=300><\/div>\n<p>Les \u00e9lus UMP s&rsquo;inqui\u00e8tent de voir la th\u00e9orie des genres influencer les<br \/>\nmanuels scolaires, les cr\u00e8ches et les enseignements dans le Sup\u00e9rieur.<br \/>\nIls rejettent un \u00abmilitantisme\u00bb qui entend gommer \u00abla distinction entre<br \/>\nles sexes\u00bb.<\/p>\n<p> Voici la suite de l&rsquo;article:<br \/>\n [http:\/\/etudiant.lefigaro.fr\/les-news\/actu\/detail\/article\/deux-deputes-remettent-en-cause-la-theorie-du-genre-752\/->http:\/\/etudiant.lefigaro.fr\/les-news\/actu\/detail\/article\/deux-deputes-remettent-en-cause-la-theorie-du-genre-752\/]<\/p>\n<div align=\"center\"><span style=\"color: rgb(212, 0, 0);\">* * * * * * * * * *<\/div>\n<p><\/span><\/p>\n<p>&#8211; <\/p>\n<div align=\"center\"><img decoding=\"async\" src=\"\/IMG\/jpg\/M.jpg\" width=300><\/div>\n<h1 class=\"tt32\" itemprop=\"Headline\">Une quarantaine de d\u00e9put\u00e9s<br \/>\nsocialistes s&rsquo;opposent \u00e0 l&rsquo;amendement sur la PMA<\/h1>\n<div align=\"center\"><img decoding=\"async\" src=\"\/IMG\/jpg\/PMA.jpg\" width=300><\/div>\n<p> [http:\/\/www.lemonde.fr\/politique\/article\/2012\/12\/19\/27-deputes-socialistes-s-opposent-a-l-amendement-sur-la-pma_1808662_823448.html<br \/>\n->http:\/\/www.lemonde.fr\/politique\/article\/2012\/12\/19\/27-deputes-socialistes-s-opposent-a-l-amendement-sur-la-pma_1808662_823448.html]<\/p>\n<div align=\"center\"><span style=\"color: rgb(212, 0, 0);\">* * * * * * * * * *<\/div>\n<p><\/span><\/p>\n<p>&#8211; Ecoutez dans cette vid\u00e9o, l&rsquo;excellente intervention du philosophe Thibaud Collin \u00e0 l&rsquo;assembl\u00e9e nationale pour donner un peu de hauteur au d\u00e9bat:<\/p>\n<p>[http:\/\/www.youtube.com\/watch?feature=player_embedded&#038;v=3URJ_mGJJk0#!->http:\/\/www.youtube.com\/watch?feature=player_embedded&#038;v=3URJ_mGJJk0#!]<br \/>\n _ Thibaud Collin est agr\u00e9g\u00e9 de philosophie et professeur en kh\u00e2gne. Auteur de nombreux ouvrages, il s&rsquo;est int\u00e9ress\u00e9 en particulier \u00e0 la question du mariage et de l&rsquo;adoption pour les couples homosexuels. Il a publi\u00e9 Le Mariage gay. Les enjeux d&rsquo;une revendication (Paris, Eyrolles, 2005) et, tr\u00e8s r\u00e9cemment, Les Lendemains du mariage gay (Paris, Salvator, 2012).<\/p>\n<p>_ <\/p>\n<div align=\"center\"><span style=\"color: rgb(212, 0, 0);\">* * * * * * * * * *<\/div>\n<p><\/span><br \/>\n&#8211; Dans un papier de Lib\u00e9ration, un jeune \u00e9lu local t\u00e9moigne de son inqui\u00e9tude dans une lettre ouverte adress\u00e9e aux parlementaires:<\/p>\n<div align=\"center\"><img decoding=\"async\" src=\"\/IMG\/jpg\/liberation.jpg\" width=200><\/div>\n<h5> <a href=\"http:\/\/www.liberation.fr\/societe,12\" class=\"theme\">Soci\u00e9t\u00e9<\/a><br \/>\n<\/h5>\n<h1 itemprop=\"headline\">Mariage pour tous, justice nulle part !<\/h1>\n<p>  Par Fran\u00e7ois-Xavier Bellamy Professeur de philosophie. Maire adjoint (sans \u00e9tiquette) de Versailles, d\u00e9l\u00e9gu\u00e9 \u00e0 la jeunesse et \u00e0 l&rsquo;enseignement sup\u00e9rieur<\/p>\n<p> Lettre ouverte aux parlementaires fran\u00e7ais,<\/p>\n<p> Nous avons moins de 30 ans&#8230;.<br \/>\n Voici la suite de l&rsquo;article:<br \/>\n [http:\/\/www.liberation.fr\/societe\/2012\/12\/03\/mariage-pour-tous-justice-nulle-part_864846->http:\/\/www.liberation.fr\/societe\/2012\/12\/03\/mariage-pour-tous-justice-nulle-part_864846]<\/p>\n<div align=\"center\"><span style=\"color: rgb(212, 0, 0);\">* * * * * * * * * *<\/div>\n<p><\/span><\/p>\n<p>&#8211; Le t\u00e9l\u00e9gramme s&rsquo;interroge sur la libert\u00e9 de conscience des d\u00e9put\u00e9s socialistes au moment de voter le projet de loi, ce 18 d\u00e9cembre 2012<\/p>\n<div align=\"center\"><img decoding=\"async\" src=\"\/IMG\/jpg\/telegramme.jpg\" width=300><\/div>\n<h1><a\nhref=\"http:\/\/www.letelegramme.com\/ig\/generales\/france-monde\/france\/index_france.php\"\nclass=\"rubrique\" title=\"France\">France <\/a> <\/h1>\n<div id=\"b_article\">\n<h2><span>Mariage gay.<\/span> \u00ab\u00a0Pas de libert\u00e9&nbsp;de vote\u00a0\u00bb pour les<br \/>\nd\u00e9put\u00e9s PS<\/h2>\n<\/div>\n<p><b>Au moins, c&rsquo;est clair : les d\u00e9put\u00e9s socialistes n&rsquo;auront \u00ab\u00a0pas de<br \/>\nlibert\u00e9 de vote\u00a0\u00bb sur le texte du \u00ab\u00a0mariage pour tous\u00a0\u00bb, a annonc\u00e9 mardi<br \/>\nAnnick Lepetit, porte-parole du groupe. Les d\u00e9put\u00e9s PS se sont par<br \/>\nailleurs prononc\u00e9s en faveur d&rsquo;un amendement sur la PMA.<\/b><\/p>\n<p> Voici la suite de l&rsquo;article:<br \/>\n [http:\/\/www.letelegramme.com\/ig\/generales\/france-monde\/france\/mariage-gay-pas-de-liberte-de-vote-pour-les-deputes-ps-18-12-2012-1947782.php->http:\/\/www.letelegramme.com\/ig\/generales\/france-monde\/france\/mariage-gay-pas-de-liberte-de-vote-pour-les-deputes-ps-18-12-2012-1947782.php]<\/p>\n<div align=\"center\"><span style=\"color: rgb(212, 0, 0);\">* * * * * * * * * *<\/div>\n<p><\/span><\/p>\n<p>&#8211; L&rsquo;express revient sur la question sensible de la PMA (Procr\u00e9ation M\u00e9dicalement Assist\u00e9e) dans un article paru le 14 d\u00e9cembre 2012<\/p>\n<header class=\"main_header\"> <\/header>\n<h1 class=\"main_title\"><a href=\"http:\/\/m.lexpress.fr\/\"><img\nsrc=\"http:\/\/static.lexpress.fr\/imgstat\/site_mobile\/logo.png\"\nalt=\"L'EXPRESS\" height=\"31\" width=\"135\"><\/a><\/h1>\n<h2>Politique<\/h2>\n<h1 itemprop=\"headline\">A droite, la PMA g\u00eane aussi les (rares)<br \/>\npartisans du mariage pour tous<\/h1>\n<p>Par Marie Simon, publi\u00e9<br \/>\nle 14&nbsp;D\u00e9cembre&nbsp;2012<br \/>\n\u00e0 17:53<\/p>\n<h3>M\u00eame les moins r\u00e9ticents \u00e0 droite \u00e0 une ouverture du mariage et de<br \/>\nl&rsquo;adoption aux couples homosexuels pourraient \u00ab\u00a0bloquer\u00a0\u00bb sur la question<br \/>\nde la procr\u00e9ation m\u00e9dicalement assist\u00e9e pour les lesbiennes. Et<br \/>\ns&rsquo;abstenir plut\u00f4t que de soutenir le projet de loi.<\/h3>\n<p>Voici la suite de l&rsquo;article:<br \/>\n [http:\/\/m.lexpress.fr\/actualite\/politique\/a-droite-la-pma-gene-aussi-les-rares-partisans-du-mariage-pour-tous_1199358.html<br \/>\n->http:\/\/m.lexpress.fr\/actualite\/politique\/a-droite-la-pma-gene-aussi-les-rares-partisans-du-mariage-pour-tous_1199358.html]<\/p>\n<div align=\"center\">* * * * * * * * * *<\/div>\n<p><\/p>\n<p>Et pour ceux qui sont sur facebook, la page \u00e0 connaitre et \u00e0 suivre :<br \/>\n[https:\/\/www.facebook.com\/TousPourLeMariage->https:\/\/www.facebook.com\/TousPourLeMariage]<\/p>\n","protected":false},"excerpt":{"rendered":"","protected":false},"author":2,"featured_media":0,"comment_status":"open","ping_status":"open","sticky":false,"template":"","format":"standard","meta":{"footnotes":""},"categories":[],"tags":[],"class_list":["post-561","post","type-post","status-publish","format-standard","hentry"],"_links":{"self":[{"href":"http:\/\/www.chapelle-crecy.com\/index.php?rest_route=\/wp\/v2\/posts\/561","targetHints":{"allow":["GET"]}}],"collection":[{"href":"http:\/\/www.chapelle-crecy.com\/index.php?rest_route=\/wp\/v2\/posts"}],"about":[{"href":"http:\/\/www.chapelle-crecy.com\/index.php?rest_route=\/wp\/v2\/types\/post"}],"author":[{"embeddable":true,"href":"http:\/\/www.chapelle-crecy.com\/index.php?rest_route=\/wp\/v2\/users\/2"}],"replies":[{"embeddable":true,"href":"http:\/\/www.chapelle-crecy.com\/index.php?rest_route=%2Fwp%2Fv2%2Fcomments&post=561"}],"version-history":[{"count":0,"href":"http:\/\/www.chapelle-crecy.com\/index.php?rest_route=\/wp\/v2\/posts\/561\/revisions"}],"wp:attachment":[{"href":"http:\/\/www.chapelle-crecy.com\/index.php?rest_route=%2Fwp%2Fv2%2Fmedia&parent=561"}],"wp:term":[{"taxonomy":"category","embeddable":true,"href":"http:\/\/www.chapelle-crecy.com\/index.php?rest_route=%2Fwp%2Fv2%2Fcategories&post=561"},{"taxonomy":"post_tag","embeddable":true,"href":"http:\/\/www.chapelle-crecy.com\/index.php?rest_route=%2Fwp%2Fv2%2Ftags&post=561"}],"curies":[{"name":"wp","href":"https:\/\/api.w.org\/{rel}","templated":true}]}}