{"id":563,"date":"2012-12-25T01:32:00","date_gmt":"2012-12-25T01:32:00","guid":{"rendered":""},"modified":"-0001-11-30T00:00:00","modified_gmt":"-0001-11-29T22:00:00","slug":"","status":"publish","type":"post","link":"http:\/\/www.chapelle-crecy.com\/?p=563","title":{"rendered":"Une neuvaine de pri\u00e8re pour la famille entre No\u00ebl et le nouvel an"},"content":{"rendered":"<div align=\"justify\">Au nom de toute la paroisse des 3 clochers, <span style=\"color: rgb(212, 0, 0);\">le P\u00e8re Philippe Legrand, le P\u00e8re Aim\u00e9, toute l&rsquo;Equipe d&rsquo;Animation Pastorale de Cr\u00e9cy et toute l&rsquo;\u00e9quipe de la r\u00e9daction du site<\/span> sont heureux de vous souhaiter <span style=\"color: rgb(255, 204, 51);\">une tr\u00e8s bonne f\u00eate de No\u00f6l \u00e0\u00a0 tous !<\/span> Un enfant nous accueille et nous accueillons cet enfant car J\u00e9sus vient pour chacun de nous et avec lui, Dieu nous donne sa vie, sa joie, sa paix. Dieu est venu parmi nous ! Que sa paix nous illumine et qu&rsquo;elle habite nos f\u00eates de famille.<br \/>\nEn cette Ann\u00e9e o\u00f9 nous sommes invit\u00e9s \u00e0\u00a0 franchir de nouveau la Porte de la foi, sachons reconna\u00eetre en ce \u00ab Dieu avec nous \u00bb celui qui peut abreuver notre vie aux sources de l&rsquo;esp\u00e9rance et la conduire sur les chemins de la fraternit\u00e9. Avec le P\u00e8re Philippe Legrand, rappelons-nous quel est le sens de cette f\u00eate de No\u00f6l. et en ce temps privil\u00e9gi\u00e9, prions pour nos familles.\n <\/div>\n<p>POURQUOI FETER LA NAISSANCE DE JESUS LE 25 DECEMBRE ?<\/p>\n<p> A l&rsquo;heure o\u00f9 les pr\u00e9paratifs des f\u00eates de No\u00ebl et de fin d&rsquo;ann\u00e9e battent leur plein, la question de la naissance et de la vie de J\u00e9sus peut se poser \u00e0 nous, que savons-nous au juste sur Lui ? Qu&rsquo;est ce qui est fiable ?<br \/>\n Tout d&rsquo;abord, plus aucun historien s\u00e9rieux ne conteste l&rsquo;existence de J\u00e9sus et la date de sa mort sur la croix ex\u00e9cut\u00e9 par les Romains est le 3 Avril de l&rsquo;an 33. Quant \u00e0 sa naissance, l&rsquo;\u00e9vang\u00e9liste Luc, m\u00e9decin et historien, donne des pr\u00e9cisions historiques mais pas de date.<\/p>\n<div align=\"justify\"><span style=\"color: rgb(212, 0, 0);\">Alors, pourquoi le 25 D\u00e9cembre ?<\/div>\n<p> <br \/>\nC&rsquo;\u00e9tait les f\u00eates romaines des Saturnales, du solstice d&rsquo;hiver, qui c\u00e9l\u00e9braient la victoire du soleil et les jours qui commencent \u00e0 rallonger. <\/p>\n<p> Les premiers Chr\u00e9tiens ont repris la symbolique de cette f\u00eate pour c\u00e9l\u00e9brer la naissance du Sauveur des hommes appel\u00e9 \u00ab la lumi\u00e8re pour \u00e9clairer les nations \u00bb (Saint Luc 2). <\/p>\n<div align=\"justify\"><span style=\"color: rgb(212, 0, 0);\">Quelle signification pour nous aujourd&rsquo;hui ?<\/div>\n<p> <\/p>\n<p> Ce n&rsquo;est pas seulement la f\u00eate d&rsquo;un \u00e9v\u00e8nement du pass\u00e9 mais la joie d&rsquo;accueillir aujourd&rsquo;hui, dans notre monde marqu\u00e9 par les peurs et les violences, celui qui est le Prince de la Paix qui nous appelle \u00e0 prier Dieu le P\u00e8re et \u00e0 nous reconna \u00eetre, nous ses enfants bien-aim\u00e9s, comme fr\u00e8res.<br \/>\nVoil\u00e0 le chemin qui nous est propos\u00e9 d&rsquo;accueillir et de vivre pour cette f\u00eate.<br \/>\nA tous joyeux No\u00ebl et meilleurs voeux pour la nouvelle ann\u00e9e. <\/p>\n<p> Chanoine  Philippe LEGRAND,<br \/>\n cur\u00e9 du P\u00f4le missionnaire de Meaux<\/p>\n<div align=\"center\"><img decoding=\"async\" src=\"\/IMG\/jpg\/joyeusesfetes.jpg\" width=300><\/div>\n<div align=\"center\"><span style=\"color: rgb(212, 0, 0);\">* * * * * * * * * *<\/div>\n<p><\/span><\/p>\n<div align=\"center\"><img decoding=\"async\" src=\"\/IMG\/jpg\/bonheur.jpg\" width=300><\/div>\n<p> En ce temps de No\u00ebl, nous vous proposons de prier la Vierge Marie, notre maman du Ciel, avec une intention sp\u00e9ciale pour les enfants et pour la famille. Nous vous invitons \u00e0 vous joindre \u00e0 l&rsquo;initiative de la paroisse de l&rsquo;Ile Bouchard et suivre la d\u00e9marche sugg\u00e9r\u00e9e en visitant le site [http:\/\/www.ilebouchard.com\/->http:\/\/www.ilebouchard.com\/]<\/p>\n<div align=\"center\"><img decoding=\"async\" src=\"\/IMG\/jpg\/bouchard.jpg\" width=300><\/div>\n<p>Le contexte<\/p>\n<p> Janvier 2013 : un projet de loi est en discussion \u00e0 l&rsquo;Assembl\u00e9e Nationale, autorisant le mariage des personnes de m\u00eame sexe et l&rsquo;adoption par ces m\u00eames personnes. Professionnels de l&rsquo;enfance, repr\u00e9sentants de toutes les grandes religions, juriste, associations familiales, etc\u00e2\u20ac\u00a6 beaucoup s&rsquo;interrogent sur les cons\u00e9quences pour les enfants et les familles.<\/p>\n<p> A L&rsquo;Ile-Bouchard, en d\u00e9cembre 1947, quatre fillettes t\u00e9moignent voir \u00ab une belle Dame \u00bb dans l&rsquo;\u00e9glise. Elle leur demande de prier pour la France alors en grand danger et promet du bonheur dans les familles.<\/p>\n<p> Comme l&rsquo;a dit le Cardinal Andr\u00e9 Vingt-Trois \u00e0 Lourdes le 3 novembre 2012 :<\/p>\n<p> \u00ab Que pouvons-nous faire ? Face \u00e0 ces mesures qui menacent notre soci\u00e9t\u00e9, que pouvons-nous faire ? Que devons-nous faire ?<\/p>\n<p> Nous devons d&rsquo;abord inviter \u00e0 prier puisqu&rsquo;il s&rsquo;agit de provoquer et soutenir la libert\u00e9 de conscience de chacun \u00bb<\/p>\n<p> Le soutien de l&rsquo;action est la pri\u00e8re. L&rsquo;action la plus forte est la pri\u00e8re. La pri\u00e8re la plus forte est celle des enfants.<\/p>\n<p> \u00ab Laissez les enfants, ne les emp\u00eachez pas de venir \u00e0 moi, car le Royaume des cieux est \u00e0 ceux qui leur ressemblent \u00bb (Mt 19, 14)<\/p>\n<p> Notre proposition<\/p>\n<p>Prier avec les enfants pour la famille : le sanctuaire de l&rsquo;Ile-Bouchard propose une neuvaine de pri\u00e8re pour la famille, par les enfants de France, \u00e0 l&rsquo;occasion de No\u00ebl, entre la veill\u00e9e de No\u00ebl, le 24 d\u00e9cembre et le 1er janvier, f\u00eate de Marie M\u00e8re de Dieu.<\/p>\n<p>&#8211; T\u00e9l\u00e9chargez la carte pri\u00e8re en cliquant sur le lien qui suit:<br \/>\n [http:\/\/www.dubonheurdanslesfamilles.com\/wp-content\/uploads\/2012\/11\/DBDF-carte-priere.pdf->http:\/\/www.dubonheurdanslesfamilles.com\/wp-content\/uploads\/2012\/11\/DBDF-carte-priere.pdf]<\/p>\n<div align=\"center\"><span style=\"color: rgb(212, 0, 0);\">* * * * * * * * * *<\/div>\n<p><\/span><\/p>\n<p>Nous vous invitons \u00e0 prendre connaissance, d\u00e8s aujourd&rsquo;hui, du programme des c\u00e9l\u00e9brations et des grands rendez-vous pour janvier 2013 du secteur paroissial de St Jean Bosco\/St Damien de Veuster \u00e0 Meaux-Beauval. <\/p>\n<div align=\"center\"><img decoding=\"async\" src=\"\/IMG\/jpg\/crechestjean.jpg\" width=300><\/div>\n<div align=\"center\">Cr\u00e8che \u00e0 l&rsquo;\u00e9glise St Jean Bosco \u00e0 Meaux<\/div>\n<p> ANNONCES PAROISSIALES (Voir la feuille compl\u00e8te en pi\u00e8ce jointe)<br \/>\n N.B. : Communiquez vos dates au P. Jean-Claude au plus tard le 15 du mois pour le mois suivant.<\/p>\n<p> Mercredi 2 janv. de 17h30 \u00e0 18h30, place Henri IV : Cercle de Silence de Meaux.<\/p>\n<p> Vendredi 4 janv. de 20h \u00e0 22h  \u00e0 St Damien : Voeux de la paroisse et galette. L&rsquo;EAP invite toutes les personnes qui ont une responsabilit\u00e9 dans notre paroisse \u00e0 venir partager ce moment convivial. <\/p>\n<p> Mardi 8 janv. \u00e0 20h \u00e0 St Damien : Liturgie.<\/p>\n<p> Mercredi 9 janv. \u00e0 15h \u00e0 St Damien : Clubs ACE. A 17h30 \u00e0 St Damien: Cat\u00e9chum\u00e9nat des jeunes. A 20h \u00e0 St Damien: Cat\u00e9chum\u00e9nat des adultes.<\/p>\n<p> Jeudi 10 janv. \u00e0 20h \u00e0 st Jean Bosco : Adoration.<\/p>\n<p> Vendredi 11 janv. \u00e0 20h : Pr\u00e9paration repas du P\u00f4le.<\/p>\n<p> Samedi 12 janv. \u00e0 11h \u00e0 St Damien : Cat\u00e9chum\u00e9nat des jeunes.<\/p>\n<p> Dimanche 13 janv. Journ\u00e9e du migrant et du r\u00e9fugi\u00e9 : 11h \u00e0 St<br \/>\nDamien, messe anim\u00e9e par la Pastorale des Migrants.<\/p>\n<div align=\"center\"><img decoding=\"async\" src=\"\/IMG\/jpg\/migrant.jpg\" width=300><\/div>\n<p> Mardi 15 janv. \u00e0 20h : EAP (R\u00e9union d&rsquo;Equipe d&rsquo;Animation Pastorale).<\/p>\n<p> Mercredi 16 janv. \u00e0 17h30 \u00e0 St Damien : C\u00e9l\u00e9bration de<br \/>\nNo\u00ebl-Epiphanie des cat\u00e9chismes.<\/p>\n<p> Jeudi 17 janv. \u00e0 15h \u00e0 St Damien : MCR (R\u00e9union du Mouvement des Chr\u00e9tiens Retrait\u00e9s).<\/p>\n<p> Samedi 19 janv. \u00e0 11h \u00e0 St Damien : Cat\u00e9chum\u00e9nat des jeunes. A 14h \u00e0 St Damien : Eveil \u00e0 la foi. MO \u00eeSE<\/p>\n<p> Lundi 21 janv. \u00e0 14h30 \u00e0 St Damien : Fraternit\u00e9 Chr\u00e9tienne des Personnes Malades et Handicap\u00e9es. A 20h \u00e0 St Damien : Pr\u00e9paration de la Kermesse paroissiale.<\/p>\n<p> Mardi 22 janv. \u00e0 18h \u00e0 St Damien : Bible et Vie.<\/p>\n<p> Mercredi 23 janv. \u00e0 15h \u00e0 St Damien : Clubs ACE. A 17h30 \u00e0 St Damien : Cat\u00e9chum\u00e9nat des jeunes<\/p>\n<p> Mercredi 23 janv. \u00e0  20h \u00e0 St Damien: Cat\u00e9chum\u00e9nat des adultes.<\/p>\n<p> Vendredi 25 janv. \u00e0  20h30 \u00e0 Bussy St Georges: Rencontre des cat\u00e9chum\u00e8nes avec l&rsquo;\u00e9v\u00eaque.<\/p>\n<p> Samedi 26 janv. Cat\u00e9chum\u00e9nat des jeunes : REUNION-RETRAITE des futurs baptis\u00e9s.<\/p>\n<p> Samedi 19 janv. \u00e0 9h, Maison des Augustines : Conseil Pastoral de P\u00f4le.<\/p>\n<div align=\"center\"><img decoding=\"async\" src=\"\/IMG\/jpg\/crechestdamien.jpg\" width=300><\/div>\n<div align=\"center\">Cr\u00e8che \u00e0 l&rsquo;\u00e9glise St Damien de Veuster \u00e0 Meaux<\/div>\n<p> INVITATION<br \/>\n Dimanche 13 janvier 2013 \u00e0 St Damien,<br \/>\n Journ\u00e9e Mondiale du Migrant et du r\u00e9fugi\u00e9.<br \/>\n Th\u00e8me : \u00ab Migrations : p\u00e8lerinage de foi et d&rsquo;esp\u00e9rance \u00bb.<\/p>\n<p> Vous y \u00eates tous convi\u00e9s en famille ou avec vos amis : <\/p>\n<div align=\"center\"><img decoding=\"async\" src=\"\/IMG\/jpg\/migrant2.jpg\" width=300><\/div>\n<p>A RETENIR :<br \/>\nEn l&rsquo;Eglise St Damien de Veuster<br \/>\n  Tous les vendredis :<br \/>\n\u00e2\u2013\u00ba De 17 h \u00e0 18h 30 : Chapelet m\u00e9dit\u00e9<\/p>\n<p>\u00e2\u2013\u00ba D\u00e8s 19h30, CHORALE : R\u00e9p\u00e9titions pour les animations dominicales de La Chorale \u00abLUMIERE DU CENTRE ST DAMIEN DE VEUSTER &#038; ST JEAN BOSCO\u00bb.<\/p>\n<p> Le 3\u00e8me dimanche du mois, \u00e0 16h : Adoration du Saint  sacrement.<br \/>\n 1er et 3e samedis du mois, de 9h30 \u00e0 10h30 : Pr\u00e9paration au bapt\u00eame.<br \/>\n 2e mercredi du mois : Temps de Libre Parole.<\/p>\n","protected":false},"excerpt":{"rendered":"<p>Au nom de toute la paroisse des 3 clochers, le P\u00e8re Philippe Legrand, le P\u00e8re Aim\u00e9, toute l&rsquo;Equipe d&rsquo;Animation Pastorale de Cr\u00e9cy et toute l&rsquo;\u00e9quipe de la r\u00e9daction du site sont heureux de vous&#46;&#46;&#46;<\/p>\n","protected":false},"author":2,"featured_media":0,"comment_status":"open","ping_status":"open","sticky":false,"template":"","format":"standard","meta":{"footnotes":""},"categories":[],"tags":[],"class_list":["post-563","post","type-post","status-publish","format-standard","hentry"],"_links":{"self":[{"href":"http:\/\/www.chapelle-crecy.com\/index.php?rest_route=\/wp\/v2\/posts\/563","targetHints":{"allow":["GET"]}}],"collection":[{"href":"http:\/\/www.chapelle-crecy.com\/index.php?rest_route=\/wp\/v2\/posts"}],"about":[{"href":"http:\/\/www.chapelle-crecy.com\/index.php?rest_route=\/wp\/v2\/types\/post"}],"author":[{"embeddable":true,"href":"http:\/\/www.chapelle-crecy.com\/index.php?rest_route=\/wp\/v2\/users\/2"}],"replies":[{"embeddable":true,"href":"http:\/\/www.chapelle-crecy.com\/index.php?rest_route=%2Fwp%2Fv2%2Fcomments&post=563"}],"version-history":[{"count":0,"href":"http:\/\/www.chapelle-crecy.com\/index.php?rest_route=\/wp\/v2\/posts\/563\/revisions"}],"wp:attachment":[{"href":"http:\/\/www.chapelle-crecy.com\/index.php?rest_route=%2Fwp%2Fv2%2Fmedia&parent=563"}],"wp:term":[{"taxonomy":"category","embeddable":true,"href":"http:\/\/www.chapelle-crecy.com\/index.php?rest_route=%2Fwp%2Fv2%2Fcategories&post=563"},{"taxonomy":"post_tag","embeddable":true,"href":"http:\/\/www.chapelle-crecy.com\/index.php?rest_route=%2Fwp%2Fv2%2Ftags&post=563"}],"curies":[{"name":"wp","href":"https:\/\/api.w.org\/{rel}","templated":true}]}}