{"id":564,"date":"2013-01-01T00:05:00","date_gmt":"2013-01-01T00:05:00","guid":{"rendered":""},"modified":"-0001-11-30T00:00:00","modified_gmt":"-0001-11-29T22:00:00","slug":"","status":"publish","type":"post","link":"http:\/\/www.chapelle-crecy.com\/?p=564","title":{"rendered":"Meilleurs voeux pour l&rsquo;ann\u00e9e 2013"},"content":{"rendered":"<div align=\"justify\">A l&rsquo;aube de cette nouvelle ann\u00e9e, tous les acteurs de la paroisse, pr\u00eatres et la\u00efcs, au service de l&rsquo;annonce de la Bonne Nouvelle sur le secteur de Cr\u00e9cy-Villiers-Voulangis sont heureux de vous pr\u00e9senter leurs meilleurs voeux pour 2013. En plus des voeux traditionnels de paix, bonheur et de sant\u00e9 pour vous et vos familles, nous vous souhaitons, avec le Pape Benoit XVI, en cette ann\u00e9e de la foi, \u00ab\u00a0de red\u00e9couvrir le chemin de la foi, pour mettre en lumi\u00e8re de fa\u00e7on toujours plus \u00e9vidente dans vos vies la joie et l&rsquo;enthousiasme renouvel\u00e9 de la rencontre avec le Christ.\u00a0\u00bb<br \/>\nBonne ann\u00e9e \u00e0\u00a0 chacun et \u00e0\u00a0 vous tous !<\/div>\n<div align=\"center\"><img decoding=\"async\" src=\"\/IMG\/jpg\/voeux2013.jpg\" width=400><\/div>\n<p> Tout au long de cette ann\u00e9e, vous serez certainement amen\u00e9s \u00e0 demander un service \u00e0 l&rsquo;Eglise, ne serait-ce pour recevoir un sacrement ou tout simplement pour obtenir une information. Sachez que la paroisse vous accueille tous les mercredis de 17h \u00e0 19h ou le samedi de 10h \u00e0 12h, au presbyt\u00e8re situ\u00e9 au 1 place de l&rsquo;\u00e9glise, 77580 Cr\u00e9cy-La-chapelle.<br \/>\n Nous vous proposons dans la suite de cet article, l&rsquo;\u00e9num\u00e9ration des modalit\u00e9s simples qu&rsquo;il vous faut conna \u00eetre si vous souhaitez faire baptiser votre enfant, demander un acte de bapt\u00eame, de mariage ou de d\u00e9c\u00e8s ou bien si vous souhaitez vous marier \u00e0 Cr\u00e9cy. <\/p>\n<div align=\"center\"><span style=\"color: rgb(212, 0, 0);\">* * * * * * * * * *<\/div>\n<p><\/span><\/p>\n<div align=\"center\"><img decoding=\"async\" src=\"\/IMG\/jpg\/bapteme.jpg\" width=200><\/div>\n<p> Le premier contact est \u00e0 prendre avec l&rsquo;accueil de la paroisse, la demande doit-\u00eatre faite au minimum 3 mois avant la date voulue du bapt\u00eame.<\/p>\n<p> Plusieurs cas se pr\u00e9sentent \u00e0 vous:<\/p>\n<p>&#8211; Pour les petits enfants entre 0 et 3 ans : l&rsquo;inscription se fait minimum 3 mois avant la date du bapt\u00eame voulue au sein de l&rsquo;accueil paroissial.<\/p>\n<p>&#8211; Pour les enfants entre 3 et 6 ans: l&rsquo;inscription se fait minimum 6 mois avant la date pr\u00e9vue pour une mise en relation avec l&rsquo;\u00e9veil \u00e0 la foi.<\/p>\n<p>&#8211; Pour les enfants de plus de 6 ans : prendre contact avec l&rsquo;\u00e9quipe de la cat\u00e9ch\u00e8se, pour une inscription \u00e0 celle-ci.<\/p>\n<p>&#8211; Pour un adulte: s&rsquo;inscrire au cat\u00e9chum\u00e9nat qui pr\u00e9pare les adultes au bapt\u00eame, \u00e0 la premi\u00e8re communion, \u00e0 la confirmation.<\/p>\n<p> Lors de votre visite \u00e0 l&rsquo;accueil, mercredi de 17h \u00e0 19h ou le samedi de 10h \u00e0 12h, vous remplirez une demande de bapt\u00eame (nom, pr\u00e9nom du futur baptis\u00e9, nom, pr\u00e9nom, adresse du parrain et de la marraine ainsi que leurs \u00e2ges, s&rsquo;ils ont \u00e9t\u00e9 baptis\u00e9s, le lieu et la date). Il vous sera demand\u00e9 de retourner la fiche d&rsquo;inscription remplie et sign\u00e9e dans les plus brefs d\u00e9lais, avec un acte de naissance de futur baptis\u00e9, un extrait d&rsquo;acte de bapt\u00eame du parrain et de la marraine( attention pas de photocopie du livret catholique).<\/p>\n<p> Le parrain et la marraine doivent avoir 16 ans minimum et avoir \u00e9t\u00e9 baptis\u00e9s, si l&rsquo;un ou l&rsquo;autre ne l&rsquo;est pas, il sera \u00abt\u00e9moin\u00bb.<\/p>\n<p> Pour tout cas particulier, vous pouvez joindre le secr\u00e9tariat Mlle BORNIER le mardi matin au 01.64.63.82.77<\/p>\n<p> Lors de votre inscription, on vous demandera de fixer une date pour la pr\u00e9paration au bapt\u00eame qui a lieu \u00e0 la salle paroissiale o\u00f9 vous rencontrerez notre \u00e9quipe <span style=\"color: rgb(212, 0, 0);\">M et Mme GRONDIN et Mme LACHAIER<\/span> qui vous guidera vers ce bel \u00e9v\u00e9nement. Apr\u00e8s cette rencontre, vous devrez prendre rendez-vous avec notre pr\u00eatre c\u00e9l\u00e9brant. Si n\u00e9cessaire, nous vous mettrons \u00e9galement en relation avec les familles pour lesquelles un bapt\u00eame serait c\u00e9l\u00e9br\u00e9 le m\u00eame jour. <\/p>\n<p> Lorsque vous demanderez le bapt\u00eame, si vous habitez sur le secteur des trois clochers, vous viendrez directement \u00e0 l&rsquo;accueil pour remplir le dossier, si ce n&rsquo;est pas le cas, vous viendrez \u00e0 l&rsquo;accueil remplir la demande et vous irez demander au pr\u00eatre de votre paroisse son accord pour un bapt\u00eame hors paroisse, qu&rsquo;il faudra rapporter au plus t\u00f4t \u00e0 l&rsquo;accueil.<\/p>\n<div align=\"center\"><span style=\"color: rgb(212, 0, 0);\">* * * * * * * * * *<\/div>\n<p><\/span><\/p>\n<div align=\"center\"><img decoding=\"async\" src=\"\/IMG\/jpg\/demande.jpg\" width=400><\/div>\n<p><\/p>\n<p> Votre demande est \u00e0 envoyer au secr\u00e9tariat de la paroisse des trois clochers, 1 place de l&rsquo;\u00e9glise, 77580 Cr\u00e9cy-La-chapelle.<\/p>\n<p> Vous devez indiquer:<br \/>\n&#8211; Le nom ou le nom de jeune fille<br \/>\n&#8211; Le pr\u00e9nom<br \/>\n&#8211; La date et le lieu du bapt\u00eame, mariage, d\u00e9c\u00e8s<br \/>\n&#8211; Et si vous avez le livret catholique, nous indiquer le num\u00e9ro du registre<\/p>\n<p> Nous joindre une enveloppe timbr\u00e9e avec votre adresse.<\/p>\n<p> Sinon, vous pouvez faire votre demande par mail \u00e0 : redaction@chapelle-crecy.com<\/p>\n<div align=\"center\"><span style=\"color: rgb(212, 0, 0);\">* * * * * * * * * *<\/div>\n<p><\/span><\/p>\n<div align=\"center\"><img decoding=\"async\" src=\"\/IMG\/jpg\/mariage.jpg\" width=200><\/div>\n<p> La demande doit-\u00eatre faite au moins un an avant la date voulue du mariage, aupr\u00e8s de l&rsquo;accueil de la paroisse.<\/p>\n<p> Les fianc\u00e9s se pr\u00e9sentent directement aux heures de l&rsquo;accueil, mercredi de 17h \u00e0 19h et la samedi de 10h \u00e0 12h, pour remplir la feuille d&rsquo;inscription:<br \/>\n&#8211; nom,<br \/>\n&#8211; pr\u00e9noms,<br \/>\n&#8211; adresse,<br \/>\n&#8211; t\u00e9l\u00e9phone,<br \/>\n&#8211; date et lieu de naissance,<br \/>\n&#8211; date et lieu de votre bapt\u00eame,<br \/>\n&#8211; votre e-mail).<br \/>\n <span style=\"color: rgb(212, 0, 0);\">Un des deux fianc\u00e9s doit \u00eatre baptis\u00e9 catholiquement.<\/span><\/p>\n<p> Certaines conditions sont \u00e0 remplir:<br \/>\n&#8211; Si les fianc\u00e9s r\u00e9sident dans le secteur des trois clochers, vous viendrez remplir le dossier \u00e0 la permanence.<br \/>\n&#8211; Si vous n&rsquo;habitez pas dans le secteur des trois clochers mais si votre famille oui, il faudra se renseigner au niveau de votre paroisse c&rsquo;est celle-ci qui fera tout le dossier ainsi que la pr\u00e9paration au mariage, vous viendrez remplir un dossier pour information \u00e0 notre accueil.<\/p>\n<p> Vous serez contact\u00e9s par l&rsquo;\u00e9quipe de pr\u00e9paration au mariage compos\u00e9e de <span style=\"color: rgb(212, 0, 0);\">M et Mme Barbier, M et Mme Peissik<\/span> ainsi que par la secr\u00e9taire pour des renseignements compl\u00e9mentaires, il vous sera demand\u00e9 3 mois avant la date du mariage, vos extraits d&rsquo;acte de naissance respectifs.<\/p>\n<p> Pour tout cas particulier, veuillez contacter le secr\u00e9tariat Mlle BORNIER le mardi matin apr\u00e8s 10h30 au 01.64.63.82.77<\/p>\n","protected":false},"excerpt":{"rendered":"<p>A l&rsquo;aube de cette nouvelle ann\u00e9e, tous les acteurs de la paroisse, pr\u00eatres et la\u00efcs, au service de l&rsquo;annonce de la Bonne Nouvelle sur le secteur de Cr\u00e9cy-Villiers-Voulangis sont heureux de vous pr\u00e9senter leurs&#46;&#46;&#46;<\/p>\n","protected":false},"author":2,"featured_media":0,"comment_status":"open","ping_status":"open","sticky":false,"template":"","format":"standard","meta":{"footnotes":""},"categories":[],"tags":[],"class_list":["post-564","post","type-post","status-publish","format-standard","hentry"],"_links":{"self":[{"href":"http:\/\/www.chapelle-crecy.com\/index.php?rest_route=\/wp\/v2\/posts\/564","targetHints":{"allow":["GET"]}}],"collection":[{"href":"http:\/\/www.chapelle-crecy.com\/index.php?rest_route=\/wp\/v2\/posts"}],"about":[{"href":"http:\/\/www.chapelle-crecy.com\/index.php?rest_route=\/wp\/v2\/types\/post"}],"author":[{"embeddable":true,"href":"http:\/\/www.chapelle-crecy.com\/index.php?rest_route=\/wp\/v2\/users\/2"}],"replies":[{"embeddable":true,"href":"http:\/\/www.chapelle-crecy.com\/index.php?rest_route=%2Fwp%2Fv2%2Fcomments&post=564"}],"version-history":[{"count":0,"href":"http:\/\/www.chapelle-crecy.com\/index.php?rest_route=\/wp\/v2\/posts\/564\/revisions"}],"wp:attachment":[{"href":"http:\/\/www.chapelle-crecy.com\/index.php?rest_route=%2Fwp%2Fv2%2Fmedia&parent=564"}],"wp:term":[{"taxonomy":"category","embeddable":true,"href":"http:\/\/www.chapelle-crecy.com\/index.php?rest_route=%2Fwp%2Fv2%2Fcategories&post=564"},{"taxonomy":"post_tag","embeddable":true,"href":"http:\/\/www.chapelle-crecy.com\/index.php?rest_route=%2Fwp%2Fv2%2Ftags&post=564"}],"curies":[{"name":"wp","href":"https:\/\/api.w.org\/{rel}","templated":true}]}}