{"id":565,"date":"2013-01-03T20:36:14","date_gmt":"2013-01-03T20:36:14","guid":{"rendered":""},"modified":"-0001-11-30T00:00:00","modified_gmt":"-0001-11-29T22:00:00","slug":"","status":"publish","type":"post","link":"http:\/\/www.chapelle-crecy.com\/?p=565","title":{"rendered":"Annonces de la semaine du 31 d\u00e9cembre 2012 au 6 janvier 2013"},"content":{"rendered":"<table bgcolor =\"F0FAFF\" border=0>\n<tbody>\n<tr>\n<td>\n<div align=\"justify\">\n<div \"501\">Voici les annonces de la semaine du lundi 31 d\u00e9cembre 2012 au dimanche 6 janvier 2013 pour la paroisse des 3 clochers Cr\u00e9cy-la-Chapelle, Villiers-sur-Morin, Voulangis.<br \/>\nSamedi 5 \u00e0\u00a0 18h30 : messe \u00e0\u00a0 Villiers &#8211; Dimanche 6 \u00e0\u00a0 10h30 messe \u00e0\u00a0 Cr\u00e9cy &#8211; Tous les d\u00e9tails dans la suite &#8230; <\/div>\n<\/div>\n<\/td>\n<\/tr>\n<\/tbody>\n<\/table>\n<table bgcolor =\"F0FAFF\" border=0>\n<tbody>\n<tr>\n<td width=\"20%\"><font color=\"00CC00\">Lundi 31 d\u00e9cembre<\/font><\/td>\n<td><font color=\"00CC00\">17 h  C\u00e9l\u00e9bration \u00e0 la Maison de Retraite.<\/p>\n<td><font color=\"00CC00\"><\/p>\n<div align=\"center\"><img decoding=\"async\" src=\"\/IMG\/jpg\/MR_Crecy.jpg\" width=150><\/div>\n<p><\/font><\/td>\n<\/tr>\n<tr>\n<td><font color=\"B02020\">Mardi 1er janvier<font><\/td>\n<td><font color=\"B02020\"><\/p>\n<div align=\"center\"><img decoding=\"async\" src=\"\/IMG\/gif\/cross.gif\"><\/div>\n<p><\/font><\/td>\n<td><font color=\"B02020\">10 h 30 Messe \u00e0 Cr\u00e9cy pour  Maurice CAUGNE et Aniela KRYVENAC.<font><\/td>\n<\/tr>\n<tr>\n<td><font color=\"0020FF\">Mercredi 2 janvier<font><\/td>\n<td><font color=\"0020FF\">9 h  Messe \u00e0 Cr\u00e9cy pour Marcel COTTARD et Fabrice GAUTHIER.<font><\/td>\n<td><font color=\"0020FF\">10 h 30 &#8211; Obs\u00e8ques \u00e0 Cr\u00e9cy de William DESJARDINS.<\/font><\/td>\n<\/tr>\n<tr>\n<td><font color=\"00CC00\">Jeudi 3 janvier<font><\/td>\n<td><font color=\"00CC00\"><\/p>\n<div align=\"center\"><img decoding=\"async\" src=\"\/IMG\/gif\/bibles004.gif\"><\/div>\n<p><font><\/td>\n<td><font color=\"00CC00\">18 h &#8211; Messe \u00e0 Cr\u00e9cy pour Fran\u00e7oise BESSON et Ir\u00e8ne BRETON.<\/font><\/td>\n<\/tr>\n<tr>\n<td><font color=\"B02020\">Vendredi 4 janvier<font><\/td>\n<td><font color=\"B02020\">9 h &#8211; Messe \u00e0 Cr\u00e9cy pour Pierre LOUIS et Lucien GORRET.<\/font><\/td>\n<td><font color=\"B02020\"><\/p>\n<div align=\"center\"><img decoding=\"async\" src=\"\/IMG\/gif\/coupes004.gif\"><\/div>\n<p><font><\/td>\n<\/tr>\n<tr>\n<td><font color=\"0020FF\">Samedi 5 janvier<\/font><\/td>\n<td><font color=\"0020FF\"><\/p>\n<div align=\"center\"><img decoding=\"async\" src=\"\/IMG\/lieux\/villiers_eglise2.jpg\"  width=150><\/div>\n<p><\/font><\/td>\n<td><font color=\"0020FF\">18 h 30 &#8211; Messe \u00e0 Villiers pour Evelyne PILOT et Sarah MOURGUES.<font><\/td>\n<\/tr>\n<tr>\n<td><font color=\"00CC00\">Dimanche 6 janvier<br \/>EPIPHANIE DU SEIGNEUR<font><\/td>\n<td><font color=\"00CC00\">10 h 30  Messe \u00e0 Cr\u00e9cy pour Ren\u00e9e HENQUIN et Suzanne LELARD.<br \/>Ce sera \u00e9galement la Premi\u00e8re Communion de Titouan CARRARA.<br \/>\nA ce propos, nous vous pr\u00e9cisons qu&rsquo;\u00e0 l&rsquo;initiative de notre Cur\u00e9 de P\u00f4le, l&rsquo;EAP pourra pr\u00e9voir  plusieurs dates possibles pour organiser des c\u00e9l\u00e9brations de Premi\u00e8re Communion au cours de l&rsquo;ann\u00e9e. Les familles qui le souhaitent voudront bien prendre  contact avec le Pr\u00eatre \u00e0 ce sujet.<br \/>\n<\/font><\/td>\n<td><font color=\"00CC00\"><\/p>\n<div align=\"center\"><img decoding=\"async\" src=\"\/IMG\/lieux\/stgeorges12.jpg\" width=150><\/div>\n<p><\/font><\/td>\n<\/tr>\n<\/tbody>\n<\/table>\n","protected":false},"excerpt":{"rendered":"<p>Voici les annonces de la semaine du lundi 31 d\u00e9cembre 2012 au dimanche 6 janvier 2013 pour la paroisse des 3 clochers Cr\u00e9cy-la-Chapelle, Villiers-sur-Morin, Voulangis. Samedi 5 \u00e0\u00a0 18h30 : messe \u00e0\u00a0 Villiers &#8211;&#46;&#46;&#46;<\/p>\n","protected":false},"author":2,"featured_media":0,"comment_status":"open","ping_status":"open","sticky":false,"template":"","format":"standard","meta":{"footnotes":""},"categories":[],"tags":[],"class_list":["post-565","post","type-post","status-publish","format-standard","hentry"],"_links":{"self":[{"href":"http:\/\/www.chapelle-crecy.com\/index.php?rest_route=\/wp\/v2\/posts\/565","targetHints":{"allow":["GET"]}}],"collection":[{"href":"http:\/\/www.chapelle-crecy.com\/index.php?rest_route=\/wp\/v2\/posts"}],"about":[{"href":"http:\/\/www.chapelle-crecy.com\/index.php?rest_route=\/wp\/v2\/types\/post"}],"author":[{"embeddable":true,"href":"http:\/\/www.chapelle-crecy.com\/index.php?rest_route=\/wp\/v2\/users\/2"}],"replies":[{"embeddable":true,"href":"http:\/\/www.chapelle-crecy.com\/index.php?rest_route=%2Fwp%2Fv2%2Fcomments&post=565"}],"version-history":[{"count":0,"href":"http:\/\/www.chapelle-crecy.com\/index.php?rest_route=\/wp\/v2\/posts\/565\/revisions"}],"wp:attachment":[{"href":"http:\/\/www.chapelle-crecy.com\/index.php?rest_route=%2Fwp%2Fv2%2Fmedia&parent=565"}],"wp:term":[{"taxonomy":"category","embeddable":true,"href":"http:\/\/www.chapelle-crecy.com\/index.php?rest_route=%2Fwp%2Fv2%2Fcategories&post=565"},{"taxonomy":"post_tag","embeddable":true,"href":"http:\/\/www.chapelle-crecy.com\/index.php?rest_route=%2Fwp%2Fv2%2Ftags&post=565"}],"curies":[{"name":"wp","href":"https:\/\/api.w.org\/{rel}","templated":true}]}}