{"id":566,"date":"2012-11-30T21:21:00","date_gmt":"2012-11-30T21:21:00","guid":{"rendered":""},"modified":"-0001-11-30T00:00:00","modified_gmt":"-0001-11-29T22:00:00","slug":"","status":"publish","type":"post","link":"http:\/\/www.chapelle-crecy.com\/?p=566","title":{"rendered":"Le bapt\u00eame"},"content":{"rendered":"<p>Le premier contact est \u00e0\u00a0 prendre avec l&rsquo;accueil de la paroisse, la demande doit-\u00eatre faite au minimum 3 mois avant la date voulue du bapt\u00eame.<\/p>\n<div align=\"justify\">\n Plusieurs cas se pr\u00e9sentent \u00e0 vous:<\/p>\n<p>&#8211; Pour les petits enfants entre 0 et 3 ans : l&rsquo;inscription se fait minimum 3 mois avant la date du bapt\u00eame voulue au sein de l&rsquo;accueil paroissial.<\/p>\n<p>&#8211; Pour les enfants entre 3 et 6 ans: l&rsquo;inscription se fait minimum 6 mois avant la date pr\u00e9vue pour une mise en relation avec l&rsquo;\u00e9veil \u00e0 la foi.<\/p>\n<p>&#8211; Pour les enfants de plus de 6 ans : prendre contact avec l&rsquo;\u00e9quipe de la cat\u00e9ch\u00e8se, pour une inscription \u00e0 celle-ci.<\/p>\n<p>&#8211; Pour un adulte: s&rsquo;inscrire au cat\u00e9chum\u00e9nat qui pr\u00e9pare les adultes au bapt\u00eame, \u00e0 la premi\u00e8re communion, \u00e0 la confirmation.<\/p>\n<p> Lors de votre visite \u00e0 l&rsquo;accueil, mercredi de 17h \u00e0 19h ou le samedi de 10h \u00e0 12h, vous remplirez une demande de bapt\u00eame (nom, pr\u00e9nom du futur baptis\u00e9, nom, pr\u00e9nom, adresse du parrain et de la marraine ainsi que leurs \u00e2ges, s&rsquo;ils ont \u00e9t\u00e9 baptis\u00e9s, le lieu et la date). Il vous sera demand\u00e9 de retourner la fiche d&rsquo;inscription remplie et sign\u00e9e dans les plus brefs d\u00e9lais, avec un acte de naissance de futur baptis\u00e9, un extrait d&rsquo;acte de bapt\u00eame du parrain et de la marraine( attention pas de photocopie du livret catholique).<\/p>\n<p> Le parrain et la marraine doivent avoir 16 ans minimum et avoir \u00e9t\u00e9 baptis\u00e9s, si l&rsquo;un ou l&rsquo;autre ne l&rsquo;est pas, il sera \u00abt\u00e9moin\u00bb.<\/p>\n<p> Pour tout cas particulier, vous pouvez joindre le secr\u00e9tariat Mlle BORNIER le mardi matin au 01.64.63.82.77<\/p>\n<p> Lors de votre inscription, on vous demandera de fixer une date pour la pr\u00e9paration au bapt\u00eame qui a lieu \u00e0 la salle paroissiale o\u00f9 vous rencontrerez notre \u00e9quipe <span style=\"color: rgb(212, 0, 0);\">M et Mme GRONDIN et Mme LACHAIER<\/span> qui vous guidera vers ce bel \u00e9v\u00e9nement. Apr\u00e8s cette rencontre, vous devrez prendre rendez-vous avec notre pr\u00eatre c\u00e9l\u00e9brant. Si n\u00e9cessaire, nous vous mettrons \u00e9galement en relation avec les familles pour lesquelles un bapt\u00eame serait c\u00e9l\u00e9br\u00e9 le m\u00eame jour. <\/p>\n<p> Lorsque vous demanderez le bapt\u00eame, si vous habitez sur le secteur des trois clochers, vous viendrez directement \u00e0 l&rsquo;accueil pour remplir le dossier, si ce n&rsquo;est pas le cas, vous viendrez \u00e0 l&rsquo;accueil remplir la demande et vous irez demander au pr\u00eatre de votre paroisse son accord pour un bapt\u00eame hors paroisse, qu&rsquo;il faudra rapporter au plus t\u00f4t \u00e0 l&rsquo;accueil.\n<\/p><\/div>\n","protected":false},"excerpt":{"rendered":"<p>Le premier contact est \u00e0\u00a0 prendre avec l&rsquo;accueil de la paroisse, la demande doit-\u00eatre faite au minimum 3 mois avant la date voulue du bapt\u00eame. Plusieurs cas se pr\u00e9sentent \u00e0 vous: &#8211; Pour les&#46;&#46;&#46;<\/p>\n","protected":false},"author":2,"featured_media":0,"comment_status":"open","ping_status":"open","sticky":false,"template":"","format":"standard","meta":{"footnotes":""},"categories":[],"tags":[],"class_list":["post-566","post","type-post","status-publish","format-standard","hentry"],"_links":{"self":[{"href":"http:\/\/www.chapelle-crecy.com\/index.php?rest_route=\/wp\/v2\/posts\/566","targetHints":{"allow":["GET"]}}],"collection":[{"href":"http:\/\/www.chapelle-crecy.com\/index.php?rest_route=\/wp\/v2\/posts"}],"about":[{"href":"http:\/\/www.chapelle-crecy.com\/index.php?rest_route=\/wp\/v2\/types\/post"}],"author":[{"embeddable":true,"href":"http:\/\/www.chapelle-crecy.com\/index.php?rest_route=\/wp\/v2\/users\/2"}],"replies":[{"embeddable":true,"href":"http:\/\/www.chapelle-crecy.com\/index.php?rest_route=%2Fwp%2Fv2%2Fcomments&post=566"}],"version-history":[{"count":0,"href":"http:\/\/www.chapelle-crecy.com\/index.php?rest_route=\/wp\/v2\/posts\/566\/revisions"}],"wp:attachment":[{"href":"http:\/\/www.chapelle-crecy.com\/index.php?rest_route=%2Fwp%2Fv2%2Fmedia&parent=566"}],"wp:term":[{"taxonomy":"category","embeddable":true,"href":"http:\/\/www.chapelle-crecy.com\/index.php?rest_route=%2Fwp%2Fv2%2Fcategories&post=566"},{"taxonomy":"post_tag","embeddable":true,"href":"http:\/\/www.chapelle-crecy.com\/index.php?rest_route=%2Fwp%2Fv2%2Ftags&post=566"}],"curies":[{"name":"wp","href":"https:\/\/api.w.org\/{rel}","templated":true}]}}