{"id":569,"date":"2012-11-30T21:38:00","date_gmt":"2012-11-30T21:38:00","guid":{"rendered":""},"modified":"-0001-11-30T00:00:00","modified_gmt":"-0001-11-29T22:00:00","slug":"","status":"publish","type":"post","link":"http:\/\/www.chapelle-crecy.com\/?p=569","title":{"rendered":"Le mariage"},"content":{"rendered":"<div align=\"center\"><img decoding=\"async\" src=\"\/IMG\/jpg\/mariage.jpg\" width=200><\/div>\n<div align=\"justify\">\n La demande doit-\u00eatre faite au moins un an avant la date voulue du mariage, aupr\u00e8s de l&rsquo;accueil de la paroisse.<\/p>\n<p> Les fianc\u00e9s se pr\u00e9sentent directement aux heures de l&rsquo;accueil, mercredi de 17h \u00e0 19h et la samedi de 10h \u00e0 12h, pour remplir la feuille d&rsquo;inscription:<br \/>\n&#8211; nom,<br \/>\n&#8211; pr\u00e9noms,<br \/>\n&#8211; adresse,<br \/>\n&#8211; t\u00e9l\u00e9phone,<br \/>\n&#8211; date et lieu de naissance,<br \/>\n&#8211; date et lieu de votre bapt\u00eame,<br \/>\n&#8211; votre e-mail).<br \/>\n <span style=\"color: rgb(212, 0, 0);\">Un des deux fianc\u00e9s doit \u00eatre baptis\u00e9s catholiquement.<\/span><\/p>\n<p> Certaines conditions sont \u00e0 remplir:<br \/>\n&#8211; Si les fianc\u00e9s r\u00e9sident dans le secteur des trois clochers, vous viendrez remplir le dossier \u00e0 la permanence.<br \/>\n&#8211; Si vous n&rsquo;habitez pas dans le secteur des trois clochers mais si votre famille oui, il faudra se renseigner au niveau de votre paroisse c&rsquo;est celle-ci qui fera tout le dossier ainsi que la pr\u00e9paration au mariage, vous viendrez remplir un dossier pour information \u00e0 notre accueil.<\/p>\n<p> Vous serez contact\u00e9s par l&rsquo;\u00e9quipe de pr\u00e9paration au mariage compos\u00e9e de <span style=\"color: rgb(212, 0, 0);\">M. et Mme Frere, M. et Mme Grondin<\/span> ainsi que par la secr\u00e9taire pour des renseignements compl\u00e9mentaires, il vous sera demand\u00e9 3 mois avant la date du mariage, vos extraits d&rsquo;acte de naissance respectifs.<\/p>\n<p> Pour tout cas particulier, veuillez contacter au 01.64.63.82.77 le secr\u00e9tariat de la paroisse en la personne de Christelle Carrara, qui assure une permanence particuli\u00e8re le mercredi matin de 9h30 \u00e0 11h30 (en p\u00e9riode scolaire exclusivement).\n<\/p><\/div>\n","protected":false},"excerpt":{"rendered":"<p>La demande doit-\u00eatre faite au moins un an avant la date voulue du mariage, aupr\u00e8s de l&rsquo;accueil de la paroisse. Les fianc\u00e9s se pr\u00e9sentent directement aux heures de l&rsquo;accueil, mercredi de 17h \u00e0 19h&#46;&#46;&#46;<\/p>\n","protected":false},"author":2,"featured_media":0,"comment_status":"open","ping_status":"open","sticky":false,"template":"","format":"standard","meta":{"footnotes":""},"categories":[],"tags":[],"class_list":["post-569","post","type-post","status-publish","format-standard","hentry"],"_links":{"self":[{"href":"http:\/\/www.chapelle-crecy.com\/index.php?rest_route=\/wp\/v2\/posts\/569","targetHints":{"allow":["GET"]}}],"collection":[{"href":"http:\/\/www.chapelle-crecy.com\/index.php?rest_route=\/wp\/v2\/posts"}],"about":[{"href":"http:\/\/www.chapelle-crecy.com\/index.php?rest_route=\/wp\/v2\/types\/post"}],"author":[{"embeddable":true,"href":"http:\/\/www.chapelle-crecy.com\/index.php?rest_route=\/wp\/v2\/users\/2"}],"replies":[{"embeddable":true,"href":"http:\/\/www.chapelle-crecy.com\/index.php?rest_route=%2Fwp%2Fv2%2Fcomments&post=569"}],"version-history":[{"count":0,"href":"http:\/\/www.chapelle-crecy.com\/index.php?rest_route=\/wp\/v2\/posts\/569\/revisions"}],"wp:attachment":[{"href":"http:\/\/www.chapelle-crecy.com\/index.php?rest_route=%2Fwp%2Fv2%2Fmedia&parent=569"}],"wp:term":[{"taxonomy":"category","embeddable":true,"href":"http:\/\/www.chapelle-crecy.com\/index.php?rest_route=%2Fwp%2Fv2%2Fcategories&post=569"},{"taxonomy":"post_tag","embeddable":true,"href":"http:\/\/www.chapelle-crecy.com\/index.php?rest_route=%2Fwp%2Fv2%2Ftags&post=569"}],"curies":[{"name":"wp","href":"https:\/\/api.w.org\/{rel}","templated":true}]}}