{"id":570,"date":"2013-01-03T09:15:00","date_gmt":"2013-01-03T09:15:00","guid":{"rendered":""},"modified":"-0001-11-30T00:00:00","modified_gmt":"-0001-11-29T22:00:00","slug":"","status":"publish","type":"post","link":"http:\/\/www.chapelle-crecy.com\/?p=570","title":{"rendered":"D\u00e9c\u00e8s du P\u00e8re Jean-Claude LUCQUIN"},"content":{"rendered":"<div align=\"justify\">Nous apprenons avec beaucoup de tristesse le d\u00e9c\u00e8s du p\u00e8re Jean-Claude LUCQUIN, le 31 d\u00e9cembre 2012, \u00e0 l&rsquo;Hopital Cochin o\u00f9 il avait \u00e9t\u00e9 transport\u00e9 \u00e0 la suite d&rsquo;un nouvel incident cardiaque, dans sa 76\u00e8me ann\u00e9e et la 48\u00e8me ann\u00e9e de son sacerdoce.<br \/>\n Ses obs\u00e8ques auront lieu LUNDI 7 JANVIER 2013 \u00e0 11h 30 en la Cath\u00e9drale Saint Etienne de Meaux.<br \/>\n Mgr Jean-Yves NAHMIAS pr\u00e9sidera la c\u00e9r\u00e9monie.<\/p>\n<p> Il avait \u00e9t\u00e9 directeur du service national de la pastorale des migrants de septembre 1986 \u00e0 septembre 1992.<\/p>\n<p> T\u00e9moignage de Jos\u00e9 Da Silva:<\/p>\n<p>\u00ab\u00a0Je suis tr\u00e8s touch\u00e9 par le d\u00e9c\u00e8s de Jean-Claude Lucquin. C&rsquo;est lui qui m&rsquo;a permis d&rsquo;\u00eatre embauch\u00e9 au SNPM (Service National de la Pastorale des Migrants), parce qu&rsquo;il croyait qu&rsquo;un la\u00efc immigr\u00e9 pouvait recevoir la confiance de l&rsquo;Eglise qui est en France.<\/p>\n<p> Homme et pr\u00eatre de caract\u00e8re, tr\u00e8s attentif aux r\u00e9alit\u00e9s de la migration, il est venu \u00e0 la Pastorale des migrants  par son souci de Portugais. Il a toujours eu la volont\u00e9 de voir les immigr\u00e9s assumer des responsabilit\u00e9s dans la soci\u00e9t\u00e9 et dans l&rsquo;Eglise. Avec lui j&rsquo;ai appris \u00e0 m&rsquo;ouvrir \u00e0 l&rsquo;ensemble des migrants !  J&rsquo;\u00e9tais au SNPM pour l&rsquo;ensemble des migrants.<\/p>\n<p> Avec lui j&rsquo;ai trouv\u00e9 un SNPM tr\u00e8s ouvert au monde associatif non-confessionnel ainsi qu&rsquo;aux intellectuels de la soci\u00e9t\u00e9 civile qui travaillaient sur les questions de la migration.<\/p>\n<p> Avec lui, j&rsquo;ai d\u00e9couvert que l&rsquo;on doit servir en Eglise sans s&rsquo;asservir aux hi\u00e9rarchies, parce que, pour lui, l&rsquo;important \u00e9tait la mission re\u00e7ue pour que les migrants vivent debout. Il avait \u00e9t\u00e9 tr\u00e8s proche, aussi, des mouvements d&rsquo;action catholique.\u00a0\u00bb<\/p>\n<\/div>\n","protected":false},"excerpt":{"rendered":"<p>Nous apprenons avec beaucoup de tristesse le d\u00e9c\u00e8s du p\u00e8re Jean-Claude LUCQUIN, le 31 d\u00e9cembre 2012, \u00e0 l&rsquo;Hopital Cochin o\u00f9 il avait \u00e9t\u00e9 transport\u00e9 \u00e0 la suite d&rsquo;un nouvel incident cardiaque, dans sa 76\u00e8me&#46;&#46;&#46;<\/p>\n","protected":false},"author":2,"featured_media":0,"comment_status":"open","ping_status":"open","sticky":false,"template":"","format":"standard","meta":{"footnotes":""},"categories":[],"tags":[],"class_list":["post-570","post","type-post","status-publish","format-standard","hentry"],"_links":{"self":[{"href":"http:\/\/www.chapelle-crecy.com\/index.php?rest_route=\/wp\/v2\/posts\/570","targetHints":{"allow":["GET"]}}],"collection":[{"href":"http:\/\/www.chapelle-crecy.com\/index.php?rest_route=\/wp\/v2\/posts"}],"about":[{"href":"http:\/\/www.chapelle-crecy.com\/index.php?rest_route=\/wp\/v2\/types\/post"}],"author":[{"embeddable":true,"href":"http:\/\/www.chapelle-crecy.com\/index.php?rest_route=\/wp\/v2\/users\/2"}],"replies":[{"embeddable":true,"href":"http:\/\/www.chapelle-crecy.com\/index.php?rest_route=%2Fwp%2Fv2%2Fcomments&post=570"}],"version-history":[{"count":0,"href":"http:\/\/www.chapelle-crecy.com\/index.php?rest_route=\/wp\/v2\/posts\/570\/revisions"}],"wp:attachment":[{"href":"http:\/\/www.chapelle-crecy.com\/index.php?rest_route=%2Fwp%2Fv2%2Fmedia&parent=570"}],"wp:term":[{"taxonomy":"category","embeddable":true,"href":"http:\/\/www.chapelle-crecy.com\/index.php?rest_route=%2Fwp%2Fv2%2Fcategories&post=570"},{"taxonomy":"post_tag","embeddable":true,"href":"http:\/\/www.chapelle-crecy.com\/index.php?rest_route=%2Fwp%2Fv2%2Ftags&post=570"}],"curies":[{"name":"wp","href":"https:\/\/api.w.org\/{rel}","templated":true}]}}