{"id":571,"date":"2013-01-12T11:45:22","date_gmt":"2013-01-12T11:45:22","guid":{"rendered":""},"modified":"-0001-11-30T00:00:00","modified_gmt":"-0001-11-29T22:00:00","slug":"","status":"publish","type":"post","link":"http:\/\/www.chapelle-crecy.com\/?p=571","title":{"rendered":"Annonces de la semaine du 14 au 20 janvier 2013"},"content":{"rendered":"<table bgcolor =\"F0FAFF\" border=0>\n<tbody>\n<tr>\n<td>\n<div align=\"justify\">\n<div \"507\">Voici les annonces de la semaine du lundi14 au dimanche 20 janvier 2013 pour la paroisse des 3 clochers Cr\u00e9cy-la-Chapelle, Villiers-sur-Morin, Voulangis.<br \/>\nSamedi 19 \u00e0\u00a0 18h30 : messe \u00e0\u00a0 Villiers &#8211; Dimanche 20 \u00e0\u00a0 10h30 messe \u00e0\u00a0 Cr\u00e9cy &#8211; Tous les d\u00e9tails dans la suite &#8230; <\/div>\n<\/div>\n<\/td>\n<\/tr>\n<\/tbody>\n<\/table>\n<table bgcolor =\"F0FAFF\" border=0>\n<tbody>\n<tr>\n<td width=\"20%\"><font color=\"00CC00\">Lundi 14 janvier<\/font><\/td>\n<td><font color=\"00CC00\"> 17 h  Messe \u00e0 la Maison de Retraite pour la famille DE ABREU.<br \/>\n20 h 30 &#8211; R\u00e9union de l&rsquo;\u00e9quipe d&rsquo;accueil.<\/p>\n<td><font color=\"00CC00\"><\/p>\n<div align=\"center\"><img decoding=\"async\" src=\"\/IMG\/jpg\/MR_Crecy.jpg\" width=150><\/div>\n<p><\/font><\/td>\n<\/tr>\n<tr>\n<td><font color=\"B02020\">Mardi 15 janvier<font><\/td>\n<td><font color=\"B02020\"><\/p>\n<div align=\"center\"><img decoding=\"async\" src=\"\/IMG\/gif\/lumiere_65.gif\"><\/div>\n<p><\/font><\/td>\n<td><font color=\"B02020\">9 h &#8211; Messe \u00e0 Cr\u00e9cy pour les Ames du Purgatoire.<font><\/td>\n<\/tr>\n<tr>\n<td><font color=\"0020FF\">Mercredi 16 janvier<font><\/td>\n<td><font color=\"0020FF\">9 h &#8211; Messe \u00e0 Cr\u00e9cy pour Aim\u00e9e TOURNIER et Alain ROUILLE.<font><\/td>\n<td><font color=\"0020FF\"><\/p>\n<div align=\"center\"><img decoding=\"async\" src=\"\/IMG\/gif\/cross.gif\"><\/div>\n<p><\/font><\/td>\n<\/tr>\n<tr>\n<td><font color=\"00CC00\">Jeudi 17 janvier<font><\/td>\n<td><font color=\"00CC00\"><\/p>\n<div align=\"center\"><img decoding=\"async\" src=\"\/IMG\/gif\/coupes002.gif\"><\/div>\n<p><font><\/td>\n<td><font color=\"00CC00\">18 h &#8211; Messe \u00e0 Cr\u00e9cy pour Marie-Louise TILLY et  Georges LHUILLIER.<\/font><\/td>\n<\/tr>\n<tr>\n<td><font color=\"B02020\">Vendredi 18 janvier<font><\/td>\n<td><font color=\"B02020\">9h -Messe \u00e0 Cr\u00e9cy pour Madeleine CARLI et Marie-Madeleine LAMY.<\/font><\/td>\n<td><font color=\"B02020\">20 h 30 : r\u00e9union de l&rsquo;EAP.<font><\/td>\n<\/tr>\n<tr>\n<td><font color=\"0020FF\">Samedi 19 janvier<\/font><\/td>\n<td><font color=\"0020FF\"><\/p>\n<div align=\"center\"><img decoding=\"async\" src=\"\/IMG\/lieux\/villiers_eglise2.jpg\" width=150><\/div>\n<p><\/font><\/td>\n<td><font color=\"0020FF\">18 h 30 &#8211; Messe \u00e0 Villiers pour Andr\u00e9e ADAM et Yvette COURJON.<font><\/td>\n<\/tr>\n<tr>\n<td><font color=\"00CC00\">Dimanche 20 janvier<font><\/td>\n<td><font color=\"00CC00\">10 h 30  Messe \u00e0 Cr\u00e9cy pour Andr\u00e9e PHILIPPE et Thibaud CHRETIEN.<br \/>\nA l&rsquo;issue des messes de ce samedi 19 et dimanche 20 , une qu\u00eate est pr\u00e9vue pour les pr\u00eatres \u00e2g\u00e9s.  Il y aura \u00e9galement  une vente de g\u00e2teaux. Le produit de cette vente sera une participation au financement du voyage \u00e0 TAIZE des  jeunes de l&rsquo;Aum\u00f4nerie et de l&rsquo;Equipe MEJ de notre secteur. Merci de votre g\u00e9n\u00e9rosit\u00e9.<br \/>\n<\/font><\/td>\n<td><font color=\"00CC00\"><\/p>\n<div align=\"center\"><img decoding=\"async\" src=\"\/IMG\/lieux\/stgeorges04.jpg\" width=150><\/div>\n<p><\/font><\/td>\n<\/tr>\n<\/tbody>\n<\/table>\n","protected":false},"excerpt":{"rendered":"<p>Voici les annonces de la semaine du lundi14 au dimanche 20 janvier 2013 pour la paroisse des 3 clochers Cr\u00e9cy-la-Chapelle, Villiers-sur-Morin, Voulangis. Samedi 19 \u00e0\u00a0 18h30 : messe \u00e0\u00a0 Villiers &#8211; Dimanche 20 \u00e0\u00a0&#46;&#46;&#46;<\/p>\n","protected":false},"author":2,"featured_media":0,"comment_status":"open","ping_status":"open","sticky":false,"template":"","format":"standard","meta":{"footnotes":""},"categories":[],"tags":[],"class_list":["post-571","post","type-post","status-publish","format-standard","hentry"],"_links":{"self":[{"href":"http:\/\/www.chapelle-crecy.com\/index.php?rest_route=\/wp\/v2\/posts\/571","targetHints":{"allow":["GET"]}}],"collection":[{"href":"http:\/\/www.chapelle-crecy.com\/index.php?rest_route=\/wp\/v2\/posts"}],"about":[{"href":"http:\/\/www.chapelle-crecy.com\/index.php?rest_route=\/wp\/v2\/types\/post"}],"author":[{"embeddable":true,"href":"http:\/\/www.chapelle-crecy.com\/index.php?rest_route=\/wp\/v2\/users\/2"}],"replies":[{"embeddable":true,"href":"http:\/\/www.chapelle-crecy.com\/index.php?rest_route=%2Fwp%2Fv2%2Fcomments&post=571"}],"version-history":[{"count":0,"href":"http:\/\/www.chapelle-crecy.com\/index.php?rest_route=\/wp\/v2\/posts\/571\/revisions"}],"wp:attachment":[{"href":"http:\/\/www.chapelle-crecy.com\/index.php?rest_route=%2Fwp%2Fv2%2Fmedia&parent=571"}],"wp:term":[{"taxonomy":"category","embeddable":true,"href":"http:\/\/www.chapelle-crecy.com\/index.php?rest_route=%2Fwp%2Fv2%2Fcategories&post=571"},{"taxonomy":"post_tag","embeddable":true,"href":"http:\/\/www.chapelle-crecy.com\/index.php?rest_route=%2Fwp%2Fv2%2Ftags&post=571"}],"curies":[{"name":"wp","href":"https:\/\/api.w.org\/{rel}","templated":true}]}}