{"id":573,"date":"2013-01-16T07:29:51","date_gmt":"2013-01-16T07:29:51","guid":{"rendered":""},"modified":"-0001-11-30T00:00:00","modified_gmt":"-0001-11-29T22:00:00","slug":"","status":"publish","type":"post","link":"http:\/\/www.chapelle-crecy.com\/?p=573","title":{"rendered":"Actualit\u00e9s dioc\u00e9saines"},"content":{"rendered":"<div align=\"justify\">Quelques \u00e9chos :<br \/>\n&#8211; La journ\u00e9e des migrants \u00e0\u00a0 St Damien : dimanche dernier, lors de la messe dominicale, nous avons pri\u00e9 pour les migrants et les r\u00e9fugi\u00e9s \u00e0\u00a0 l&rsquo;occasion du rassemblement \u00e0\u00a0 la Paroisse Saint Damien. Vous trouverez un petit diaporama r\u00e9alis\u00e9 \u00e0\u00a0 cette occasion.<br \/>\n&#8211; Le 18 janvier prochain s&rsquo;ouvre la Semaine pour l&rsquo;Unit\u00e9 des Chr\u00e9tiens: \u00e0\u00a0 cette occasion, le P\u00e8re Philippe Legrand nous propose la pri\u00e8re ci-apr\u00e8s \u00e0\u00a0 partager entre Chr\u00e9tiens ; qu&rsquo;elle soit une occasion de rencontre avec tous nos fr\u00e8res en J\u00e9sus-Christ !<br \/>\n&#8211;  Les 19 et 20 janvier, \u00e0\u00a0 l&rsquo;occasion des messes c\u00e9l\u00e9br\u00e9es dans notre dioc\u00e8se, une qu\u00eate sp\u00e9ciale sera faite pour les pr\u00eatres  g\u00e9s. Ils sont nombreux dans notre dioc\u00e8se ; merci de votre g\u00e9n\u00e9rosit\u00e9 !<\/div>\n<div align=\"center\">Invitation \u00e0 participer \u00e0 la Semaine de l&rsquo;Unit\u00e9 des Chr\u00e9tiens<\/div>\n<div align=\"center\"><img decoding=\"async\" src=\"\/IMG\/jpg\/unite-chretiens.jpg\" width=400><\/div>\n<p> Prions ensemble pour notre unit\u00e9 autour du Christ, le Fils Unique de Dieu<\/p>\n<div align=\"center\"><img decoding=\"async\" src=\"\/IMG\/jpg\/priere1.jpg\" width=400><\/div>\n<div align=\"center\"><img decoding=\"async\" src=\"\/IMG\/jpg\/priere2.jpg\" width=400><\/div>\n<p><a href=\"\/IMG\/doc\/migrants_st_damien.pps\" target=\"_blank\"><b>Diaporama journ\u00e9es des migrants \u00e0 Saint-Damien<\/a><\/b><\/p>\n","protected":false},"excerpt":{"rendered":"<p>Quelques \u00e9chos : &#8211; La journ\u00e9e des migrants \u00e0\u00a0 St Damien : dimanche dernier, lors de la messe dominicale, nous avons pri\u00e9 pour les migrants et les r\u00e9fugi\u00e9s \u00e0\u00a0 l&rsquo;occasion du rassemblement \u00e0\u00a0 la&#46;&#46;&#46;<\/p>\n","protected":false},"author":2,"featured_media":0,"comment_status":"open","ping_status":"open","sticky":false,"template":"","format":"standard","meta":{"footnotes":""},"categories":[],"tags":[],"class_list":["post-573","post","type-post","status-publish","format-standard","hentry"],"_links":{"self":[{"href":"http:\/\/www.chapelle-crecy.com\/index.php?rest_route=\/wp\/v2\/posts\/573","targetHints":{"allow":["GET"]}}],"collection":[{"href":"http:\/\/www.chapelle-crecy.com\/index.php?rest_route=\/wp\/v2\/posts"}],"about":[{"href":"http:\/\/www.chapelle-crecy.com\/index.php?rest_route=\/wp\/v2\/types\/post"}],"author":[{"embeddable":true,"href":"http:\/\/www.chapelle-crecy.com\/index.php?rest_route=\/wp\/v2\/users\/2"}],"replies":[{"embeddable":true,"href":"http:\/\/www.chapelle-crecy.com\/index.php?rest_route=%2Fwp%2Fv2%2Fcomments&post=573"}],"version-history":[{"count":0,"href":"http:\/\/www.chapelle-crecy.com\/index.php?rest_route=\/wp\/v2\/posts\/573\/revisions"}],"wp:attachment":[{"href":"http:\/\/www.chapelle-crecy.com\/index.php?rest_route=%2Fwp%2Fv2%2Fmedia&parent=573"}],"wp:term":[{"taxonomy":"category","embeddable":true,"href":"http:\/\/www.chapelle-crecy.com\/index.php?rest_route=%2Fwp%2Fv2%2Fcategories&post=573"},{"taxonomy":"post_tag","embeddable":true,"href":"http:\/\/www.chapelle-crecy.com\/index.php?rest_route=%2Fwp%2Fv2%2Ftags&post=573"}],"curies":[{"name":"wp","href":"https:\/\/api.w.org\/{rel}","templated":true}]}}