{"id":576,"date":"2013-02-02T15:50:00","date_gmt":"2013-02-02T15:50:00","guid":{"rendered":""},"modified":"-0001-11-30T00:00:00","modified_gmt":"-0001-11-29T22:00:00","slug":"","status":"publish","type":"post","link":"http:\/\/www.chapelle-crecy.com\/?p=576","title":{"rendered":"JEU INTERNET 2013"},"content":{"rendered":"<div align=\"justify\">\n<br \/>\n<span\nstyle=\"font-family: 'Footlight MT Light'; color: purple; font-size: 14pt;\">Les<br \/>\nINSCRIPTIONS sur le SITE DIOC\u00e9SAIN sont OUVERTES <\/span><br \/>\n<span\nstyle=\"font-family: Harrington; color: purple; font-size: 14pt;\">!<\/span><br \/>Pensez<br \/>\n\u00e0\u00a0 MOTIVER largement, de 7 \u00e0\u00a0 77 ans,<br \/><span\nstyle=\"font-family: 'Footlight MT Light'; color: purple; font-size: 14pt;\">Paroissiens,<br \/>\nfamilles, jeunes, enfants <\/span><\/div>\n<div align=\"justify\">NOUVEAUTE : Monseigneur Jean-Yves NAHMIAS interviendra apr\u00e8s le jeu&nbsp;sous forme d&rsquo;une \u00e9mission t\u00e9l\u00e9visuelle. Il r\u00e9pondra en direct aux questions d&rsquo;une \u00e9quipe pr\u00e9sente \u00e0 l&rsquo;\u00e9v\u00each\u00e9.<br \/>\nVous<br \/>\npourrez aussi lui envoyer vos propres questions par SMS&nbsp;! (le<br \/>\nn\u00c2\u00b0 sera communiqu\u00e9 \u00e0 la fin du jeu)<br \/>\nDE NOMBREUSES RECOMPENSES attendent chacun&nbsp;!<br \/>L&rsquo;\u00e9quipe<br \/>\ndu Service Dioc\u00e9sain de la Cat\u00e9ch\u00e8se (SDC) MEAUX.<br \/>\nPS : les affiches et les tracts sont t\u00e9l\u00e9chargeables sur le site dioc\u00e9sain &#8211;<br \/>\n <a\nhref=\"http:\/\/eglisecatho-meaux.cef.fr\/\" target=\"_blank\"><font\nface=\"Times New Roman\">http:\/\/eglisecatho-meaux.cef.<\/a>\n<\/div>\n<div align=\"center\"><img decoding=\"async\" src=\"\/IMG\/jpg\/flyer.jpg\" width=400><\/div>\n<div align=\"center\">[Le Jeu Internet Qu&rsquo;est-ce que c&rsquo;est ?->http:\/\/eglisecatho-meaux.cef.fr\/spip\/spip.php?article1259]<\/div>\n","protected":false},"excerpt":{"rendered":"<p>Les INSCRIPTIONS sur le SITE DIOC\u00e9SAIN sont OUVERTES !Pensez \u00e0\u00a0 MOTIVER largement, de 7 \u00e0\u00a0 77 ans,Paroissiens, familles, jeunes, enfants NOUVEAUTE : Monseigneur Jean-Yves NAHMIAS interviendra apr\u00e8s le jeu&nbsp;sous forme d&rsquo;une \u00e9mission t\u00e9l\u00e9visuelle. Il&#46;&#46;&#46;<\/p>\n","protected":false},"author":2,"featured_media":0,"comment_status":"open","ping_status":"open","sticky":false,"template":"","format":"standard","meta":{"footnotes":""},"categories":[],"tags":[],"class_list":["post-576","post","type-post","status-publish","format-standard","hentry"],"_links":{"self":[{"href":"http:\/\/www.chapelle-crecy.com\/index.php?rest_route=\/wp\/v2\/posts\/576","targetHints":{"allow":["GET"]}}],"collection":[{"href":"http:\/\/www.chapelle-crecy.com\/index.php?rest_route=\/wp\/v2\/posts"}],"about":[{"href":"http:\/\/www.chapelle-crecy.com\/index.php?rest_route=\/wp\/v2\/types\/post"}],"author":[{"embeddable":true,"href":"http:\/\/www.chapelle-crecy.com\/index.php?rest_route=\/wp\/v2\/users\/2"}],"replies":[{"embeddable":true,"href":"http:\/\/www.chapelle-crecy.com\/index.php?rest_route=%2Fwp%2Fv2%2Fcomments&post=576"}],"version-history":[{"count":0,"href":"http:\/\/www.chapelle-crecy.com\/index.php?rest_route=\/wp\/v2\/posts\/576\/revisions"}],"wp:attachment":[{"href":"http:\/\/www.chapelle-crecy.com\/index.php?rest_route=%2Fwp%2Fv2%2Fmedia&parent=576"}],"wp:term":[{"taxonomy":"category","embeddable":true,"href":"http:\/\/www.chapelle-crecy.com\/index.php?rest_route=%2Fwp%2Fv2%2Fcategories&post=576"},{"taxonomy":"post_tag","embeddable":true,"href":"http:\/\/www.chapelle-crecy.com\/index.php?rest_route=%2Fwp%2Fv2%2Ftags&post=576"}],"curies":[{"name":"wp","href":"https:\/\/api.w.org\/{rel}","templated":true}]}}