{"id":577,"date":"2015-02-14T10:05:52","date_gmt":"2015-02-14T10:05:52","guid":{"rendered":""},"modified":"-0001-11-30T00:00:00","modified_gmt":"-0001-11-29T22:00:00","slug":"","status":"publish","type":"post","link":"http:\/\/www.chapelle-crecy.com\/?p=577","title":{"rendered":"En ce week-end de la St Valentin la paroisse de Cr\u00e9cy f\u00eate les couples fianc\u00e9s et mari\u00e9s"},"content":{"rendered":"<div align=\"justify\">Sophie et Franck, Fanny et Andr\u00e9 sont les 2 couples, qui pr\u00e9parent sur le secteur de Cr\u00e9cy les jeunes fianc\u00e9s au mariage. A l&rsquo;occasion de la [St Valentin->http:\/\/nominis.cef.fr\/contenus\/saint\/641\/Saint-Valentin.html], une messe sp\u00e9ciale sera c\u00e9l\u00e9br\u00e9e demain 15 f\u00e9vrier, en l&rsquo;\u00e9glise St Georges, tout particuli\u00e8rement en l&rsquo;honneur de ces jeunes mari\u00e9s qui se sont dit \u00ab\u00a0oui\u00a0\u00bb au cours de l&rsquo;ann\u00e9e 2014. Nous prierons aussi pour les personnes c\u00e9libataires qui sont en recherche de leur  me soeur. D&rsquo;ailleurs un site chr\u00e9tien de rencontre tr\u00e8s s\u00e9rieux existe [theotokos->http:\/\/www.theotokos.fr\/?gclid=CjwKEAiAgfymBRCEhpTR8NXpx1USJAAV0dQyZKLfF7y3Js-qnaTB_dL8yf-LM5hnvAANP0_TSmmg6BoCe8nw_wcB].<br \/>\nTous les paroissiens, quelque soit leur \u00e9tat de vie, sont \u00e9videment convi\u00e9s \u00e0\u00a0 venir nombreux pour participer \u00e0\u00a0 cette f\u00eate de \u00ab\u00a0l&rsquo;amour conjugal\u00a0\u00bb qui se terminera par le pot de l&rsquo;amiti\u00e9.<br \/>\nEn avant-go\u00fbt de cette c\u00e9l\u00e9bration, nos deux couples formateurs ont relev\u00e9s quelques t\u00e9moignages des jeunes couples amoureux:<br \/>\n&#8211; Aimer l&rsquo;autre tel qu&rsquo;il est et non tel qu&rsquo;on voudrait qu&rsquo;il soit;<br \/>\n&#8211; Je t&rsquo;aime parce que c&rsquo; est toi;<br \/>\n&#8211; Aimer: fonder une famille, me r\u00e9veiller \u00e0\u00a0 tes c t\u00e9s;<br \/>\n&#8211; Aimer: c&rsquo;est un engagement mutuel et le montrer chaque jour!<br \/>\n&#8211; Savoir pourquoi on se l\u00e8ve le matin et avancer dans la m\u00eame direction<br \/>\nMais aussi &#8230;\n<\/div>\n<div align=\"justify\">\n&#8211; Un amour s&rsquo;il est plein et entier se conjugue \u00e0 2 et se partage avec les autres<br \/>\n&#8211; Aimer, c&rsquo;est rire et pleurer ensemble;<br \/>\n&#8211; Aimer, c&rsquo;est partager;<br \/>\n&#8211; Aimer, c&rsquo;est le don de soi;<br \/>\n&#8211; Aimer, c&rsquo;est rendre l&rsquo;autre beau.<\/p>\n<p> Vous avez le projet de vous marier? Sophie et Franck, Fanny et Andr\u00e9 vous disent pourquoi se pr\u00e9parer au mariage est important.<\/p>\n<p> Les couples que nous rencontrons ont des parcours diff\u00e9rents, mais tr\u00e8s souvent le mariage est une \u00e9tape dans leur vie de couple bien \u00e9tablie.La plupart d&rsquo;entre eux sont \u00e9loign\u00e9s de la pratique religieuse. Le mariage et l&rsquo;arriv\u00e9e d&rsquo;un enfant sont l&rsquo;occasion de questionner leur foi et leur engagement. <\/p>\n<p> Dans les trois soir\u00e9es de pr\u00e9paration que nous organisons, ils trouvent un lieu d&rsquo;\u00e9coute et de partage; c&rsquo;est souvent une occasion unique de parler de leur amour et de leur relation de couple, car leur vie quotidienne charg\u00e9e leur laisse peu de temps pour le faire.<\/p>\n<div align=\"center\"><img decoding=\"async\" src=\"\/IMG\/jpg\/CPM.jpg\" width=350><\/div>\n<div align=\"center\">Franck, Sophie, Andr\u00e9 et Fanny<\/div>\n<p> Les discussions avec les autres couples leur permettent de r\u00e9aliser que leurs questions, leurs doutes, sont souvent les m\u00eames, et qu&rsquo;en parler ensemble les aide beaucoup. <\/p>\n<p> Nous sommes l\u00e0 pour \u00e9couter et \u00e9clairer le d\u00e9bat par notre t\u00e9moignage personnel. En particulier, comment notre vie de foi nous aide \u00e0 enrichir notre vie de couple. <\/p>\n<p> A partir de piliers du mariage chr\u00e9tiens (fid\u00e9lit\u00e9, libert\u00e9, f\u00e9condit\u00e9, indissolubilit\u00e9), nous abordons des sujets tr\u00e8s divers: le dialogue dans le couple, le pardon, le bonheur de l&rsquo;autre, une sexualit\u00e9 respectueuse.<br \/>\nNous abordons aussi les questions de foi: Qui est Dieu pour nous? Que peut-Il apporter \u00e0 notre couple? Pourquoi se marier \u00e0 l&rsquo;\u00e9glise? Le sens de l&rsquo;engagement: \u00ab\u00a0Je me donne \u00e0 toi pour t&rsquo;aimer fid\u00e8lement tout au long de notre vie.\u00a0\u00bb<\/p>\n<p> En tant qu&rsquo;animateurs, ces soir\u00e9es nous remettent en question, nous permettent de relire notre propre exp\u00e9rience. Ces \u00e9changes nous donnent envie de progresser dans notre propre vie de couple.<br \/>\nNous souhaitons que les jeunes couples repartent de ces soir\u00e9es avec le d\u00e9sir de faire progresser leur relation, de prendre du temps pour eux, et de poursuivre ensemble leur parcours spirituel.<\/p>\n<p> Coordonn\u00e9es :<br \/>\n&#8211; Sophie et Franck Barbier:<br \/>\n * T\u00e9l : 01.60.25.62.04<br \/>\n * Port : 06.10.97.03.38<br \/>\n&#8211; Fanny et Andr\u00e9 Pessik:<br \/>\n * Port : 06.83.51.99.21\n<\/p><\/div>\n","protected":false},"excerpt":{"rendered":"<p>Sophie et Franck, Fanny et Andr\u00e9 sont les 2 couples, qui pr\u00e9parent sur le secteur de Cr\u00e9cy les jeunes fianc\u00e9s au mariage. A l&rsquo;occasion de la [St Valentin->http:\/\/nominis.cef.fr\/contenus\/saint\/641\/Saint-Valentin.html], une messe sp\u00e9ciale sera c\u00e9l\u00e9br\u00e9e demain&#46;&#46;&#46;<\/p>\n","protected":false},"author":2,"featured_media":0,"comment_status":"open","ping_status":"open","sticky":false,"template":"","format":"standard","meta":{"footnotes":""},"categories":[],"tags":[],"class_list":["post-577","post","type-post","status-publish","format-standard","hentry"],"_links":{"self":[{"href":"http:\/\/www.chapelle-crecy.com\/index.php?rest_route=\/wp\/v2\/posts\/577","targetHints":{"allow":["GET"]}}],"collection":[{"href":"http:\/\/www.chapelle-crecy.com\/index.php?rest_route=\/wp\/v2\/posts"}],"about":[{"href":"http:\/\/www.chapelle-crecy.com\/index.php?rest_route=\/wp\/v2\/types\/post"}],"author":[{"embeddable":true,"href":"http:\/\/www.chapelle-crecy.com\/index.php?rest_route=\/wp\/v2\/users\/2"}],"replies":[{"embeddable":true,"href":"http:\/\/www.chapelle-crecy.com\/index.php?rest_route=%2Fwp%2Fv2%2Fcomments&post=577"}],"version-history":[{"count":0,"href":"http:\/\/www.chapelle-crecy.com\/index.php?rest_route=\/wp\/v2\/posts\/577\/revisions"}],"wp:attachment":[{"href":"http:\/\/www.chapelle-crecy.com\/index.php?rest_route=%2Fwp%2Fv2%2Fmedia&parent=577"}],"wp:term":[{"taxonomy":"category","embeddable":true,"href":"http:\/\/www.chapelle-crecy.com\/index.php?rest_route=%2Fwp%2Fv2%2Fcategories&post=577"},{"taxonomy":"post_tag","embeddable":true,"href":"http:\/\/www.chapelle-crecy.com\/index.php?rest_route=%2Fwp%2Fv2%2Ftags&post=577"}],"curies":[{"name":"wp","href":"https:\/\/api.w.org\/{rel}","templated":true}]}}