{"id":579,"date":"2013-02-02T15:49:41","date_gmt":"2013-02-02T15:49:41","guid":{"rendered":""},"modified":"-0001-11-30T00:00:00","modified_gmt":"-0001-11-29T22:00:00","slug":"","status":"publish","type":"post","link":"http:\/\/www.chapelle-crecy.com\/?p=579","title":{"rendered":"Annonces de la semaine du 4 au 10 f\u00e9vrier 2013"},"content":{"rendered":"<table bgcolor =\"F0FAFF\" border=0>\n<tbody>\n<tr>\n<td>\n<div align=\"justify\">\n<div \"516\">Voici les annonces de la semaine du lundi 4 au dimanche 10 f\u00e9vrier 2013 pour la paroisse des 3 clochers Cr\u00e9cy-la-Chapelle, Villiers-sur-Morin, Voulangis.<br \/>\nSamedi 9 \u00e0\u00a0 18h30 : messe \u00e0\u00a0 Voulangis &#8211; Dimanche 10 \u00e0\u00a0 10h30 messe \u00e0\u00a0 Cr\u00e9cy &#8211; Tous les d\u00e9tails dans la suite &#8230; <\/div>\n<\/div>\n<\/td>\n<\/tr>\n<\/tbody>\n<\/table>\n<table bgcolor =\"F0FAFF\" border=0>\n<tbody>\n<tr>\n<td width=\"20%\"><font color=\"00CC00\">Lundi 4 f\u00e9vrier<\/font><\/td>\n<td><font color=\"00CC00\">14 h 30 &#8211; R\u00e9union de l&rsquo;Equipe du Rosaire chez Madame LOUIS.<br \/>\n17 h  C\u00e9l\u00e9bration \u00e0 la Maison de Retraite.<\/font><\/td>\n<td><font color=\"00CC00\">20 h 30 &#8211; Adoration du St Sacrement \u00e0 la chapelle de la Vierge.<\/font><\/td>\n<\/tr>\n<tr>\n<td><font color=\"B02020\">Mardi 5 f\u00e9vrier<br \/><i>Sainte Agathe<\/i><\/font><\/td>\n<td><font color=\"B02020\"><\/p>\n<div align=\"center\"><img decoding=\"async\" src=\"\/IMG\/gif\/lumiere_65.gif\"><\/div>\n<p><\/font><\/td>\n<td><font color=\"B02020\">18 h  Messe \u00e0 Cr\u00e9cy pour Etiennette DUCOURTHIAL et Michel LEROUX.<\/font><\/td>\n<\/tr>\n<tr>\n<td><font color=\"0020FF\">Mercredi 6 f\u00e9vrier<\/font><\/td>\n<td><font color=\"0020FF\">10 h 30  A Villiers, Obs\u00e8ques d&rsquo;Andr\u00e9 CORJON.<\/font><\/td>\n<td><font color=\"0020FF\">18 h  Messe \u00e0 Cr\u00e9cy pour Fran\u00e7oise BESSON et Marcel COTTARD<\/font><\/td>\n<\/tr>\n<tr>\n<td><font color=\"00CC00\">Jeudi 7 f\u00e9vrier<\/font><\/td>\n<td><font color=\"00CC00\">15 h 30 &#8211; A Villiers, obs\u00e8ques de Jean BEGUIN.<\/font><\/td>\n<td><font color=\"00CC00\">18 h &#8211; Messe \u00e0 Cr\u00e9cy pour Jean CORREIA et les Ames du Purgatoire.<\/font><\/td>\n<\/tr>\n<tr>\n<td><font color=\"B02020\">Vendredi 8 f\u00e9vrier<\/font><\/td>\n<td><font color=\"B02020\">9h &#8211; A Cr\u00e9cy, Messe anniversaire pour Marguerite-Marie PANHARD.<br \/>\n<\/font><\/td>\n<td><font color=\"00CC00\"><\/p>\n<div align=\"center\"><img decoding=\"async\" src=\"\/IMG\/gif\/bibles004.gif\"><\/div>\n<p><\/font><\/td>\n<\/tr>\n<tr>\n<td><font color=\"0020FF\">Samedi 9 f\u00e9vrier<\/font><\/td>\n<td><font color=\"0020FF\"><\/p>\n<div align=\"center\"><img decoding=\"async\" src=\"\/IMG\/lieux\/voulangis_eglise1.jpg\" width=150><\/div>\n<p><\/font><\/td>\n<td><font color=\"0020FF\">18 h 30  Messe \u00e0 Voulangis pour Marcel DEBORD et Aim\u00e9 BEROLDY.<\/font><\/td>\n<\/tr>\n<tr>\n<td><font color=\"00CC00\">Dimanche 10 f\u00e9vrier<br \/><i>Journ\u00e9e des malades<\/i><font><\/td>\n<td><font color=\"00CC00\">10 h 30  Au cours de la Messe, le Sacrement des Malades sera administr\u00e9  aux malades qui l&rsquo;auront demand\u00e9.<br \/>\nLa Messe sera c\u00e9l\u00e9br\u00e9e pour Andr\u00e9e GIRARD et Marcelle REGALA.<\/font><\/td>\n<td><font color=\"00CC00\"><\/p>\n<div align=\"center\"><img decoding=\"async\" src=\"\/IMG\/lieux\/stgeorges10.jpg\" width=150><\/div>\n<p><\/font><\/td>\n<\/tr>\n<\/tbody>\n<\/table>\n","protected":false},"excerpt":{"rendered":"<p>Voici les annonces de la semaine du lundi 4 au dimanche 10 f\u00e9vrier 2013 pour la paroisse des 3 clochers Cr\u00e9cy-la-Chapelle, Villiers-sur-Morin, Voulangis. Samedi 9 \u00e0\u00a0 18h30 : messe \u00e0\u00a0 Voulangis &#8211; Dimanche 10&#46;&#46;&#46;<\/p>\n","protected":false},"author":2,"featured_media":0,"comment_status":"open","ping_status":"open","sticky":false,"template":"","format":"standard","meta":{"footnotes":""},"categories":[],"tags":[],"class_list":["post-579","post","type-post","status-publish","format-standard","hentry"],"_links":{"self":[{"href":"http:\/\/www.chapelle-crecy.com\/index.php?rest_route=\/wp\/v2\/posts\/579","targetHints":{"allow":["GET"]}}],"collection":[{"href":"http:\/\/www.chapelle-crecy.com\/index.php?rest_route=\/wp\/v2\/posts"}],"about":[{"href":"http:\/\/www.chapelle-crecy.com\/index.php?rest_route=\/wp\/v2\/types\/post"}],"author":[{"embeddable":true,"href":"http:\/\/www.chapelle-crecy.com\/index.php?rest_route=\/wp\/v2\/users\/2"}],"replies":[{"embeddable":true,"href":"http:\/\/www.chapelle-crecy.com\/index.php?rest_route=%2Fwp%2Fv2%2Fcomments&post=579"}],"version-history":[{"count":0,"href":"http:\/\/www.chapelle-crecy.com\/index.php?rest_route=\/wp\/v2\/posts\/579\/revisions"}],"wp:attachment":[{"href":"http:\/\/www.chapelle-crecy.com\/index.php?rest_route=%2Fwp%2Fv2%2Fmedia&parent=579"}],"wp:term":[{"taxonomy":"category","embeddable":true,"href":"http:\/\/www.chapelle-crecy.com\/index.php?rest_route=%2Fwp%2Fv2%2Fcategories&post=579"},{"taxonomy":"post_tag","embeddable":true,"href":"http:\/\/www.chapelle-crecy.com\/index.php?rest_route=%2Fwp%2Fv2%2Ftags&post=579"}],"curies":[{"name":"wp","href":"https:\/\/api.w.org\/{rel}","templated":true}]}}