{"id":580,"date":"2013-02-03T21:59:34","date_gmt":"2013-02-03T21:59:34","guid":{"rendered":""},"modified":"-0001-11-30T00:00:00","modified_gmt":"-0001-11-29T22:00:00","slug":"","status":"publish","type":"post","link":"http:\/\/www.chapelle-crecy.com\/?p=580","title":{"rendered":"Je m&rsquo;appelle Bernadette"},"content":{"rendered":"<div align=\"justify\">C&rsquo;est avec une immense joie que les paroisses de Lagny et Cr\u00e9cy ont l&rsquo;honneur de vous inviter aux 3 projections du film \u00ab\u00a0Je m&rsquo;appelle Bernadette\u00a0\u00bb qui se produiront au cin\u00e9ma Le Cinq \u00e0\u00a0 Lagny-sur-Marne:<br \/>\n&#8211; <span style=\"color: red;\">le vendredi 8 f\u00e9vrier \u00e0\u00a0 20h45<\/span>,<br \/>\n&#8211; <span style=\"color: red;\">le dimanche 10 f\u00e9vrier (dimanche de la Sant\u00e9) \u00e0\u00a0 16h15<\/span>,<br \/>\n&#8211; <span style=\"color: red;\">le lundi 11 f\u00e9vrier \u00e0\u00a0 14h15<\/span>.<br \/>\nL&rsquo;originalit\u00e9 de ces projections r\u00e9side dans le fait que les 3 s\u00e9ances seront suivies d&rsquo;un d\u00e9bat avec le public et les intervenants qui seront Jean Sagols, r\u00e9alisateur du film et des membres de l&rsquo;Hospitalit\u00e9 dioc\u00e9saine de Meaux.<br \/>\nNous aurons \u00e9galement le plaisir d&rsquo;accueillir, lors de la s\u00e9ance du dimanche 10 f\u00e9vrier, Mgr Bernard Podvin, porte-parole \u00e0\u00a0 la Conf\u00e9rence des Ev\u00eaques de France. <\/p>\n<div align=\"center\"><img decoding=\"async\" src=\"\/IMG\/jpg\/complet.jpg\" width=150><\/div>\n<p>\nEn raison du succ\u00e8s du film, 3 nouvelles projections sont programm\u00e9es:<br \/>\n&#8211; <span style=\"color: red;\">le jeudi 14 f\u00e9vrier \u00e0\u00a0 16h15<\/span>,<br \/>\n&#8211; <span style=\"color: red;\">le vendredi 15 f\u00e9vrier \u00e0\u00a0 18h30<\/span>,<br \/>\n&#8211; <span style=\"color: red;\">le mardi 19 f\u00e9vrier \u00e0\u00a0 14h00<\/span>,<br \/>\nNous vous proposons de visionner la bande-annonce du film [Je m&rsquo;appelle Bernadette->http:\/\/www.allocine.fr\/video\/player_gen_cmedia=19257444&#038;cfilm=197479.html] qui sera projet\u00e9 au <\/p>\n<div align=\"center\"><img decoding=\"async\" src=\"\/IMG\/jpg\/cinq.jpg\" width=50>\n<\/div>\n<\/div>\n<div align=\"center\">[Je m&rsquo;appelle Bernadette->http:\/\/www.allocine.fr\/video\/player_gen_cmedia=19257444&#038;cfilm=197479.html]<br \/>\n<br \/> <br \/>\n<img decoding=\"async\" src=\"\/IMG\/jpg\/bernadette-1.jpg\" width=500><\/div>\n<p> <br \/>\nLes intervenants:<\/p>\n<div align=\"center\"><img decoding=\"async\" src=\"\/IMG\/jpg\/podvin.jpg\" width=150><br \/>\nMonseigneur Bernard Podvin<\/div>\n<div align=\"center\"><img decoding=\"async\" src=\"\/IMG\/jpg\/DDR.jpg\" width=150><br \/>\nDominique Da Rocha<\/div>\n<div align=\"center\"><img decoding=\"async\" src=\"\/IMG\/jpg\/gachet.jpg\" width=150><br \/>\nDominique Gachet<\/div>\n<div align=\"center\"><img decoding=\"async\" src=\"\/IMG\/jpg\/gibert.jpg\" width=150><br \/>\nV\u00e9ronique Gibert<\/div>\n<p> <span style=\"color: red;\">T\u00e9moignage sur Lourdes en tant qu&rsquo;hospitali\u00e8re d&rsquo;Anne-Jo\u00eblle Jacquinet:<\/span><\/p>\n<p> Lourdes, capitale de la pri\u00e8re, o\u00f9 habitait Bernadette et que Marie a choisie en 1858 pour lui dire de transmettre ses messages :<br \/>\n\u00ab P\u00e9nitence, priez Dieu pour la conversion des p\u00e9cheurs\u00e2\u20ac\u00a6 \u00bb<\/p>\n<p> Marie a demand\u00e9 \u00e0 Bernadette de creuser le sol : de la boue puis une eau de plus en plus claire jaillit. Marie lui dit \u00ab  allez boire \u00e0 la fontaine et vous y laver\u00e2\u20ac\u00a6. \u00bb Les fontaines de Lourdes : eau toute simple apr\u00e8s analyses qui a accompli tant de miracles parce que prise avec tant de foi ! Gratuite et disponible \u00e0 tous !<\/p>\n<p> La premi\u00e8re chose qui frappe en allant dans ce sanctuaire est le nombre de malades que nous voyons dans leur chariot ou sur leur brancard, pouss\u00e9s par des brancardiers ou hospitali\u00e8res.<\/p>\n<p> Que viennent-ils rechercher l\u00e0 par la pri\u00e8re ? Leur gu\u00e9rison physique surement au d\u00e9but, et il y en a plus que toutes celles d\u00e9clar\u00e9es d&rsquo;apr\u00e8s ce que nous racontait le m\u00e9decin du sanctuaire qui est nomm\u00e9 pour enregistrer et constater les gu\u00e9risons, mais surtout la paix int\u00e9rieure. Ils re\u00e7oivent l\u00e0 une force \u00e9tonnante qui leur donne le courage de vivre chez eux ou dans leur centre d&rsquo;accueil l&rsquo;ann\u00e9e qui va s&rsquo;\u00e9couler avant le prochain p\u00e8lerinage de Lourdes qu&rsquo;ils attendent avec impatience.<br \/>\n En tant qu&rsquo;hospitali\u00e8re, vivre ces cinq jours par an avec une chambr\u00e9e de 6 personnes est merveilleux, m\u00eame si c&rsquo;est  fatiguant de part les horaires tr\u00e8s matinaux. Certains malades compl\u00e8tement d\u00e9pendants nous montrent malgr\u00e9 leur grand handicap, leur joie  et nous donnent une sacr\u00e9e le\u00e7on de vie. Ils sont si heureux de venir prier Marie dans ce sanctuaire o\u00f9 ils ont la priorit\u00e9 pour tout : plac\u00e9s aux premi\u00e8res places pendant toutes les c\u00e9l\u00e9brations, devant la statue de Marie \u00e0 la grotte, devant l&rsquo;autel \u00e0 la basilique St Pie X, toujours premiers dans les processions. Il faut dire qu&rsquo;\u00e0 Lourdes tout le monde leur porte de l&rsquo;attention et leur donne de leur temps du lev\u00e9 au couch\u00e9, pendant les toilettes, les repas, les trajets\u00e2\u20ac\u00a6et m\u00eame si nous n&rsquo;agissons pas comme des professionnels de la sant\u00e9, ils sont patients et nous remercient pour tout. Nous avons avec eux un dialogue chaleureux et vrai.<\/p>\n<p> Il y a les piscines, privil\u00e8ge d&rsquo;y \u00eatre plac\u00e9s pour une ou deux demi-journ\u00e9e. Nous y vivons des moments tr\u00e8s \u00e9mouvants : chaque personne, plus ou moins valide vient l\u00e0 avec tous ses soucis pour les d\u00e9poser dans le coeur de Marie. Elle se d\u00e9pouille de tout, juste couverte d&rsquo;un drap blanc, elle avance vers la statue de Marie en pri\u00e8re, puis elle est plong\u00e9e dans l&rsquo;eau glac\u00e9e de la source, comme un rite Baptismal. Les larmes coulent souvent. Puis elle se sent tellement apais\u00e9e en sortant.<\/p>\n<p> Les messes si recueillies, profondes chantantes et en toutes les langues.<\/p>\n<p> Marie a dit \u00e0 Bernadette \u00ab Venez en procession \u00bb :<br \/>\n Les processions sont tellement belles et \u00e9mouvantes :<br \/>\n &#8211; la procession  Eucharistique : derri\u00e8re le Saint Sacrement le d\u00e9fil\u00e9 de tous les malades en chariots et en brancards avec les hospitaliers et hospitali\u00e8res. Puis arriv\u00e9 \u00e0 la basilique St Pie X, le temps d&rsquo;adoration et la b\u00e9n\u00e9diction de tous les malades.<br \/>\n &#8211; la procession aux flambeaux tous les soirs avec ses chants et son chapelet en toutes les langues tout autour du sanctuaire.<\/p>\n<p> Le chapelet \u00e0 la grotte qui a lieu tous les jours \u00e0 15h30 et retransmis en direct sur toutes les radios chr\u00e9tiennes et sur KTO, ce qui permet \u00e0 toute personne ne pouvant pas \u00eatre \u00e0 Lourdes de se sentir si pr\u00e8s de Marie. Je me souviens entre autres quand  je le mettais \u00e0 Maman dans sa chambre de clinique, \u00e9tant tr\u00e8s malade en 2010,  nous nous sentions alors pr\u00e9sentes \u00e0 la grotte pr\u00e8s de Marie comme par miracle ! <\/p>\n<p> Un des miracles de Lourdes est bien celui que toutes les hospitalit\u00e9s dioc\u00e9saines renouvellent tous les ans en amenant des centaines de malades plus ou moins d\u00e9pendants et de tous ces hospitaliers et hospitali\u00e8res qui donnent de leur temps et de leur argent pour les accompagner et leur permettre ainsi de pouvoir y venir !<\/p>\n<p> Notre \u00ab Lourdes \u00bb est tr\u00e8s envi\u00e9 !!!!!!!!!! M\u00eame en Terre Sainte :<br \/>\nEn p\u00e8lerinage en 2010, Le P\u00e8re  Abouna Raed, pr\u00eatre du village chr\u00e9tien de Taybeh  au nord de J\u00e9rusalem en terre de Palestine nous a charg\u00e9 de vous dire que si \u00e0 Lourdes nous avions eu la Sainte Vierge, eux ils avaient eu les trois : J\u00e9sus, Marie et Joseph, aussi il ne comprenait pas pourquoi ils n&rsquo;avaient pas autant si ce n&rsquo;est plus de monde qu&rsquo;\u00e0 Lourdes !!!!!!<\/p>\n<p> Voil\u00e0 comme le disait Bernadette \u00ab je suis ne suis pas charg\u00e9e de vous le faire croire  mais de vous le dire \u00bb !!! Parole tr\u00e8s sage qui laisse \u00e0 Dieu maintenant de vous donner envie de venir prier \u00e0 Lourdes ou de nous rejoindre \u00e0 l&rsquo;hospitalit\u00e9.<\/p>\n<p> Contacts:<br \/>\n Le Cinq<br \/>\n Le cin\u00e9ma de Lagny-sur-Marne<br \/>\n <span style=\"color: red;\">3 salles num\u00e9riques 3D climatis\u00e9es<\/span><\/p>\n<p> 5, rue Delambre 77400 Lagny-sur-Marne<\/p>\n<p> Renseignements<br \/>\n <span style=\"color: red;\">01 60 26 40 11<\/span><br \/>\n fax : 01 60 35 99 76<br \/>\n le.cinq@hotmail.fr<br \/>\n <span style=\"color: blue;\">www.cinemalecinq.fr<\/span><\/p>\n","protected":false},"excerpt":{"rendered":"<p>C&rsquo;est avec une immense joie que les paroisses de Lagny et Cr\u00e9cy ont l&rsquo;honneur de vous inviter aux 3 projections du film \u00ab\u00a0Je m&rsquo;appelle Bernadette\u00a0\u00bb qui se produiront au cin\u00e9ma Le Cinq \u00e0\u00a0 Lagny-sur-Marne:&#46;&#46;&#46;<\/p>\n","protected":false},"author":2,"featured_media":0,"comment_status":"open","ping_status":"open","sticky":false,"template":"","format":"standard","meta":{"footnotes":""},"categories":[],"tags":[],"class_list":["post-580","post","type-post","status-publish","format-standard","hentry"],"_links":{"self":[{"href":"http:\/\/www.chapelle-crecy.com\/index.php?rest_route=\/wp\/v2\/posts\/580","targetHints":{"allow":["GET"]}}],"collection":[{"href":"http:\/\/www.chapelle-crecy.com\/index.php?rest_route=\/wp\/v2\/posts"}],"about":[{"href":"http:\/\/www.chapelle-crecy.com\/index.php?rest_route=\/wp\/v2\/types\/post"}],"author":[{"embeddable":true,"href":"http:\/\/www.chapelle-crecy.com\/index.php?rest_route=\/wp\/v2\/users\/2"}],"replies":[{"embeddable":true,"href":"http:\/\/www.chapelle-crecy.com\/index.php?rest_route=%2Fwp%2Fv2%2Fcomments&post=580"}],"version-history":[{"count":0,"href":"http:\/\/www.chapelle-crecy.com\/index.php?rest_route=\/wp\/v2\/posts\/580\/revisions"}],"wp:attachment":[{"href":"http:\/\/www.chapelle-crecy.com\/index.php?rest_route=%2Fwp%2Fv2%2Fmedia&parent=580"}],"wp:term":[{"taxonomy":"category","embeddable":true,"href":"http:\/\/www.chapelle-crecy.com\/index.php?rest_route=%2Fwp%2Fv2%2Fcategories&post=580"},{"taxonomy":"post_tag","embeddable":true,"href":"http:\/\/www.chapelle-crecy.com\/index.php?rest_route=%2Fwp%2Fv2%2Ftags&post=580"}],"curies":[{"name":"wp","href":"https:\/\/api.w.org\/{rel}","templated":true}]}}