{"id":585,"date":"2013-02-25T22:16:16","date_gmt":"2013-02-25T22:16:16","guid":{"rendered":""},"modified":"-0001-11-30T00:00:00","modified_gmt":"-0001-11-29T22:00:00","slug":"","status":"publish","type":"post","link":"http:\/\/www.chapelle-crecy.com\/?p=585","title":{"rendered":"Souvenirs de la soir\u00e9e de l&rsquo;amiti\u00e9 2013"},"content":{"rendered":"<div align=\"justify\">Le 26 janvier 2013 eut lieu le traditionnel repas de l&rsquo;amiti\u00e9. Nous \u00e9tions environ 70 personnes \u00e0\u00a0 la salle 104 \u00e0\u00a0 Voulangis. Un repas \u00e0\u00a0 partager, un moment de convivialit\u00e9 ponctu\u00e9 d&rsquo;animations diverses et appr\u00e9ci\u00e9es<\/div>\n<div align=\"center\"><img decoding=\"async\" src=\"\/IMG\/jpg\/sa2013\/DSC_5988.JPG\" width=400\"><br \/>\nDes couverts align\u00e9s au cordeau pour des invit\u00e9s qui le m\u00e9ritent<\/div>\n<div align=\"center\"><img decoding=\"async\" src=\"\/IMG\/jpg\/sa2013\/DSC_6004.JPG\" width=500\"><br \/>\nL&rsquo;heure de l&rsquo;ap\u00e9ro pour tous les ages<\/div>\n<div align=\"center\"><img decoding=\"async\" src=\"\/IMG\/jpg\/sa2013\/DSC_6005.JPG\" width=500\"><br \/>N&rsquo;est-ce pas les enfants ?\n<\/div>\n<div align=\"center\"><img decoding=\"async\" src=\"\/IMG\/jpg\/sa2013\/DSC_6010.JPG\" width=500\"><br \/>Au menu couscous<\/div>\n<div align=\"center\"><img decoding=\"async\" src=\"\/IMG\/jpg\/sa2013\/DSC_6017.JPG\" width=500\"><br \/>\u00e9changes\n<\/div>\n<div align=\"center\"><img decoding=\"async\" src=\"\/IMG\/jpg\/sa2013\/DSC_6025.JPG\" width=500\"><br \/>et bonne humeur.<\/div>\n<div align=\"center\"><img decoding=\"async\" src=\"\/IMG\/jpg\/sa2013\/DSC_6028.JPG\" width=500\"><br \/>L&rsquo;heure des po\u00e8mes est arriv\u00e9e<\/div>\n<div align=\"center\"><img decoding=\"async\" src=\"\/IMG\/jpg\/sa2013\/DSC_6030.JPG\" width=300\"><br \/>On est en admiration devant le talent de la m\u00e9moire et de la passion<\/div>\n<div align=\"center\"><img decoding=\"async\" src=\"\/IMG\/jpg\/sa2013\/DSC_6035.JPG\" width=400\"><br \/>Erudition et fantaisie<\/div>\n<div align=\"center\"><img decoding=\"async\" src=\"\/IMG\/jpg\/sa2013\/DSC_6056.JPG\" width=500\"><br \/>Une sc\u00e8ne m\u00e9morable\n<\/div>\n<div align=\"center\"><img decoding=\"async\" src=\"\/IMG\/jpg\/sa2013\/DSC_6063.JPG\" width=500\"><br \/>Un grand moment de culture et d&rsquo;amusement.<\/div>\n<div align=\"center\"><img decoding=\"async\" src=\"\/IMG\/jpg\/sa2013\/P1130726.JPG\" width=500\"><br \/>L&rsquo;heureux gagnant de la tombola<\/div>\n","protected":false},"excerpt":{"rendered":"<p>Le 26 janvier 2013 eut lieu le traditionnel repas de l&rsquo;amiti\u00e9. Nous \u00e9tions environ 70 personnes \u00e0\u00a0 la salle 104 \u00e0\u00a0 Voulangis. Un repas \u00e0\u00a0 partager, un moment de convivialit\u00e9 ponctu\u00e9 d&rsquo;animations diverses et&#46;&#46;&#46;<\/p>\n","protected":false},"author":2,"featured_media":0,"comment_status":"open","ping_status":"open","sticky":false,"template":"","format":"standard","meta":{"footnotes":""},"categories":[],"tags":[],"class_list":["post-585","post","type-post","status-publish","format-standard","hentry"],"_links":{"self":[{"href":"http:\/\/www.chapelle-crecy.com\/index.php?rest_route=\/wp\/v2\/posts\/585","targetHints":{"allow":["GET"]}}],"collection":[{"href":"http:\/\/www.chapelle-crecy.com\/index.php?rest_route=\/wp\/v2\/posts"}],"about":[{"href":"http:\/\/www.chapelle-crecy.com\/index.php?rest_route=\/wp\/v2\/types\/post"}],"author":[{"embeddable":true,"href":"http:\/\/www.chapelle-crecy.com\/index.php?rest_route=\/wp\/v2\/users\/2"}],"replies":[{"embeddable":true,"href":"http:\/\/www.chapelle-crecy.com\/index.php?rest_route=%2Fwp%2Fv2%2Fcomments&post=585"}],"version-history":[{"count":0,"href":"http:\/\/www.chapelle-crecy.com\/index.php?rest_route=\/wp\/v2\/posts\/585\/revisions"}],"wp:attachment":[{"href":"http:\/\/www.chapelle-crecy.com\/index.php?rest_route=%2Fwp%2Fv2%2Fmedia&parent=585"}],"wp:term":[{"taxonomy":"category","embeddable":true,"href":"http:\/\/www.chapelle-crecy.com\/index.php?rest_route=%2Fwp%2Fv2%2Fcategories&post=585"},{"taxonomy":"post_tag","embeddable":true,"href":"http:\/\/www.chapelle-crecy.com\/index.php?rest_route=%2Fwp%2Fv2%2Ftags&post=585"}],"curies":[{"name":"wp","href":"https:\/\/api.w.org\/{rel}","templated":true}]}}