{"id":587,"date":"2013-04-15T09:20:00","date_gmt":"2013-04-15T09:20:00","guid":{"rendered":""},"modified":"-0001-11-30T00:00:00","modified_gmt":"-0001-11-29T22:00:00","slug":"","status":"publish","type":"post","link":"http:\/\/www.chapelle-crecy.com\/?p=587","title":{"rendered":"Sentinelles que du bonheur !"},"content":{"rendered":"<div justify=\"align\">Le groupe de louange Sentinelles, vous connaissez? Si le nom du groupe ne vous dit rien, vous ne serez pas indiff\u00e9rents aux noms des membres qui le compose: Vincent Buisset, Christel et Marie-C\u00e9cile Bacoup (nom de jeune fille), St\u00e9phane Gorret. Ce sont tous ces noms embl\u00e9matiques de la paroisse de Cr\u00e9cy qui \u00e9voquent tant de souvenirs quand on pense \u00e0\u00a0 tout ce qu&rsquo;ont apport\u00e9 ces familles dans l&rsquo;\u00e9vang\u00e9lisation de notre secteur! C&rsquo;est donc avec grand plaisir que nous chanterons, taperons dans nos mains, avec Vincent, Christel, Marie-C\u00e9cile, mais aussi Claire, Kiel, Romain, Yves-Armel pour louer et adorer notre Seigneur-Dieu, ce samedi 20 avril 2013 \u00e0\u00a0 20h30 en l&rsquo;\u00e9glise St Georges de Cr\u00e9cy. Chers jeunes du KT, de l&rsquo;aum nerie, du MEJ, des scouts de Meaux, La Fert\u00e9-sous-Jouarre, Coulommiers, Bussy-St-Georges, Villeneuve-le-Comte, Lagny, Esbly, Cr\u00e9cy, vous \u00eates tous invit\u00e9s chaleureusement \u00e0\u00a0 ce concert de louange unique. Voici en avant-premi\u00e8re la bande-annonce de \u00ab\u00a0Sentinelles\u00a0\u00bb:<br \/>\n [http:\/\/vimeo.com\/57795218->http:\/\/vimeo.com\/57795218]<\/div>\n<div justify=\"center\"><img1217|center><\/div>\n<div justify=\"center\"><img1218|center><\/div>\n<div justify=\"center\"><img1219|center><\/div>\n<div justify=\"center\"><img1220|center><\/div>\n<div justify=\"center\"><img1223|center><\/div>\n<div align=\"center\">\n [<iframe loading=\"lazy\" width=\"420\" height=\"315\" src=\"http:\/\/www.youtube.com\/embed\/Z6zaHvRjQtM\" frameborder=\"0\" allowfullscreen><\/iframe>-><iframe loading=\"lazy\" width=\"420\" height=\"315\" src=\"http:\/\/www.youtube.com\/embed\/Z6zaHvRjQtM\" frameborder=\"0\" allowfullscreen><\/iframe>]<\/div>\n<div align=\"center\">Prise de vue r\u00e9alis\u00e9e par Marc Calonne et Jo\u00ebl<\/div>\n<div align=\"center\">Montage vid\u00e9o: Cyrille Lahaille<\/div>\n","protected":false},"excerpt":{"rendered":"<p>Le groupe de louange Sentinelles, vous connaissez? Si le nom du groupe ne vous dit rien, vous ne serez pas indiff\u00e9rents aux noms des membres qui le compose: Vincent Buisset, Christel et Marie-C\u00e9cile Bacoup&#46;&#46;&#46;<\/p>\n","protected":false},"author":2,"featured_media":0,"comment_status":"open","ping_status":"open","sticky":false,"template":"","format":"standard","meta":{"footnotes":""},"categories":[],"tags":[],"class_list":["post-587","post","type-post","status-publish","format-standard","hentry"],"_links":{"self":[{"href":"http:\/\/www.chapelle-crecy.com\/index.php?rest_route=\/wp\/v2\/posts\/587","targetHints":{"allow":["GET"]}}],"collection":[{"href":"http:\/\/www.chapelle-crecy.com\/index.php?rest_route=\/wp\/v2\/posts"}],"about":[{"href":"http:\/\/www.chapelle-crecy.com\/index.php?rest_route=\/wp\/v2\/types\/post"}],"author":[{"embeddable":true,"href":"http:\/\/www.chapelle-crecy.com\/index.php?rest_route=\/wp\/v2\/users\/2"}],"replies":[{"embeddable":true,"href":"http:\/\/www.chapelle-crecy.com\/index.php?rest_route=%2Fwp%2Fv2%2Fcomments&post=587"}],"version-history":[{"count":0,"href":"http:\/\/www.chapelle-crecy.com\/index.php?rest_route=\/wp\/v2\/posts\/587\/revisions"}],"wp:attachment":[{"href":"http:\/\/www.chapelle-crecy.com\/index.php?rest_route=%2Fwp%2Fv2%2Fmedia&parent=587"}],"wp:term":[{"taxonomy":"category","embeddable":true,"href":"http:\/\/www.chapelle-crecy.com\/index.php?rest_route=%2Fwp%2Fv2%2Fcategories&post=587"},{"taxonomy":"post_tag","embeddable":true,"href":"http:\/\/www.chapelle-crecy.com\/index.php?rest_route=%2Fwp%2Fv2%2Ftags&post=587"}],"curies":[{"name":"wp","href":"https:\/\/api.w.org\/{rel}","templated":true}]}}