{"id":589,"date":"2013-03-07T01:37:28","date_gmt":"2013-03-07T01:37:28","guid":{"rendered":""},"modified":"-0001-11-30T00:00:00","modified_gmt":"-0001-11-29T22:00:00","slug":"","status":"publish","type":"post","link":"http:\/\/www.chapelle-crecy.com\/?p=589","title":{"rendered":"Le repas de p\u00f4le un grand moment de convivialit\u00e9"},"content":{"rendered":"<div align=\"justify\">La salle des f\u00eates de Poincy \u00e9tait juste assez grande pour accueillir les 192 convives attabl\u00e9s ce dimanche 24 f\u00e9vrier. Dans une ambiance amicale, pr\u00eatres, paroissiens, sympathisants \u00e9taient heureux de se retrouver, \u00e9changer, d\u00e9jeuner ensemble, trinquer et se raconter quelques bonnes blagues. Pendant que les cuisini\u00e8res s&rsquo;affairaient aux fourneaux et que les scouts assuraient un service digne d&rsquo;un quatre \u00e9toiles, les comiques du jour, danseurs et autres chanteurs se succ\u00e9daient sur la sc\u00e8ne, tous et chacun contribuant \u00e0\u00a0 sa mani\u00e8re \u00e0\u00a0 la r\u00e9ussite de cette belle rencontre fraternelle. Et maintenant, place \u00e0\u00a0 l&rsquo;album photo-souvenir&#8230; <\/div>\n","protected":false},"excerpt":{"rendered":"<p>La salle des f\u00eates de Poincy \u00e9tait juste assez grande pour accueillir les 192 convives attabl\u00e9s ce dimanche 24 f\u00e9vrier. Dans une ambiance amicale, pr\u00eatres, paroissiens, sympathisants \u00e9taient heureux de se retrouver, \u00e9changer, d\u00e9jeuner&#46;&#46;&#46;<\/p>\n","protected":false},"author":2,"featured_media":0,"comment_status":"open","ping_status":"open","sticky":false,"template":"","format":"standard","meta":{"footnotes":""},"categories":[],"tags":[],"class_list":["post-589","post","type-post","status-publish","format-standard","hentry"],"_links":{"self":[{"href":"http:\/\/www.chapelle-crecy.com\/index.php?rest_route=\/wp\/v2\/posts\/589","targetHints":{"allow":["GET"]}}],"collection":[{"href":"http:\/\/www.chapelle-crecy.com\/index.php?rest_route=\/wp\/v2\/posts"}],"about":[{"href":"http:\/\/www.chapelle-crecy.com\/index.php?rest_route=\/wp\/v2\/types\/post"}],"author":[{"embeddable":true,"href":"http:\/\/www.chapelle-crecy.com\/index.php?rest_route=\/wp\/v2\/users\/2"}],"replies":[{"embeddable":true,"href":"http:\/\/www.chapelle-crecy.com\/index.php?rest_route=%2Fwp%2Fv2%2Fcomments&post=589"}],"version-history":[{"count":0,"href":"http:\/\/www.chapelle-crecy.com\/index.php?rest_route=\/wp\/v2\/posts\/589\/revisions"}],"wp:attachment":[{"href":"http:\/\/www.chapelle-crecy.com\/index.php?rest_route=%2Fwp%2Fv2%2Fmedia&parent=589"}],"wp:term":[{"taxonomy":"category","embeddable":true,"href":"http:\/\/www.chapelle-crecy.com\/index.php?rest_route=%2Fwp%2Fv2%2Fcategories&post=589"},{"taxonomy":"post_tag","embeddable":true,"href":"http:\/\/www.chapelle-crecy.com\/index.php?rest_route=%2Fwp%2Fv2%2Ftags&post=589"}],"curies":[{"name":"wp","href":"https:\/\/api.w.org\/{rel}","templated":true}]}}