{"id":590,"date":"2013-03-09T23:00:00","date_gmt":"2013-03-09T23:00:00","guid":{"rendered":""},"modified":"-0001-11-30T00:00:00","modified_gmt":"-0001-11-29T22:00:00","slug":"","status":"publish","type":"post","link":"http:\/\/www.chapelle-crecy.com\/?p=590","title":{"rendered":"Annonces de la semaine du 11 au 17 mars 2013"},"content":{"rendered":"<table bgcolor =\"F0FAFF\" border=0>\n<tbody>\n<tr>\n<td>\n<div align=\"justify\">\n<div \"527\">Voici les annonces de la semaine du lundi 11 au dimanche 17 mars 2013 pour la paroisse des 3 clochers Cr\u00e9cy-la-Chapelle, Villiers-sur-Morin, Voulangis.<br \/>\nSamedi 16 \u00e0\u00a0 18h30 : messe \u00e0\u00a0 Villiers &#8211; Dimanche 17 \u00e0\u00a0 10h30 messe \u00e0\u00a0 Cr\u00e9cy &#8211; Tous les d\u00e9tails dans la suite &#8230; <\/div>\n<\/div>\n<\/td>\n<\/tr>\n<\/tbody>\n<\/table>\n<table bgcolor =\"F0FAFF\" border=0>\n<tbody>\n<tr>\n<td width=\"20%\"><font color=\"00CC00\">Lundi 11 mars<\/font><\/td>\n<td><font color=\"00CC00\"> 10 h &#8211;   A Cr\u00e9cy, obs\u00e8ques d&rsquo;Andr\u00e9e CHOPPE<\/p>\n<p>17 h  A la Maison de Retraite messe anniversaire pour Jean BUISSET<\/p>\n<td><font color=\"00CC00\"><\/p>\n<div align=\"center\"><img decoding=\"async\" src=\"\/IMG\/jpg\/MR_Crecy.jpg\" width=150><\/div>\n<p><\/font><\/td>\n<\/tr>\n<tr>\n<td><font color=\"B02020\">Mardi 12 mars<font><\/td>\n<td><font color=\"B02020\"><\/p>\n<div align=\"center\"><img decoding=\"async\" src=\"\/IMG\/gif\/lumiere_65.gif\"><\/div>\n<p><\/font><\/td>\n<td><font color=\"B02020\">18 h &#8211; Messe \u00e0 Cr\u00e9cy pour la famille THION-MUNIER.<font><\/td>\n<\/tr>\n<tr>\n<td><font color=\"0020FF\">Mercredi 13 mars<font><\/td>\n<td><font color=\"0020FF\">18 h &#8211; Messe \u00e0 Cr\u00e9cy pour Roger LABARRE et Georges PAQUET.<font><\/td>\n<td><font color=\"0020FF\">20 h 30 &#8211; R\u00e9p\u00e9tition de chants \u00e0 l&rsquo;\u00e9glise de Cr\u00e9cy<\/font><\/td>\n<\/tr>\n<tr>\n<td><font color=\"00CC00\">Jeudi 14 mars<font><\/td>\n<td><font color=\"00CC00\"><\/p>\n<div align=\"center\"><img decoding=\"async\" src=\"\/IMG\/gif\/coupes002.gif\"><\/div>\n<p><font><\/td>\n<td><font color=\"00CC00\">18 h &#8211; Messe \u00e0 Cr\u00e9cy pour Odette CAROUGE et Sarah MOURGUES.<\/font><\/td>\n<\/tr>\n<tr>\n<td><font color=\"B02020\">Vendredi 15 mars<font><\/td>\n<td><font color=\"B02020\">9h &#8211; Messe \u00e0 Cr\u00e9cy pour Michel LEROUX et Jean-Pierre HUGUIN<\/font><\/td>\n<td><font color=\"B02020\"><\/p>\n<div align=\"center\"><img decoding=\"async\" src=\"\/IMG\/gif\/cross.gif\"><\/div>\n<p><font><\/td>\n<\/tr>\n<tr>\n<td><font color=\"0020FF\">Samedi 16 mars<\/font><\/td>\n<td><font color=\"0020FF\"><\/p>\n<div align=\"center\"><img decoding=\"async\" src=\"\/IMG\/lieux\/villiers_eglise2.jpg\" width=150><\/div>\n<p><\/font><\/td>\n<td><font color=\"0020FF\">18 h 30 &#8211; Messe \u00e0 Villiers pour Pierre-Louis et Genevi\u00e8ve MENON.<font><\/td>\n<\/tr>\n<tr>\n<td><font color=\"00CC00\">Dimanche 17 mars<br \/><i>5\u00e8me dimanche de Car\u00eame<\/i><font><\/td>\n<td><font color=\"00CC00\">10 h 30  Messe anniversaire pour Pierre LOUIS et nous prierons \u00e9galement pour Andr\u00e9e CHOPPE inhum\u00e9e cette semaine.<br \/>A la fin  de la Messe de ce matin, une qu\u00eate est  organis\u00e9e  au profit de l&rsquo;INSTITUT CATHOLIQUE DE PARIS. Merci d&rsquo;avance de votre g\u00e9n\u00e9rosit\u00e9                 <\/p>\n<p><\/font><\/td>\n<td><font color=\"00CC00\"><\/p>\n<div align=\"center\"><img decoding=\"async\" src=\"\/IMG\/lieux\/stgeorges08.jpg\" width=150><\/div>\n<p><\/font><\/td>\n<\/tr>\n<\/tbody>\n<\/table>\n","protected":false},"excerpt":{"rendered":"<p>Voici les annonces de la semaine du lundi 11 au dimanche 17 mars 2013 pour la paroisse des 3 clochers Cr\u00e9cy-la-Chapelle, Villiers-sur-Morin, Voulangis. Samedi 16 \u00e0\u00a0 18h30 : messe \u00e0\u00a0 Villiers &#8211; Dimanche 17&#46;&#46;&#46;<\/p>\n","protected":false},"author":2,"featured_media":0,"comment_status":"open","ping_status":"open","sticky":false,"template":"","format":"standard","meta":{"footnotes":""},"categories":[],"tags":[],"class_list":["post-590","post","type-post","status-publish","format-standard","hentry"],"_links":{"self":[{"href":"http:\/\/www.chapelle-crecy.com\/index.php?rest_route=\/wp\/v2\/posts\/590","targetHints":{"allow":["GET"]}}],"collection":[{"href":"http:\/\/www.chapelle-crecy.com\/index.php?rest_route=\/wp\/v2\/posts"}],"about":[{"href":"http:\/\/www.chapelle-crecy.com\/index.php?rest_route=\/wp\/v2\/types\/post"}],"author":[{"embeddable":true,"href":"http:\/\/www.chapelle-crecy.com\/index.php?rest_route=\/wp\/v2\/users\/2"}],"replies":[{"embeddable":true,"href":"http:\/\/www.chapelle-crecy.com\/index.php?rest_route=%2Fwp%2Fv2%2Fcomments&post=590"}],"version-history":[{"count":0,"href":"http:\/\/www.chapelle-crecy.com\/index.php?rest_route=\/wp\/v2\/posts\/590\/revisions"}],"wp:attachment":[{"href":"http:\/\/www.chapelle-crecy.com\/index.php?rest_route=%2Fwp%2Fv2%2Fmedia&parent=590"}],"wp:term":[{"taxonomy":"category","embeddable":true,"href":"http:\/\/www.chapelle-crecy.com\/index.php?rest_route=%2Fwp%2Fv2%2Fcategories&post=590"},{"taxonomy":"post_tag","embeddable":true,"href":"http:\/\/www.chapelle-crecy.com\/index.php?rest_route=%2Fwp%2Fv2%2Ftags&post=590"}],"curies":[{"name":"wp","href":"https:\/\/api.w.org\/{rel}","templated":true}]}}