{"id":591,"date":"2013-03-14T09:22:16","date_gmt":"2013-03-14T09:22:16","guid":{"rendered":""},"modified":"-0001-11-30T00:00:00","modified_gmt":"-0001-11-29T22:00:00","slug":"","status":"publish","type":"post","link":"http:\/\/www.chapelle-crecy.com\/?p=591","title":{"rendered":"Habemus Papam"},"content":{"rendered":"<div align=\"justify\">Selon l&rsquo;expression consacr\u00e9e, en d\u00e9couvrant le visage de notre nouveau pape, hier soir, nous sommes dans la joie et nous pouvons nous exclamer: \u00ab\u00a0Nous avons un Pape !\u00a0\u00bb.<br \/>\nNatif de Buenos Aires (Argentine) en 1936, Jorge Mario Bergoglio est devenu le premier pape latino-am\u00e9ricain. Il a choisi le nom de Fran\u00e7ois 1er, en r\u00e9f\u00e9rence \u00e0\u00a0 St Fran\u00e7ois d&rsquo;Assise. Continuons \u00e0\u00a0 rendre gr ce \u00e0\u00a0 Dieu pour nous avoir donn\u00e9 comme successeur de St Pierre un homme si proche des pauvres.<\/div>\n<div align=\"center\"><img decoding=\"async\" src=\"\/IMG\/jpg\/FrancoisMeaux.jpg\" width=450><\/div>\n","protected":false},"excerpt":{"rendered":"<p>Selon l&rsquo;expression consacr\u00e9e, en d\u00e9couvrant le visage de notre nouveau pape, hier soir, nous sommes dans la joie et nous pouvons nous exclamer: \u00ab\u00a0Nous avons un Pape !\u00a0\u00bb. Natif de Buenos Aires (Argentine) en&#46;&#46;&#46;<\/p>\n","protected":false},"author":2,"featured_media":0,"comment_status":"open","ping_status":"open","sticky":false,"template":"","format":"standard","meta":{"footnotes":""},"categories":[],"tags":[],"class_list":["post-591","post","type-post","status-publish","format-standard","hentry"],"_links":{"self":[{"href":"http:\/\/www.chapelle-crecy.com\/index.php?rest_route=\/wp\/v2\/posts\/591","targetHints":{"allow":["GET"]}}],"collection":[{"href":"http:\/\/www.chapelle-crecy.com\/index.php?rest_route=\/wp\/v2\/posts"}],"about":[{"href":"http:\/\/www.chapelle-crecy.com\/index.php?rest_route=\/wp\/v2\/types\/post"}],"author":[{"embeddable":true,"href":"http:\/\/www.chapelle-crecy.com\/index.php?rest_route=\/wp\/v2\/users\/2"}],"replies":[{"embeddable":true,"href":"http:\/\/www.chapelle-crecy.com\/index.php?rest_route=%2Fwp%2Fv2%2Fcomments&post=591"}],"version-history":[{"count":0,"href":"http:\/\/www.chapelle-crecy.com\/index.php?rest_route=\/wp\/v2\/posts\/591\/revisions"}],"wp:attachment":[{"href":"http:\/\/www.chapelle-crecy.com\/index.php?rest_route=%2Fwp%2Fv2%2Fmedia&parent=591"}],"wp:term":[{"taxonomy":"category","embeddable":true,"href":"http:\/\/www.chapelle-crecy.com\/index.php?rest_route=%2Fwp%2Fv2%2Fcategories&post=591"},{"taxonomy":"post_tag","embeddable":true,"href":"http:\/\/www.chapelle-crecy.com\/index.php?rest_route=%2Fwp%2Fv2%2Ftags&post=591"}],"curies":[{"name":"wp","href":"https:\/\/api.w.org\/{rel}","templated":true}]}}