{"id":593,"date":"2013-03-23T10:30:06","date_gmt":"2013-03-23T10:30:06","guid":{"rendered":""},"modified":"-0001-11-30T00:00:00","modified_gmt":"-0001-11-29T22:00:00","slug":"","status":"publish","type":"post","link":"http:\/\/www.chapelle-crecy.com\/?p=593","title":{"rendered":"Annonces de la semaine du 25 au 31 mars 2013"},"content":{"rendered":"<table bgcolor =\"F0FAFF\" border=0>\n<tbody>\n<tr>\n<td>\n<div align=\"justify\">\n<div \"530\">Voici les annonces de la semaine du lundi 25 au 31 mars 2013 pour la paroisse des 3 clochers Cr\u00e9cy-la-Chapelle, Villiers-sur-Morin, Voulangis.<br \/>Jeudi 28 \u00e0\u00a0 20h : Sainte c\u00e8ne \u00e0\u00a0 Cr\u00e9cy, Vendredi  29 : Chemin de Croix et c\u00e9l\u00e9bration de la Passion, Samedi 30 \u00e0\u00a0 21 h : Veill\u00e9e pascale \u00e0\u00a0 Cr\u00e9cy, Dimanche 31 \u00e0\u00a0 10 h 30, messe de P\u00e2ques \u00e0\u00a0 Villiers &#8211; Tous les d\u00e9tails dans la suite &#8230;<\/div>\n<\/div>\n<\/td>\n<\/tr>\n<\/tbody>\n<\/table>\n<table bgcolor =\"F0F6FF\" border=0>\n<tbody>\n<tr>\n<td width=\"25%\"><font color=\"00CC00\">Lundi 25 mars<\/font><\/td>\n<td><font color=\"00CC00\"><\/p>\n<div align=\"center\"><img decoding=\"async\" src=\"\/IMG\/jpg\/MR_Crecy.jpg\" width=150><\/div>\n<p><\/font><\/td>\n<td><font color=\"00CC00\">17 h &#8211; Messe \u00e0 la Maison de Retraite pour   Jean-Louis LEROY.<\/font><\/td>\n<\/tr>\n<tr>\n<td><font color=\"802020\">Mardi 26 mars<font><\/td>\n<td><font color=\"802020\">9 h &#8211; Messe \u00e0 Cr\u00e9cy pour Alexandre LEBEL et Paulette CLERC.<font><\/td>\n<td><font color=\"802020\"> 20 h30  Veill\u00e9e p\u00e9nitentielle \u00e0 l&rsquo;\u00e9glise de Cr\u00e9cy.<\/font><\/td>\n<\/tr>\n<tr>\n<td><font color=\"0020FF\">Mercredi 27 mars<font><\/td>\n<td><font color=\"0020FF\">20 h  Messe Chrismale \u00e0 la cath\u00e9drale de Meaux.<\/font><\/td>\n<td><font color=\"0020FF\"><\/p>\n<div align=\"center\"><img decoding=\"async\" src=\"\/IMG\/jpg\/vendredi3.jpg\" width=150><\/div>\n<p><font><\/td>\n<\/tr>\n<tr>\n<td><font color=\"00CC00\">Jeudi 28 mars<\/font><\/td>\n<td><font color=\"00CC00\"><\/p>\n<div align=\"center\"><img decoding=\"async\" src=\"\/IMG\/jpg\/DSC04263.jpg\" width=\"150\"><\/div>\n<p><font><\/td>\n<td><font color=\"00CC00\">20 h  Sainte C\u00e8ne \u00e0 l&rsquo;\u00e9glise St Georges de Cr\u00e9cy.<font><\/td>\n<\/tr>\n<tr>\n<td><font color=\"802020\">Vendredi 29 mars<\/font><\/td>\n<td><font color=\"802020\">11 h &#8211; Chemin de Croix \u00e0 Voulangis<br \/>\n15 h &#8211; Chemin de Croix \u00e0 Villiers<br \/>\n17 h  Chemin de Croix \u00e0 Cr\u00e9cy<font><\/td>\n<td><font color=\"802020\">20 h 30 &#8211; C\u00e9l\u00e9bration de la Passion \u00e0 Cr\u00e9cy<font><\/td>\n<\/tr>\n<tr>\n<td><font color=\"0020FF\">Samedi 30 mars<\/font><\/td>\n<td><font color=\"0020FF\">21 h &#8211;  VIGILE de Paques \u00e0 Cr\u00e9cy.<br \/>\nBapt\u00eame de Marion GUILLEMIN d&rsquo;ECHON<font><\/td>\n<td><font color=\"0020FF\"><\/p>\n<div align=\"center\"><img decoding=\"async\" src=\"\/IMG\/jpg\/feu_pascal.jpg\"  width=150>\n<\/div>\n<p><\/font><\/td>\n<\/tr>\n<tr>\n<td><font color=\"00CC00\">Dimanche 31 mars<br \/><\/font><\/td>\n<td><font color=\"00CC00\"><\/p>\n<div align=\"center\"><img decoding=\"async\" src=\"\/IMG\/lieux\/villiers_eglise2.jpg\"  width=150>\n<\/div>\n<p><\/font><\/td>\n<td><font color=\"00CC00\">10 h 30   MESSE DE PAQUES \u00e0 Villiers<br \/>\nNous aurons une intention de pri\u00e8re particuli\u00e8re pour Pierre et Gaby BEAUMONT, et pour Florian d&rsquo;AVEZAC qui fera ce jour sa Premi\u00e8re Communion.<br \/>\n<\/font><\/td>\n<\/tr>\n<\/tbody>\n<\/table>\n","protected":false},"excerpt":{"rendered":"<p>Voici les annonces de la semaine du lundi 25 au 31 mars 2013 pour la paroisse des 3 clochers Cr\u00e9cy-la-Chapelle, Villiers-sur-Morin, Voulangis.Jeudi 28 \u00e0\u00a0 20h : Sainte c\u00e8ne \u00e0\u00a0 Cr\u00e9cy, Vendredi 29 : Chemin&#46;&#46;&#46;<\/p>\n","protected":false},"author":2,"featured_media":0,"comment_status":"open","ping_status":"open","sticky":false,"template":"","format":"standard","meta":{"footnotes":""},"categories":[],"tags":[],"class_list":["post-593","post","type-post","status-publish","format-standard","hentry"],"_links":{"self":[{"href":"http:\/\/www.chapelle-crecy.com\/index.php?rest_route=\/wp\/v2\/posts\/593","targetHints":{"allow":["GET"]}}],"collection":[{"href":"http:\/\/www.chapelle-crecy.com\/index.php?rest_route=\/wp\/v2\/posts"}],"about":[{"href":"http:\/\/www.chapelle-crecy.com\/index.php?rest_route=\/wp\/v2\/types\/post"}],"author":[{"embeddable":true,"href":"http:\/\/www.chapelle-crecy.com\/index.php?rest_route=\/wp\/v2\/users\/2"}],"replies":[{"embeddable":true,"href":"http:\/\/www.chapelle-crecy.com\/index.php?rest_route=%2Fwp%2Fv2%2Fcomments&post=593"}],"version-history":[{"count":0,"href":"http:\/\/www.chapelle-crecy.com\/index.php?rest_route=\/wp\/v2\/posts\/593\/revisions"}],"wp:attachment":[{"href":"http:\/\/www.chapelle-crecy.com\/index.php?rest_route=%2Fwp%2Fv2%2Fmedia&parent=593"}],"wp:term":[{"taxonomy":"category","embeddable":true,"href":"http:\/\/www.chapelle-crecy.com\/index.php?rest_route=%2Fwp%2Fv2%2Fcategories&post=593"},{"taxonomy":"post_tag","embeddable":true,"href":"http:\/\/www.chapelle-crecy.com\/index.php?rest_route=%2Fwp%2Fv2%2Ftags&post=593"}],"curies":[{"name":"wp","href":"https:\/\/api.w.org\/{rel}","templated":true}]}}