{"id":596,"date":"2013-04-13T08:18:57","date_gmt":"2013-04-13T08:18:57","guid":{"rendered":""},"modified":"-0001-11-30T00:00:00","modified_gmt":"-0001-11-29T22:00:00","slug":"","status":"publish","type":"post","link":"http:\/\/www.chapelle-crecy.com\/?p=596","title":{"rendered":"Concert Soprano t\u00e9nor choeur et orgue \u00e0\u00a0 l&rsquo;\u00e9glise de Quincy"},"content":{"rendered":"<div align=\"justify\"> Ce soir, samedi 13 avril \u00e0\u00a0 20h30 en l&rsquo;\u00e9glise de Quincy-Voisins, l&rsquo;Ensemble Vocal Angu\u00e9los sous la direction de Val\u00e9ry Aubertin vous convie \u00e0\u00a0 un concert exceptionnel. Les oeuvres de Bach, Mozart, Mendelssohn, Bruckner, Picazos seront interpr\u00e9t\u00e9es par:<br \/>\nCorinne Gu\u00e9rin, soprano solo<br \/>\nRapha\u00f6l Picazos, t\u00e9nor solo<br \/>\nCatherine Lehnert-Tankovic et Val\u00e9ry Aubertin, orgue<br \/>\nEntr\u00e9e:<br \/>\nTarif plein : 13  \u201a\u00ac &#8211; Tarif adh\u00e9rent, \u00e9tudiant : 11  \u201a\u00ac<br \/>\nGratuit : moins de 15 ans, personne handicap\u00e9e et demandeur d&#8217;emploi (sur justificatif)<\/div>\n<p><img1222|center><\/p>\n","protected":false},"excerpt":{"rendered":"<p>Ce soir, samedi 13 avril \u00e0\u00a0 20h30 en l&rsquo;\u00e9glise de Quincy-Voisins, l&rsquo;Ensemble Vocal Angu\u00e9los sous la direction de Val\u00e9ry Aubertin vous convie \u00e0\u00a0 un concert exceptionnel. Les oeuvres de Bach, Mozart, Mendelssohn, Bruckner, Picazos&#46;&#46;&#46;<\/p>\n","protected":false},"author":2,"featured_media":0,"comment_status":"open","ping_status":"open","sticky":false,"template":"","format":"standard","meta":{"footnotes":""},"categories":[],"tags":[],"class_list":["post-596","post","type-post","status-publish","format-standard","hentry"],"_links":{"self":[{"href":"http:\/\/www.chapelle-crecy.com\/index.php?rest_route=\/wp\/v2\/posts\/596","targetHints":{"allow":["GET"]}}],"collection":[{"href":"http:\/\/www.chapelle-crecy.com\/index.php?rest_route=\/wp\/v2\/posts"}],"about":[{"href":"http:\/\/www.chapelle-crecy.com\/index.php?rest_route=\/wp\/v2\/types\/post"}],"author":[{"embeddable":true,"href":"http:\/\/www.chapelle-crecy.com\/index.php?rest_route=\/wp\/v2\/users\/2"}],"replies":[{"embeddable":true,"href":"http:\/\/www.chapelle-crecy.com\/index.php?rest_route=%2Fwp%2Fv2%2Fcomments&post=596"}],"version-history":[{"count":0,"href":"http:\/\/www.chapelle-crecy.com\/index.php?rest_route=\/wp\/v2\/posts\/596\/revisions"}],"wp:attachment":[{"href":"http:\/\/www.chapelle-crecy.com\/index.php?rest_route=%2Fwp%2Fv2%2Fmedia&parent=596"}],"wp:term":[{"taxonomy":"category","embeddable":true,"href":"http:\/\/www.chapelle-crecy.com\/index.php?rest_route=%2Fwp%2Fv2%2Fcategories&post=596"},{"taxonomy":"post_tag","embeddable":true,"href":"http:\/\/www.chapelle-crecy.com\/index.php?rest_route=%2Fwp%2Fv2%2Ftags&post=596"}],"curies":[{"name":"wp","href":"https:\/\/api.w.org\/{rel}","templated":true}]}}