{"id":604,"date":"2013-05-30T23:34:50","date_gmt":"2013-05-30T23:34:50","guid":{"rendered":""},"modified":"-0001-11-30T00:00:00","modified_gmt":"-0001-11-29T22:00:00","slug":"","status":"publish","type":"post","link":"http:\/\/www.chapelle-crecy.com\/?p=604","title":{"rendered":"L&rsquo;album-photo de la Profession de foi 2013 \u00e0\u00a0 la Coll\u00e9giale de Cr\u00e9cy"},"content":{"rendered":"<div align=\"justify\">A la demande du P\u00e8re Aim\u00e9 en d\u00e9but de c\u00e9r\u00e9monie de la Profession de Foi, le 19 mai dernier, pour que cette messe garde tout son caract\u00e8re solennel, il \u00e9tait convenu que la prise de photo fut prohib\u00e9e. Mais pour que les familles puissent garder un souvenir imp\u00e9rissable de leur jeune communiant, Thierry, d\u00e9sign\u00e9 photographe officiel pour la circonstance, a eu l&rsquo;autorisation de prendre discr\u00e8tement pour vous, ces quelques photos. Vous trouverez dans la suite de cet article, l&rsquo;album-souvenir r\u00e9alis\u00e9 par Thierry, ainsi que ce tr\u00e8s bel edito:<br \/>\n<span style=\"color:red\">Une messe de vive foi !<br \/>\nDimanche 19 mai a eu  lieu, \u00e0\u00a0 la Coll\u00e9giale de Cr\u00e9cy, la messe de Profession de Foi pour 17 enfants du secteur. Un point d&rsquo;orgue qui \u00ab termine \u00bb un parcours de cat\u00e9ch\u00e8se de 4 ans. Mais cela ne constitue nullement une fin en foi. En effet, tout commence maintenant pour ses enfants &#8230;<\/span><\/div>\n<div align=\"justify\">un beau chemin d&rsquo;approfondissement de leur foi s&rsquo;ouvre \u00e0 eux, apr\u00e8s avoir re\u00e7u tant de richesses de la part de leurs diff\u00e9rents cat\u00e9chistes, ann\u00e9e apr\u00e8s ann\u00e9e, sous le regard de J\u00e9sus. Alors pourquoi voit-on parfois ces enfants ne plus poursuivre la rencontre avec le Seigneur, dimanche apr\u00e8s dimanche et en int\u00e9grant des mouvements sp\u00e9cialement adapt\u00e9s pour les pr\u00e9-ados et ados.  Comprendrait-on l&rsquo;attitude d&rsquo;un \u00e9tudiant en m\u00e9decine qui, le dipl\u00f4me en poche apr\u00e8s un long et difficile cursus universitaire, abandonnerait, d\u00e8s les premiers pas sur ce beau chemin professionnel, sa vocation de soigner ? Alors pourquoi ne pas continuer \u00e0 soigner sa foi, d\u00e8s le lendemain de sa profession de foi, en rejoignant d&rsquo;autres jeunes du secteur qui vivent d\u00e9j\u00e0 cette joie de se rassembler, au sein du scoutisme, de l&rsquo;aum\u00f4nerie ou du M.E.J (Mouvement Eucharistique des Jeunes) ?<br \/>\n Tout le contenu de l&rsquo;hom\u00e9lie du p\u00e8re Aim\u00e9, qui pr\u00e9sidait la messe, c\u00e9l\u00e9brait cette joie de continuer la poursuite de la rencontre avec notre Seigneur. En \u00e9voquant avec humour la soir\u00e9e t\u00e9l\u00e9visuelle de la veille, o\u00f9 des chanteurs concouraient pour \u00eatre la plus belle Voix, le p\u00e8re Aim\u00e9 invitaient les 17 enfants \u00e0 concourir maintenant  \u00e0 vivre de la plus belle Foi \u00e2\u20ac\u00a6 En ce dimanche de Pentec\u00f4te, victoire des dons du Saint-Esprit, cet envoi en mission pour ces enfants \u00e9tait appropri\u00e9, afin de ne pas \u00e9teindre le souffle de l&rsquo;Esprit qui nous communique l&rsquo;\u00eatre et la vie du Christ. Comme l&rsquo;Evangile du jour selon saint Jean le proclamait au tout d\u00e9but &#8211; A l&rsquo;heure o\u00f9 J\u00e9sus passait de ce monde \u00e0 son P\u00e8re, il disait \u00e0 ses disciples : \u00ab Si vous m&rsquo;aimez, vous resterez  fid\u00e8les \u00e0 mes commandements \u00bb -, que ces 17 enfants t\u00e9moignent de leur fid\u00e9lit\u00e9 \u00e0  J\u00e9sus en le suivant.<br \/>\n Thierry Briane<\/p>\n<p> Pour revivre les temps forts de cette belle messe d&rsquo;Action de Gr\u00e2ces, cliquez sur le lien ci-dessous. Et si par cas, lors du d\u00e9filement du diaporama, une ou plusieurs photos vous plaisent, n&rsquo;h\u00e9sitez pas \u00e0 t\u00e9l\u00e9phoner au  06 52 28 28 02 ou \u00e9crire \u00e0 jlahaille25@gmail.com pour les commander:  <\/p>\n<div align=\"center\">[https:\/\/ProfessionDeFoiCollegialeMai2013->https:\/\/picasaweb.google.com\/100406574844511086142\/ProfessionDeFoiCollegialeMai2013?authkey=Gv1sRgCKqwn97ywKmxoAE&#038;feat=email#5883511676417026466]\n <\/div>\n<\/div>\n","protected":false},"excerpt":{"rendered":"<p>A la demande du P\u00e8re Aim\u00e9 en d\u00e9but de c\u00e9r\u00e9monie de la Profession de Foi, le 19 mai dernier, pour que cette messe garde tout son caract\u00e8re solennel, il \u00e9tait convenu que la prise&#46;&#46;&#46;<\/p>\n","protected":false},"author":2,"featured_media":0,"comment_status":"open","ping_status":"open","sticky":false,"template":"","format":"standard","meta":{"footnotes":""},"categories":[],"tags":[],"class_list":["post-604","post","type-post","status-publish","format-standard","hentry"],"_links":{"self":[{"href":"http:\/\/www.chapelle-crecy.com\/index.php?rest_route=\/wp\/v2\/posts\/604","targetHints":{"allow":["GET"]}}],"collection":[{"href":"http:\/\/www.chapelle-crecy.com\/index.php?rest_route=\/wp\/v2\/posts"}],"about":[{"href":"http:\/\/www.chapelle-crecy.com\/index.php?rest_route=\/wp\/v2\/types\/post"}],"author":[{"embeddable":true,"href":"http:\/\/www.chapelle-crecy.com\/index.php?rest_route=\/wp\/v2\/users\/2"}],"replies":[{"embeddable":true,"href":"http:\/\/www.chapelle-crecy.com\/index.php?rest_route=%2Fwp%2Fv2%2Fcomments&post=604"}],"version-history":[{"count":0,"href":"http:\/\/www.chapelle-crecy.com\/index.php?rest_route=\/wp\/v2\/posts\/604\/revisions"}],"wp:attachment":[{"href":"http:\/\/www.chapelle-crecy.com\/index.php?rest_route=%2Fwp%2Fv2%2Fmedia&parent=604"}],"wp:term":[{"taxonomy":"category","embeddable":true,"href":"http:\/\/www.chapelle-crecy.com\/index.php?rest_route=%2Fwp%2Fv2%2Fcategories&post=604"},{"taxonomy":"post_tag","embeddable":true,"href":"http:\/\/www.chapelle-crecy.com\/index.php?rest_route=%2Fwp%2Fv2%2Ftags&post=604"}],"curies":[{"name":"wp","href":"https:\/\/api.w.org\/{rel}","templated":true}]}}