{"id":605,"date":"2013-06-07T09:28:00","date_gmt":"2013-06-07T09:28:00","guid":{"rendered":""},"modified":"-0001-11-30T00:00:00","modified_gmt":"-0001-11-29T22:00:00","slug":"","status":"publish","type":"post","link":"http:\/\/www.chapelle-crecy.com\/?p=605","title":{"rendered":"Concert de la Ma\u00eetrise Sainte Marie de Meaux \u00e0\u00a0 la Coll\u00e9giale de Cr\u00e9cy du 9 juin 2013"},"content":{"rendered":"<div align=\"justify\">La Ma\u00eetrise Sainte Marie de Meaux donnera un concert en la Coll\u00e9giale de Cr\u00e9cy la Chapelle, le dimanche 9 juin \u00e0\u00a0 16h. Ce sera la premi\u00e8re fois que la magnifique coll\u00e9giale du XIII \u00e8me si\u00e8cle, restaur\u00e9e il y a quelques ann\u00e9es, accueillera, pour un concert exceptionnel, les Petits Chanteurs de la Ma\u00eetrise, accompagn\u00e9s d&rsquo;un orchestre de chambre. Venez nombreux \u00e9couter ces magnifiques voix r\u00e9sonner sous les vo\u00fbtes c\u00e9lestes de Notre Dame de l&rsquo;Assomption, pour notre plus grand bonheur !<\/p>\n<div align=\"center\"><img decoding=\"async\" src=\"\/IMG\/jpg\/Affiche-CM.jpg\n\" width=200><\/div>\n<\/div>\n<div align=\"justify\">\n <span style=\"color:green\">La ma \u00eetrise Sainte Marie de Meaux a \u00e9t\u00e9 cr\u00e9\u00e9e en 2005, sous l&rsquo;impulsion de Mgr de Monl\u00e9on, \u00e9v\u00eaque du dioc\u00e8se de Meaux, et de Mr No\u00ebl Dubus, alors directeur de l&rsquo;\u00e9tablissement Ste Marie, et lui-m\u00eame ancien Petit Chanteur.<\/span><\/p>\n<div align=\"center\"><img decoding=\"async\" src=\"\/IMG\/jpg\/logo-CM.jpg\n\" width=200><\/div>\n<p> <span style=\"color:green\">La ma \u00eetrise Ste Marie a  une double dimension. Elle participe au service liturgique de certaines grandes c\u00e9l\u00e9brations de la Cath\u00e9drale et du dioc\u00e8se, d&rsquo;une part, et offre par l\u00e0 une dimension spirituelle, illustrant ce que disait St Augustin : \u00ab Bien chanter, c&rsquo;est prier deux fois \u00bb. D&rsquo;autre part, en cultivant, chez chaque \u00e9l\u00e8ve, l&rsquo;art du beau et le go\u00fbt de la d\u00e9couverte, dans une ambiance de partage avec les autres, la ma \u00eetrise pr\u00e9sente une dimension \u00e9ducative, artistique et culturelle.<\/span><\/p>\n<div align=\"center\"><img decoding=\"async\" src=\"\/IMG\/jpg\/Affiche-CM.jpg\n\" width=400><\/div>\n<p> <span style=\"color:green\">La ma \u00eetrise St Marie de Meaux est constitu\u00e9e d&rsquo;une cinquantaine d&rsquo;\u00e9l\u00e8ves, coll\u00e9giens et lyc\u00e9ens, motiv\u00e9s et dynamiques, b\u00e9n\u00e9ficiant d&rsquo;horaires am\u00e9nag\u00e9s, o\u00f9 ils apprennent le solf\u00e8ge, travaillent leurs voix, et chantent ensemble. Bien plus qu&rsquo;une simple chorale, elle recherche un tr\u00e8s haut niveau d&rsquo;excellence.<\/span><\/p>\n<div align=\"center\"><img decoding=\"async\" src=\"\/IMG\/jpg\/CM.jpg\n\" width=400><\/div>\n<p> <span style=\"color:green\">Un r\u00e9pertoire tr\u00e8s diversifi\u00e9 a \u00e9t\u00e9 abord\u00e9 dans ce cadre, sous la direction de Mr Pierre Isabellon, chef de choeur : Chants gr\u00e9goriens, motets, musique sacr\u00e9e, messes de minuit, No\u00ebls, chants traditionnels, folklore international, gospels.<\/span><\/p>\n<p> <span style=\"color:green\">Elle est affili\u00e9e \u00e0 la grande famille des Petits Chanteurs (Pueri Cantores). Elle re\u00e7oit le soutien de la Communaut\u00e9 d&rsquo;Agglom\u00e9ration du Pays de Meaux.<\/span><\/p>\n<div align=\"center\"><img decoding=\"async\" src=\"\/IMG\/jpg\/PDM.jpg\n\" width=200><\/div>\n<p> Contacts Presse :<br \/>\n Pierre Isabellon : <span style=\"color:orange\">06 85 63 91 31<\/span> ou <span style=\"color:blue\">pierre.isabellon@gmail.com<\/span><br \/>\n Isabelle Brodar : <span style=\"color:orange\">06 48 29 74 03<\/span> ou <span style=\"color:blue\">ibrodar@yahoo.fr<\/span><br \/>\n e-mail:  <span style=\"color:blue\">maitrise.ste-marie@ecm-meaux.fr<\/span> ; <\/p>\n<p> Pour plus d&rsquo;informations, visitez les sites suivants:<br \/>\n [http:\/\/www.collegesaintemarie-meaux.fr\/chorale.php->http:\/\/www.collegesaintemarie-meaux.fr\/chorale.php]<br \/>\n [http:\/\/www.petits-chanteurs.com\/index.php\/ile-de-france\/139-chorale-maitrisienne-sainte-marie-de-meaux<br \/>\n->http:\/\/www.petits-chanteurs.com\/index.php\/ile-de-france\/139-chorale-maitrisienne-sainte-marie-de-meaux]\n<\/p><\/div>\n","protected":false},"excerpt":{"rendered":"<p>La Ma\u00eetrise Sainte Marie de Meaux donnera un concert en la Coll\u00e9giale de Cr\u00e9cy la Chapelle, le dimanche 9 juin \u00e0\u00a0 16h. Ce sera la premi\u00e8re fois que la magnifique coll\u00e9giale du XIII \u00e8me&#46;&#46;&#46;<\/p>\n","protected":false},"author":2,"featured_media":0,"comment_status":"open","ping_status":"open","sticky":false,"template":"","format":"standard","meta":{"footnotes":""},"categories":[],"tags":[],"class_list":["post-605","post","type-post","status-publish","format-standard","hentry"],"_links":{"self":[{"href":"http:\/\/www.chapelle-crecy.com\/index.php?rest_route=\/wp\/v2\/posts\/605","targetHints":{"allow":["GET"]}}],"collection":[{"href":"http:\/\/www.chapelle-crecy.com\/index.php?rest_route=\/wp\/v2\/posts"}],"about":[{"href":"http:\/\/www.chapelle-crecy.com\/index.php?rest_route=\/wp\/v2\/types\/post"}],"author":[{"embeddable":true,"href":"http:\/\/www.chapelle-crecy.com\/index.php?rest_route=\/wp\/v2\/users\/2"}],"replies":[{"embeddable":true,"href":"http:\/\/www.chapelle-crecy.com\/index.php?rest_route=%2Fwp%2Fv2%2Fcomments&post=605"}],"version-history":[{"count":0,"href":"http:\/\/www.chapelle-crecy.com\/index.php?rest_route=\/wp\/v2\/posts\/605\/revisions"}],"wp:attachment":[{"href":"http:\/\/www.chapelle-crecy.com\/index.php?rest_route=%2Fwp%2Fv2%2Fmedia&parent=605"}],"wp:term":[{"taxonomy":"category","embeddable":true,"href":"http:\/\/www.chapelle-crecy.com\/index.php?rest_route=%2Fwp%2Fv2%2Fcategories&post=605"},{"taxonomy":"post_tag","embeddable":true,"href":"http:\/\/www.chapelle-crecy.com\/index.php?rest_route=%2Fwp%2Fv2%2Ftags&post=605"}],"curies":[{"name":"wp","href":"https:\/\/api.w.org\/{rel}","templated":true}]}}