{"id":606,"date":"2013-06-01T21:29:21","date_gmt":"2013-06-01T21:29:21","guid":{"rendered":""},"modified":"-0001-11-30T00:00:00","modified_gmt":"-0001-11-29T22:00:00","slug":"","status":"publish","type":"post","link":"http:\/\/www.chapelle-crecy.com\/?p=606","title":{"rendered":"Annonces de la semaine du 3 au 9 juin 2013"},"content":{"rendered":"<table bgcolor =\"F0FAFF\" border=0>\n<tbody>\n<tr>\n<td>\n<div align=\"justify\">\n<div \"543\">Voici les annonces de la semaine du lundi 3 au dimanche 9 juin 2013 pour la paroisse des 3 clochers Cr\u00e9cy-la-Chapelle, Villiers-sur-Morin, Voulangis. <br \/>\nSamedi 8 \u00e0\u00a0 18 h 30 : messe \u00e0\u00a0 Voulangis, Dimanche 9 \u00e0\u00a0 10 h 30, messe \u00e0\u00a0 l&rsquo;\u00e9glise St Georges de Cr\u00e9cy. Tous les d\u00e9tails dans la suite &#8230;<\/div>\n<\/div>\n<\/td>\n<\/tr>\n<\/tbody>\n<\/table>\n<table bgcolor =\"F0F6FF\" border=0>\n<tbody>\n<tr>\n<td width=\"25%\"><font color=\"00CC00\">Lundi 3 juin<\/font><\/td>\n<td><font color=\"00CC00\">14 h 30  R\u00e9union de l&rsquo;Equipe du Rosaire chez Mme LOUIS.<br \/>\n17 h &#8211; Messe \u00e0 la Maison de Retraite pour la famille DE ABREU.<br \/>\n<\/font><\/td>\n<td><font color=\"00CC00\">20 h 30 &#8211; Heure d&rsquo;Adoration \u00e0 la Chapelle de la Vierge, \u00e0 Cr\u00e9cy<br \/>\n20 h 30 &#8211; R\u00e9union de l&rsquo;EAP avec les acteurs de la Cat\u00e9ch\u00e8se.<\/font><\/td>\n<\/tr>\n<\/tr>\n<tr>\n<td width=\"25%\"><font color=\"802020\">Mardi 4 juin<\/font><\/td>\n<td><font color=\"802020\"><\/p>\n<div align=\"center\"><img decoding=\"async\" src=\"\/IMG\/gif\/bibles004.gif\" ><\/div>\n<p><\/font><\/td>\n<td><font color=\"802020\">18 h &#8211; Messe \u00e0 Cr\u00e9cy pour Odette CAROUGE et Roger LABARRE.<\/font><\/td>\n<\/tr>\n<tr>\n<td><font color=\"00CC00\">Jeudi 6 juin<\/font><\/td>\n<td><font color=\"00CC00\">18  h  Messe \u00e0 Cr\u00e9cy pour la famille THION-MUNIER et L\u00e9one RAPHAEL.<font><\/td>\n<td><font color=\"00CC00\"><\/p>\n<div align=\"center\"><img decoding=\"async\" src=\"\/IMG\/jpg\/DSC04263.jpg\" width=\"150\"><\/div>\n<p><font><\/td>\n<\/tr>\n<tr>\n<td><font color=\"802020\">Vendredi 7 juin<\/font><\/td>\n<td><font color=\"802020\">9 h &#8211; Solennit\u00e9 du SACRE C\u00c5\u2019UR DE JESUS.<br \/>\nMesse \u00e0 Cr\u00e9cy pour Ren\u00e9e THIEBAULT et Claudine AVANZINI.<br \/>\n9  h 30  Heure d&rsquo;Adoration \u00e0 la Chapelle de la Vierge.<br \/>\n<font><\/td>\n<td><font color=\"802020\">19 h 30  R\u00e9union de Pr\u00e9paration au Mariage \u00e0 la salle paroissiale.<font><\/td>\n<\/tr>\n<tr>\n<td><font color=\"0020FF\">Samedi 8 juin<\/font><\/td>\n<td><font color=\"0020FF\">de 10 h30 \u00e0 12 h  R\u00e9union de l&rsquo;Equipe \u00ab Jeunes T\u00e9moins \u00bb du MEJ.<\/font><\/td>\n<td><font color=\"0020FF\">16 h &#8211;  Mariage \u00e0 la Coll\u00e9giale d&rsquo;Alain VENANT et Claire DENIS.<br \/>\n18 h 30 &#8211; Messe \u00e0 Voulangis pour Maryvonne MATHONNET et Miguel RIBERO DOS SANTOS.<font><\/td>\n<\/tr>\n<tr>\n<td><font color=\"00CC00\">Dimanche 9 juin<\/font><\/td>\n<td><font color=\"00CC00\"><\/p>\n<div align=\"center\"><img decoding=\"async\" src=\"\/IMG\/lieux\/stgeorges06.jpg\"  width=150>\n<\/div>\n<p><\/font><\/td>\n<td><font color=\"00CC00\">10 h 30 &#8211; Messe \u00e0 Cr\u00e9cy  pour Andr\u00e9e PHILIPPE et Thibaud CHRETIEN. Nous c\u00e9l\u00e8brerons \u00e9galement le Bapt\u00eame de Molly CABEZAS  et Marie BOINOT.<br \/>\n 16 h &#8211;  Concert de la Maitrise de Meaux \u00e0 la Coll\u00e9giale (voir article)<\/font><\/td>\n<p>\n<\/tr>\n<\/tbody>\n<\/table>\n","protected":false},"excerpt":{"rendered":"<p>Voici les annonces de la semaine du lundi 3 au dimanche 9 juin 2013 pour la paroisse des 3 clochers Cr\u00e9cy-la-Chapelle, Villiers-sur-Morin, Voulangis. Samedi 8 \u00e0\u00a0 18 h 30 : messe \u00e0\u00a0 Voulangis, Dimanche&#46;&#46;&#46;<\/p>\n","protected":false},"author":2,"featured_media":0,"comment_status":"open","ping_status":"open","sticky":false,"template":"","format":"standard","meta":{"footnotes":""},"categories":[],"tags":[],"class_list":["post-606","post","type-post","status-publish","format-standard","hentry"],"_links":{"self":[{"href":"http:\/\/www.chapelle-crecy.com\/index.php?rest_route=\/wp\/v2\/posts\/606","targetHints":{"allow":["GET"]}}],"collection":[{"href":"http:\/\/www.chapelle-crecy.com\/index.php?rest_route=\/wp\/v2\/posts"}],"about":[{"href":"http:\/\/www.chapelle-crecy.com\/index.php?rest_route=\/wp\/v2\/types\/post"}],"author":[{"embeddable":true,"href":"http:\/\/www.chapelle-crecy.com\/index.php?rest_route=\/wp\/v2\/users\/2"}],"replies":[{"embeddable":true,"href":"http:\/\/www.chapelle-crecy.com\/index.php?rest_route=%2Fwp%2Fv2%2Fcomments&post=606"}],"version-history":[{"count":0,"href":"http:\/\/www.chapelle-crecy.com\/index.php?rest_route=\/wp\/v2\/posts\/606\/revisions"}],"wp:attachment":[{"href":"http:\/\/www.chapelle-crecy.com\/index.php?rest_route=%2Fwp%2Fv2%2Fmedia&parent=606"}],"wp:term":[{"taxonomy":"category","embeddable":true,"href":"http:\/\/www.chapelle-crecy.com\/index.php?rest_route=%2Fwp%2Fv2%2Fcategories&post=606"},{"taxonomy":"post_tag","embeddable":true,"href":"http:\/\/www.chapelle-crecy.com\/index.php?rest_route=%2Fwp%2Fv2%2Ftags&post=606"}],"curies":[{"name":"wp","href":"https:\/\/api.w.org\/{rel}","templated":true}]}}